{"id":80627,"date":"2025-04-01T10:27:54","date_gmt":"2025-04-01T13:27:54","guid":{"rendered":"https:\/\/noticiasbahia360.com.br\/?p=80627"},"modified":"2025-04-01T10:27:54","modified_gmt":"2025-04-01T13:27:54","slug":"velorio-coletivo-marca-a-despedida-de-10-vitimas-da-batida-entre-van-e-carreta","status":"publish","type":"post","link":"https:\/\/noticiasbahia360.com.br\/?p=80627","title":{"rendered":"Vel\u00f3rio coletivo marca a despedida de 10 v\u00edtimas da batida entre van e carreta"},"content":{"rendered":"<div>\n<div>\n<figure><img decoding=\"async\" src=\"http:\/\/noticiasbahia360.com.br\/wp-content\/uploads\/2025\/04\/velorio-coletivo-vitimas-de-acidente-.jpg\" alt=\"vel\u00f3rio coletivo v\u00edtimas de acidente\"><figcaption>Foto: Reprodu\u00e7\u00e3o\/TV Suba\u00e9<\/figcaption><\/figure>\n<\/div>\n<p>Dez das 11 v\u00edtimas do acidente ocorrido na noite de domingo (30), na BR-242, em trecho de Boa Vista do Tupim, na regi\u00e3o da Chapada Diamantina, come\u00e7aram a ser velados sob forte como\u00e7\u00e3o, no munic\u00edpio de Ruy Barbosa, distante cerca de 40 km do munic\u00edpio.<\/p>\n<p>De acordo com informa\u00e7\u00f5es do portal g1, o vel\u00f3rio coletivo, que acontece no Gin\u00e1sio de Esportes de Ruy Barbosa, estava programado para acontecer \u00e0s 9h desta ter\u00e7a-feira (1\u00b0). No entanto, por causa das condi\u00e7\u00f5es de alguns corpos, a despedida foi antecipada para a noite de segunda-feira (31). Os sepultamentos ser\u00e3o realizados no Cemit\u00e9rio Municipal Bosque da Paz.<\/p>\n<p>As v\u00edtimas da batida entre van e carreta , a maioria da mesma fam\u00edlia, passaram o fim de semana em um s\u00edtio, na cidade de Boa Vista do Tupim, tamb\u00e9m na Chapada Diamantina, e retornavam para Ruy Barbosa, onde moravam. Por causa do acidente, a Prefeitura de Ruy Barbosa decretou tr\u00eas dias de luto.<\/p>\n<p><strong>Leia tamb\u00e9m<\/strong><\/p>\n<p><a href=\"https:\/\/www.acordacidade.com.br\/bahia\/colisao-entre-van-e-carreta-mata-10-da-mesma-familia-na-chapada-diamantina\/\"><strong>11 pessoas morrem em acidente entre van e carreta na Bahia<\/strong><\/a><\/p>\n<p><a href=\"https:\/\/www.acordacidade.com.br\/bahia\/saiba-quem-eram-as-11-vitimas-do-acidente-na-br-242-velorio-coletivo-sera-em-ruy-barbosa\/\"><strong>Saiba quem eram as 11 v\u00edtimas do acidente na BR-242; vel\u00f3rio coletivo ser\u00e1 em Ruy Barbosa<\/strong><\/a><\/p>\n<p><em>Siga o Acorda Cidade no<\/em><a href=\"https:\/\/news.google.com\/search?q=acorda%20cidade&amp;hl=pt-BR&amp;gl=BR&amp;ceid=BR%3Apt-419\"><strong><em>\u00a0Google Not\u00edcias<\/em><\/strong><\/a><em>\u00a0e receba os principais destaques do dia. Participe tamb\u00e9m dos nossos canais no\u00a0<\/em><a href=\"https:\/\/whatsapp.com\/channel\/0029Va6Rb4v3WHTNnsh8WI3N\"><strong><em>WhatsApp<\/em><\/strong><\/a><em>\u00a0e\u00a0<\/em><a href=\"https:\/\/www.youtube.com\/@acordacidadenoticias\/videos\"><strong>Youtube<\/strong><\/a><em>\u00a0e grupo de\u00a0<\/em><a href=\"https:\/\/t.me\/+sSz0khrgARA0ZmRh\"><strong><em>Telegram<\/em><\/strong><\/a><em>.<\/em><\/p>\n<\/div>\n","protected":false},"excerpt":{"rendered":"<div>\n<div>\n<figure><img decoding=\"async\" src=\"https:\/\/uploads.acordacidade.com.br\/2025\/04\/velorio-coletivo-vitimas-de-acidente-.jpg\" alt=\"vel\u00f3rio coletivo v\u00edtimas de acidente\"><figcaption>Foto: Reprodu\u00e7\u00e3o\/TV Suba\u00e9<\/figcaption><\/figure>\n<\/div>\n<p>Os sepultamentos ser\u00e3o realizados no Cemit\u00e9rio Municipal Bosque da Paz.<\/p><\/div>\n","protected":false},"author":1,"featured_media":80628,"comment_status":"closed","ping_status":"closed","sticky":false,"template":"","format":"gallery","meta":{"footnotes":""},"categories":[8,9,6,57,56,10],"tags":[],"class_list":["post-80627","post","type-post","status-publish","format-gallery","has-post-thumbnail","hentry","category-bahia","category-brasil","category-feira-de-santana","category-mundo","category-policia","category-politica","post_format-post-format-gallery"],"featured_image_urls":{"full":["https:\/\/noticiasbahia360.com.br\/wp-content\/uploads\/2025\/04\/velorio-coletivo-vitimas-de-acidente-.jpg",1200,666,false],"thumbnail":["https:\/\/noticiasbahia360.com.br\/wp-content\/uploads\/2025\/04\/velorio-coletivo-vitimas-de-acidente--150x150.jpg",150,150,true],"medium":["https:\/\/noticiasbahia360.com.br\/wp-content\/uploads\/2025\/04\/velorio-coletivo-vitimas-de-acidente--300x167.jpg",300,167,true],"medium_large":["https:\/\/noticiasbahia360.com.br\/wp-content\/uploads\/2025\/04\/velorio-coletivo-vitimas-de-acidente--768x426.jpg",640,355,true],"large":["https:\/\/noticiasbahia360.com.br\/wp-content\/uploads\/2025\/04\/velorio-coletivo-vitimas-de-acidente--1024x568.jpg",640,355,true],"1536x1536":["https:\/\/noticiasbahia360.com.br\/wp-content\/uploads\/2025\/04\/velorio-coletivo-vitimas-de-acidente-.jpg",1200,666,false],"2048x2048":["https:\/\/noticiasbahia360.com.br\/wp-content\/uploads\/2025\/04\/velorio-coletivo-vitimas-de-acidente-.jpg",1200,666,false],"chromenews-featured":["https:\/\/noticiasbahia360.com.br\/wp-content\/uploads\/2025\/04\/velorio-coletivo-vitimas-de-acidente--1024x568.jpg",1024,568,true],"chromenews-large":["https:\/\/noticiasbahia360.com.br\/wp-content\/uploads\/2025\/04\/velorio-coletivo-vitimas-de-acidente--825x575.jpg",825,575,true],"chromenews-medium":["https:\/\/noticiasbahia360.com.br\/wp-content\/uploads\/2025\/04\/velorio-coletivo-vitimas-de-acidente--590x410.jpg",590,410,true]},"author_info":{"display_name":"noticiasbahia360.com.br","author_link":"https:\/\/noticiasbahia360.com.br\/?author=1"},"category_info":"<a href=\"https:\/\/noticiasbahia360.com.br\/?cat=8\" rel=\"category\">Bahia<\/a> <a href=\"https:\/\/noticiasbahia360.com.br\/?cat=9\" rel=\"category\">Brasil<\/a> <a href=\"https:\/\/noticiasbahia360.com.br\/?cat=6\" rel=\"category\">Feira de Santana<\/a> <a href=\"https:\/\/noticiasbahia360.com.br\/?cat=57\" rel=\"category\">Mundo<\/a> <a href=\"https:\/\/noticiasbahia360.com.br\/?cat=56\" rel=\"category\">Pol\u00edcia<\/a> <a href=\"https:\/\/noticiasbahia360.com.br\/?cat=10\" rel=\"category\">Pol\u00edtica<\/a>","tag_info":"Pol\u00edtica","comment_count":"0","_links":{"self":[{"href":"https:\/\/noticiasbahia360.com.br\/index.php?rest_route=\/wp\/v2\/posts\/80627","targetHints":{"allow":["GET"]}}],"collection":[{"href":"https:\/\/noticiasbahia360.com.br\/index.php?rest_route=\/wp\/v2\/posts"}],"about":[{"href":"https:\/\/noticiasbahia360.com.br\/index.php?rest_route=\/wp\/v2\/types\/post"}],"author":[{"embeddable":true,"href":"https:\/\/noticiasbahia360.com.br\/index.php?rest_route=\/wp\/v2\/users\/1"}],"replies":[{"embeddable":true,"href":"https:\/\/noticiasbahia360.com.br\/index.php?rest_route=%2Fwp%2Fv2%2Fcomments&post=80627"}],"version-history":[{"count":0,"href":"https:\/\/noticiasbahia360.com.br\/index.php?rest_route=\/wp\/v2\/posts\/80627\/revisions"}],"wp:featuredmedia":[{"embeddable":true,"href":"https:\/\/noticiasbahia360.com.br\/index.php?rest_route=\/wp\/v2\/media\/80628"}],"wp:attachment":[{"href":"https:\/\/noticiasbahia360.com.br\/index.php?rest_route=%2Fwp%2Fv2%2Fmedia&parent=80627"}],"wp:term":[{"taxonomy":"category","embeddable":true,"href":"https:\/\/noticiasbahia360.com.br\/index.php?rest_route=%2Fwp%2Fv2%2Fcategories&post=80627"},{"taxonomy":"post_tag","embeddable":true,"href":"https:\/\/noticiasbahia360.com.br\/index.php?rest_route=%2Fwp%2Fv2%2Ftags&post=80627"}],"curies":[{"name":"wp","href":"https:\/\/api.w.org\/{rel}","templated":true}]}}