{"id":80629,"date":"2025-04-01T10:37:44","date_gmt":"2025-04-01T13:37:44","guid":{"rendered":"https:\/\/noticiasbahia360.com.br\/?p=80629"},"modified":"2025-04-01T10:37:44","modified_gmt":"2025-04-01T13:37:44","slug":"a-fe-e-irma-da-saude","status":"publish","type":"post","link":"https:\/\/noticiasbahia360.com.br\/?p=80629","title":{"rendered":"A F\u00e9 \u00e9 irm\u00e3 da Sa\u00fade"},"content":{"rendered":"<div>\n<div>\n<figure><img decoding=\"async\" src=\"http:\/\/noticiasbahia360.com.br\/wp-content\/uploads\/2025\/04\/exames.jpg\" alt=\"exames paciente consulta\"><figcaption>Foto: Freepik<\/figcaption><\/figure>\n<\/div>\n<p>Neste 07 de abril, celebra-se o Dia Mundial da Sa\u00fade. A VIII Confer\u00eancia Nacional aprovou oficialmente que \u201cSa\u00fade \u00e9 a resultante das condi\u00e7\u00f5es de alimenta\u00e7\u00e3o, habita\u00e7\u00e3o, educa\u00e7\u00e3o, renda, meio ambiente, trabalho, transporte, emprego, lazer, acesso e posse da terra e acesso a servi\u00e7os de sa\u00fade\u201d. Esse cuidado decorre, como exig\u00eancia \u00e9tica, do direito \u00e0 vida.<\/p>\n<p><strong>CABE <\/strong>a cada um n\u00f3s escolher a doen\u00e7a intoxicando o corpo com cigarros, drogas, bebidas alco\u00f3licas, refrigerantes e alimentos enlatados, que baixam a imunidade do corpo; envenenando fontes, rios, lagos e mares; poluindo o ar com produtos qu\u00edmicos e contaminando a fam\u00edlia, o ambiente de trabalho e a comunidade com \u00f3dio, agressividade, pessimismo, inveja, raiva e viol\u00eancia, que produzem a morte da amizade, da alegria e da boa conviv\u00eancia.<\/p>\n<p><strong>CABE <\/strong>a cada um de n\u00f3s escolher a sa\u00fade arejando a casa, evitando usar, em excesso, materiais de limpeza; cuidando do Universo \u2013 nossa Casa Comum, principalmente da m\u00e3e terra e da irm\u00e3 \u00e1gua; plantando \u00e1rvores, cultivando hortas e jardins; alimentando-se com alimentos sadios, sem conservantes, bebendo muita \u00e1gua pot\u00e1vel e vivendo com alegria, otimismo, perd\u00e3o, esperan\u00e7a e f\u00e9.<\/p>\n<p><strong>AL\u00c9M <\/strong>disso, hoje, o mundo cient\u00edfico comprova o que os antigos defendiam: A f\u00e9 \u00e9 irm\u00e3 da ci\u00eancia e da sa\u00fade. S\u00e3o cada vez mais frequentes as declara\u00e7\u00f5es de que a f\u00e9 tem um papel decisivo para o bem estar f\u00edsico, mental, social e espiritual do ser humano. Em muitos pa\u00edses do mundo, tamb\u00e9m no Brasil, cresce o n\u00famero de faculdades que introduzem, em seus cursos, a disciplina de Espiritualidade.<\/p>\n<p><strong>O DOUTOR <\/strong>Roque Saviola, cardiologista, escreveu v\u00e1rios livros sobre a correla\u00e7\u00e3o entre f\u00e9 e sa\u00fade. Em seu livro Curando Cora\u00e7\u00f5es afirma que: \u201cA sa\u00fade pode ser duramente afetada quando a pessoa incorre em um dos sete Pecados Capitais: Soberba, Ira, Inveja, Luxuria, Gula, Pregui\u00e7a e Avareza. Al\u00e9m desses v\u00edcios, o m\u00e9dico cita como causa de doen\u00e7as, as drogas, brigas familiares, noites mal dormidas, depress\u00e3o, ansiedade, estresse e o vazio existencial.<\/p>\n<p><strong>A SA\u00daDE<\/strong>, no sentido b\u00edblico, envolve, igualmente, a ideia de salva\u00e7\u00e3o. Inclui a sa\u00fade da alma e do corpo, do esp\u00edrito e da mat\u00e9ria, sem estabelecer separa\u00e7\u00f5es. Por isso, zelar pela sa\u00fade das pessoas \u00e9 dever sagrado. Apostemos na sa\u00fade e coloquemos nossas vidas a servi\u00e7o de todos, a exemplo de Jesus, que disse: \u201cEu vim para que todos tenham vida e vida em abund\u00e2ncia\u201d (Jo 10,10).<\/p>\n<p class=\"has-text-align-center\"><em>Dom Itamar Vian<br \/>Arcebispo Em\u00e9rito<br \/>di.vianfs@ig.com.br<\/em><\/p>\n<\/div>\n","protected":false},"excerpt":{"rendered":"<div>\n<div>\n<figure><img decoding=\"async\" src=\"https:\/\/www.acordacidade.com.br\/wp-content\/uploads\/2024\/06\/exames.jpg\" alt=\"exames paciente consulta\"><figcaption>Foto: Freepik<\/figcaption><\/figure>\n<\/div>\n<p>O cuidado com a sa\u00fade decorre, como exig\u00eancia \u00e9tica, do direito \u00e0 vida.<\/p><\/div>\n","protected":false},"author":1,"featured_media":80630,"comment_status":"closed","ping_status":"closed","sticky":false,"template":"","format":"gallery","meta":{"footnotes":""},"categories":[8,9,6,57,56,10],"tags":[],"class_list":["post-80629","post","type-post","status-publish","format-gallery","has-post-thumbnail","hentry","category-bahia","category-brasil","category-feira-de-santana","category-mundo","category-policia","category-politica","post_format-post-format-gallery"],"featured_image_urls":{"full":["https:\/\/noticiasbahia360.com.br\/wp-content\/uploads\/2025\/04\/exames.jpg",640,421,false],"thumbnail":["https:\/\/noticiasbahia360.com.br\/wp-content\/uploads\/2025\/04\/exames-150x150.jpg",150,150,true],"medium":["https:\/\/noticiasbahia360.com.br\/wp-content\/uploads\/2025\/04\/exames-300x197.jpg",300,197,true],"medium_large":["https:\/\/noticiasbahia360.com.br\/wp-content\/uploads\/2025\/04\/exames.jpg",640,421,false],"large":["https:\/\/noticiasbahia360.com.br\/wp-content\/uploads\/2025\/04\/exames.jpg",640,421,false],"1536x1536":["https:\/\/noticiasbahia360.com.br\/wp-content\/uploads\/2025\/04\/exames.jpg",640,421,false],"2048x2048":["https:\/\/noticiasbahia360.com.br\/wp-content\/uploads\/2025\/04\/exames.jpg",640,421,false],"chromenews-featured":["https:\/\/noticiasbahia360.com.br\/wp-content\/uploads\/2025\/04\/exames.jpg",640,421,false],"chromenews-large":["https:\/\/noticiasbahia360.com.br\/wp-content\/uploads\/2025\/04\/exames.jpg",640,421,false],"chromenews-medium":["https:\/\/noticiasbahia360.com.br\/wp-content\/uploads\/2025\/04\/exames-590x410.jpg",590,410,true]},"author_info":{"display_name":"noticiasbahia360.com.br","author_link":"https:\/\/noticiasbahia360.com.br\/?author=1"},"category_info":"<a href=\"https:\/\/noticiasbahia360.com.br\/?cat=8\" rel=\"category\">Bahia<\/a> <a href=\"https:\/\/noticiasbahia360.com.br\/?cat=9\" rel=\"category\">Brasil<\/a> <a href=\"https:\/\/noticiasbahia360.com.br\/?cat=6\" rel=\"category\">Feira de Santana<\/a> <a href=\"https:\/\/noticiasbahia360.com.br\/?cat=57\" rel=\"category\">Mundo<\/a> <a href=\"https:\/\/noticiasbahia360.com.br\/?cat=56\" rel=\"category\">Pol\u00edcia<\/a> <a href=\"https:\/\/noticiasbahia360.com.br\/?cat=10\" rel=\"category\">Pol\u00edtica<\/a>","tag_info":"Pol\u00edtica","comment_count":"0","_links":{"self":[{"href":"https:\/\/noticiasbahia360.com.br\/index.php?rest_route=\/wp\/v2\/posts\/80629","targetHints":{"allow":["GET"]}}],"collection":[{"href":"https:\/\/noticiasbahia360.com.br\/index.php?rest_route=\/wp\/v2\/posts"}],"about":[{"href":"https:\/\/noticiasbahia360.com.br\/index.php?rest_route=\/wp\/v2\/types\/post"}],"author":[{"embeddable":true,"href":"https:\/\/noticiasbahia360.com.br\/index.php?rest_route=\/wp\/v2\/users\/1"}],"replies":[{"embeddable":true,"href":"https:\/\/noticiasbahia360.com.br\/index.php?rest_route=%2Fwp%2Fv2%2Fcomments&post=80629"}],"version-history":[{"count":0,"href":"https:\/\/noticiasbahia360.com.br\/index.php?rest_route=\/wp\/v2\/posts\/80629\/revisions"}],"wp:featuredmedia":[{"embeddable":true,"href":"https:\/\/noticiasbahia360.com.br\/index.php?rest_route=\/wp\/v2\/media\/80630"}],"wp:attachment":[{"href":"https:\/\/noticiasbahia360.com.br\/index.php?rest_route=%2Fwp%2Fv2%2Fmedia&parent=80629"}],"wp:term":[{"taxonomy":"category","embeddable":true,"href":"https:\/\/noticiasbahia360.com.br\/index.php?rest_route=%2Fwp%2Fv2%2Fcategories&post=80629"},{"taxonomy":"post_tag","embeddable":true,"href":"https:\/\/noticiasbahia360.com.br\/index.php?rest_route=%2Fwp%2Fv2%2Ftags&post=80629"}],"curies":[{"name":"wp","href":"https:\/\/api.w.org\/{rel}","templated":true}]}}