{"id":80631,"date":"2025-04-01T10:46:54","date_gmt":"2025-04-01T13:46:54","guid":{"rendered":"https:\/\/noticiasbahia360.com.br\/?p=80631"},"modified":"2025-04-01T10:46:54","modified_gmt":"2025-04-01T13:46:54","slug":"policia-civil-registra-queda-de-455-de-mortes-violentas-no-mes-de-marco-em-feira-de-santana","status":"publish","type":"post","link":"https:\/\/noticiasbahia360.com.br\/?p=80631","title":{"rendered":"Pol\u00edcia Civil registra queda de 45,5% de mortes violentas no m\u00eas de mar\u00e7o em Feira de Santana"},"content":{"rendered":"<div>\n<div>\n<figure><img decoding=\"async\" src=\"http:\/\/noticiasbahia360.com.br\/wp-content\/uploads\/2025\/04\/crimenamangabeira_edsantos_acordacidaded-2.jpeg\" alt=\"Feminic\u00eddio na Mangabeira\"><figcaption>Foto: Ed Santos\/Acorda Cidade<\/figcaption><\/figure>\n<\/div>\n<p>A <a href=\"https:\/\/www.acordacidade.com.br\/tag\/policia-civil\/\">Pol\u00edcia Civil<\/a> divulgou nesta ter\u00e7a-feira (1\u00ba) os dados sobre Crimes Violentos Letais Intencionais (CVLIs) registrados em mar\u00e7o de 2025. De acordo com as estat\u00edsticas apuras pelo Acorda Cidade, houve uma redu\u00e7\u00e3o de 45,5% nos casos em compara\u00e7\u00e3o com o mesmo per\u00edodo do ano passado.<\/p>\n<p>Em mar\u00e7o de 2025, foram registrados 18 CVLIs, sendo 17 homens e 1 mulher. No mesmo m\u00eas de 2024, o n\u00famero chegou a 33 casos, distribu\u00eddos entre 30 homic\u00eddios, 1 feminic\u00eddio, 1 latroc\u00ednio e 1 les\u00e3o corporal seguida de morte.<\/p>\n<p>A tend\u00eancia de queda tamb\u00e9m se mant\u00e9m na an\u00e1lise do primeiro trimestre do ano. Entre janeiro e mar\u00e7o de 2024, foram 89 crimes, enquanto no mesmo per\u00edodo de 2025, o n\u00famero caiu para 60, uma redu\u00e7\u00e3o de 32,6%.<\/p>\n<p>Segundo apurado pelo Acorda Cidade, os 18 homic\u00eddios registrados em mar\u00e7o de 2025 ocorreram nos seguintes bairros e distritos:<\/p>\n<p><strong>Bairros<\/strong><\/p>\n<p><strong>Tomba<\/strong> \u2013 4 casos (incluindo um duplo homic\u00eddio)<\/p>\n<p><strong>Campo Limpo<\/strong> \u2013 2 casos<\/p>\n<p><strong>Concei\u00e7\u00e3o<\/strong> \u2013 2 casos<\/p>\n<p><strong>Pedra do Descanso<\/strong> \u2013 1 caso<\/p>\n<p><strong>Queimadinha<\/strong> \u2013 1 caso<\/p>\n<p><strong>Avi\u00e1rio<\/strong> \u2013 1 caso<\/p>\n<p><strong>Distritos<\/strong><\/p>\n<p><strong>Matinha<\/strong> \u2013 1 caso<\/p>\n<p><strong>Tiquaru\u00e7u<\/strong> \u2013 1 caso<\/p>\n<p><strong>Ja\u00edba<\/strong> \u2013 1 caso<\/p>\n<p><strong>Maria Quit\u00e9ria<\/strong> \u2013 2 casos<\/p>\n<p><strong>Bonfim de Feira<\/strong> \u2013 2 casos<\/p>\n<p><em>Com informa\u00e7\u00f5es do rep\u00f3rter Ed Santos do Acorda Cidade<\/em><\/p>\n<p><em>Siga o Acorda Cidade no<\/em><a href=\"https:\/\/news.google.com\/search?q=acorda%20cidade&amp;hl=pt-BR&amp;gl=BR&amp;ceid=BR%3Apt-419\"><strong><em> Google Not\u00edcias<\/em><\/strong><\/a><em> e receba os principais destaques do dia. Participe tamb\u00e9m dos nossos canais no <\/em><a href=\"https:\/\/whatsapp.com\/channel\/0029Va6Rb4v3WHTNnsh8WI3N\"><strong><em>WhatsApp<\/em><\/strong><\/a><em> e <\/em><a href=\"https:\/\/www.youtube.com\/@acordacidadenoticias\/videos\"><strong>Youtube<\/strong><\/a><em> e grupo de <\/em><a href=\"https:\/\/t.me\/+sSz0khrgARA0ZmRh\"><strong><em>Telegram<\/em><\/strong><\/a><em>.<\/em><\/p>\n<\/div>\n","protected":false},"excerpt":{"rendered":"<div>\n<div>\n<figure><img decoding=\"async\" src=\"https:\/\/uploads.acordacidade.com.br\/2025\/02\/crimenamangabeira_edsantos_acordacidaded-2.jpeg\" alt=\"Feminic\u00eddio na Mangabeira\"><figcaption>Foto: Ed Santos\/Acorda Cidade<\/figcaption><\/figure>\n<\/div>\n<p>Em mar\u00e7o de 2025, foram registrados 18 CVLIs, sendo 17 homens e 1 mulher.<\/p><\/div>\n","protected":false},"author":1,"featured_media":80632,"comment_status":"closed","ping_status":"closed","sticky":false,"template":"","format":"gallery","meta":{"footnotes":""},"categories":[8,9,6,57,56,10],"tags":[],"class_list":["post-80631","post","type-post","status-publish","format-gallery","has-post-thumbnail","hentry","category-bahia","category-brasil","category-feira-de-santana","category-mundo","category-policia","category-politica","post_format-post-format-gallery"],"featured_image_urls":{"full":["https:\/\/noticiasbahia360.com.br\/wp-content\/uploads\/2025\/04\/crimenamangabeira_edsantos_acordacidaded-2.jpeg",1920,1440,false],"thumbnail":["https:\/\/noticiasbahia360.com.br\/wp-content\/uploads\/2025\/04\/crimenamangabeira_edsantos_acordacidaded-2-150x150.jpeg",150,150,true],"medium":["https:\/\/noticiasbahia360.com.br\/wp-content\/uploads\/2025\/04\/crimenamangabeira_edsantos_acordacidaded-2-300x225.jpeg",300,225,true],"medium_large":["https:\/\/noticiasbahia360.com.br\/wp-content\/uploads\/2025\/04\/crimenamangabeira_edsantos_acordacidaded-2-768x576.jpeg",640,480,true],"large":["https:\/\/noticiasbahia360.com.br\/wp-content\/uploads\/2025\/04\/crimenamangabeira_edsantos_acordacidaded-2-1024x768.jpeg",640,480,true],"1536x1536":["https:\/\/noticiasbahia360.com.br\/wp-content\/uploads\/2025\/04\/crimenamangabeira_edsantos_acordacidaded-2-1536x1152.jpeg",1536,1152,true],"2048x2048":["https:\/\/noticiasbahia360.com.br\/wp-content\/uploads\/2025\/04\/crimenamangabeira_edsantos_acordacidaded-2.jpeg",1920,1440,false],"chromenews-featured":["https:\/\/noticiasbahia360.com.br\/wp-content\/uploads\/2025\/04\/crimenamangabeira_edsantos_acordacidaded-2-1024x768.jpeg",1024,768,true],"chromenews-large":["https:\/\/noticiasbahia360.com.br\/wp-content\/uploads\/2025\/04\/crimenamangabeira_edsantos_acordacidaded-2-825x575.jpeg",825,575,true],"chromenews-medium":["https:\/\/noticiasbahia360.com.br\/wp-content\/uploads\/2025\/04\/crimenamangabeira_edsantos_acordacidaded-2-590x410.jpeg",590,410,true]},"author_info":{"display_name":"noticiasbahia360.com.br","author_link":"https:\/\/noticiasbahia360.com.br\/?author=1"},"category_info":"<a href=\"https:\/\/noticiasbahia360.com.br\/?cat=8\" rel=\"category\">Bahia<\/a> <a href=\"https:\/\/noticiasbahia360.com.br\/?cat=9\" rel=\"category\">Brasil<\/a> <a href=\"https:\/\/noticiasbahia360.com.br\/?cat=6\" rel=\"category\">Feira de Santana<\/a> <a href=\"https:\/\/noticiasbahia360.com.br\/?cat=57\" rel=\"category\">Mundo<\/a> <a href=\"https:\/\/noticiasbahia360.com.br\/?cat=56\" rel=\"category\">Pol\u00edcia<\/a> <a href=\"https:\/\/noticiasbahia360.com.br\/?cat=10\" rel=\"category\">Pol\u00edtica<\/a>","tag_info":"Pol\u00edtica","comment_count":"0","_links":{"self":[{"href":"https:\/\/noticiasbahia360.com.br\/index.php?rest_route=\/wp\/v2\/posts\/80631","targetHints":{"allow":["GET"]}}],"collection":[{"href":"https:\/\/noticiasbahia360.com.br\/index.php?rest_route=\/wp\/v2\/posts"}],"about":[{"href":"https:\/\/noticiasbahia360.com.br\/index.php?rest_route=\/wp\/v2\/types\/post"}],"author":[{"embeddable":true,"href":"https:\/\/noticiasbahia360.com.br\/index.php?rest_route=\/wp\/v2\/users\/1"}],"replies":[{"embeddable":true,"href":"https:\/\/noticiasbahia360.com.br\/index.php?rest_route=%2Fwp%2Fv2%2Fcomments&post=80631"}],"version-history":[{"count":0,"href":"https:\/\/noticiasbahia360.com.br\/index.php?rest_route=\/wp\/v2\/posts\/80631\/revisions"}],"wp:featuredmedia":[{"embeddable":true,"href":"https:\/\/noticiasbahia360.com.br\/index.php?rest_route=\/wp\/v2\/media\/80632"}],"wp:attachment":[{"href":"https:\/\/noticiasbahia360.com.br\/index.php?rest_route=%2Fwp%2Fv2%2Fmedia&parent=80631"}],"wp:term":[{"taxonomy":"category","embeddable":true,"href":"https:\/\/noticiasbahia360.com.br\/index.php?rest_route=%2Fwp%2Fv2%2Fcategories&post=80631"},{"taxonomy":"post_tag","embeddable":true,"href":"https:\/\/noticiasbahia360.com.br\/index.php?rest_route=%2Fwp%2Fv2%2Ftags&post=80631"}],"curies":[{"name":"wp","href":"https:\/\/api.w.org\/{rel}","templated":true}]}}