{"id":80633,"date":"2025-04-01T10:46:59","date_gmt":"2025-04-01T13:46:59","guid":{"rendered":"https:\/\/noticiasbahia360.com.br\/?p=80633"},"modified":"2025-04-01T10:46:59","modified_gmt":"2025-04-01T13:46:59","slug":"eletricista-morre-apos-receber-descarga-eletrica-durante-servico-em-poste-no-sul-da-bahia","status":"publish","type":"post","link":"https:\/\/noticiasbahia360.com.br\/?p=80633","title":{"rendered":"Eletricista morre ap\u00f3s receber descarga el\u00e9trica durante servi\u00e7o em poste no sul da Bahia"},"content":{"rendered":"<div>\n<div>\n<figure><img decoding=\"async\" src=\"http:\/\/noticiasbahia360.com.br\/wp-content\/uploads\/2025\/04\/eletricista-morto-foto-reproducao-redes-sociais-.jpg\" alt=\"eletricista\"><figcaption>Foto: Reprodu\u00e7\u00e3o \/ g1<\/figcaption><\/figure>\n<\/div>\n<p>Um eletricista morreu ap\u00f3s receber uma descarga el\u00e9trica em Pau Brasil, munic\u00edpio localizado no sul do estado. A v\u00edtima foi identificada como Ademilson Santos Teles, de 56 anos. O fato ocorreu na tarde de segunda-feira, dia 31 de mar\u00e7o.<\/p>\n<p>Segundo o g1, a v\u00edtima realizava um servi\u00e7o em um poste quando levou um choque e caiu no ch\u00e3o. O eletricista ainda recebeu os primeiros socorros no local do acidente e, em seguida, foi socorrido para uma unidade de sa\u00fade da regi\u00e3o, mas n\u00e3o resistiu.<\/p>\n<p>O corpo de Ademilson foi encaminhado para o Departamento de Pol\u00edcia T\u00e9cnica (DPT) para passar por necropsia e ainda n\u00e3o h\u00e1 detalhes sobre o local e hor\u00e1rio do sepultamento.<\/p>\n<p><em>Siga o Acorda Cidade no<a href=\"https:\/\/news.google.com\/search?q=acorda%20cidade&amp;hl=pt-BR&amp;gl=BR&amp;ceid=BR%3Apt-419\" target=\"_blank\" rel=\"noreferrer noopener\">\u00a0Google Not\u00edcias<\/a>\u00a0e receba os principais destaques do dia.\u00a0Participe tamb\u00e9m dos nossos grupos no\u00a0<a href=\"https:\/\/chat.whatsapp.com\/Fj2agnR6CdwLEb9Uqew8QI\" target=\"_blank\" rel=\"noreferrer noopener\">WhatsApp<\/a>\u00a0e\u00a0<a href=\"https:\/\/t.me\/+sSz0khrgARA0ZmRh\" target=\"_blank\" rel=\"noreferrer noopener\">Telegram<\/a><\/em><\/p>\n<\/div>\n","protected":false},"excerpt":{"rendered":"<div>\n<div>\n<figure><img decoding=\"async\" src=\"https:\/\/uploads.acordacidade.com.br\/2025\/04\/eletricista-morto-foto-reproducao-redes-sociais-.jpg\" alt=\"eletricista\"><figcaption>Foto: Reprodu\u00e7\u00e3o \/ g1<\/figcaption><\/figure>\n<\/div>\n<p>A v\u00edtima foi identificada como Ademilson Santos Teles, de 56 anos. O fato ocorreu na tarde de segunda-feira, dia 31 de mar\u00e7o.<\/p><\/div>\n","protected":false},"author":1,"featured_media":80634,"comment_status":"closed","ping_status":"closed","sticky":false,"template":"","format":"gallery","meta":{"footnotes":""},"categories":[8,9,6,57,56,10],"tags":[],"class_list":["post-80633","post","type-post","status-publish","format-gallery","has-post-thumbnail","hentry","category-bahia","category-brasil","category-feira-de-santana","category-mundo","category-policia","category-politica","post_format-post-format-gallery"],"featured_image_urls":{"full":["https:\/\/noticiasbahia360.com.br\/wp-content\/uploads\/2025\/04\/eletricista-morto-foto-reproducao-redes-sociais-.jpg",1600,1200,false],"thumbnail":["https:\/\/noticiasbahia360.com.br\/wp-content\/uploads\/2025\/04\/eletricista-morto-foto-reproducao-redes-sociais--150x150.jpg",150,150,true],"medium":["https:\/\/noticiasbahia360.com.br\/wp-content\/uploads\/2025\/04\/eletricista-morto-foto-reproducao-redes-sociais--300x225.jpg",300,225,true],"medium_large":["https:\/\/noticiasbahia360.com.br\/wp-content\/uploads\/2025\/04\/eletricista-morto-foto-reproducao-redes-sociais--768x576.jpg",640,480,true],"large":["https:\/\/noticiasbahia360.com.br\/wp-content\/uploads\/2025\/04\/eletricista-morto-foto-reproducao-redes-sociais--1024x768.jpg",640,480,true],"1536x1536":["https:\/\/noticiasbahia360.com.br\/wp-content\/uploads\/2025\/04\/eletricista-morto-foto-reproducao-redes-sociais--1536x1152.jpg",1536,1152,true],"2048x2048":["https:\/\/noticiasbahia360.com.br\/wp-content\/uploads\/2025\/04\/eletricista-morto-foto-reproducao-redes-sociais-.jpg",1600,1200,false],"chromenews-featured":["https:\/\/noticiasbahia360.com.br\/wp-content\/uploads\/2025\/04\/eletricista-morto-foto-reproducao-redes-sociais--1024x768.jpg",1024,768,true],"chromenews-large":["https:\/\/noticiasbahia360.com.br\/wp-content\/uploads\/2025\/04\/eletricista-morto-foto-reproducao-redes-sociais--825x575.jpg",825,575,true],"chromenews-medium":["https:\/\/noticiasbahia360.com.br\/wp-content\/uploads\/2025\/04\/eletricista-morto-foto-reproducao-redes-sociais--590x410.jpg",590,410,true]},"author_info":{"display_name":"noticiasbahia360.com.br","author_link":"https:\/\/noticiasbahia360.com.br\/?author=1"},"category_info":"<a href=\"https:\/\/noticiasbahia360.com.br\/?cat=8\" rel=\"category\">Bahia<\/a> <a href=\"https:\/\/noticiasbahia360.com.br\/?cat=9\" rel=\"category\">Brasil<\/a> <a href=\"https:\/\/noticiasbahia360.com.br\/?cat=6\" rel=\"category\">Feira de Santana<\/a> <a href=\"https:\/\/noticiasbahia360.com.br\/?cat=57\" rel=\"category\">Mundo<\/a> <a href=\"https:\/\/noticiasbahia360.com.br\/?cat=56\" rel=\"category\">Pol\u00edcia<\/a> <a href=\"https:\/\/noticiasbahia360.com.br\/?cat=10\" rel=\"category\">Pol\u00edtica<\/a>","tag_info":"Pol\u00edtica","comment_count":"0","_links":{"self":[{"href":"https:\/\/noticiasbahia360.com.br\/index.php?rest_route=\/wp\/v2\/posts\/80633","targetHints":{"allow":["GET"]}}],"collection":[{"href":"https:\/\/noticiasbahia360.com.br\/index.php?rest_route=\/wp\/v2\/posts"}],"about":[{"href":"https:\/\/noticiasbahia360.com.br\/index.php?rest_route=\/wp\/v2\/types\/post"}],"author":[{"embeddable":true,"href":"https:\/\/noticiasbahia360.com.br\/index.php?rest_route=\/wp\/v2\/users\/1"}],"replies":[{"embeddable":true,"href":"https:\/\/noticiasbahia360.com.br\/index.php?rest_route=%2Fwp%2Fv2%2Fcomments&post=80633"}],"version-history":[{"count":0,"href":"https:\/\/noticiasbahia360.com.br\/index.php?rest_route=\/wp\/v2\/posts\/80633\/revisions"}],"wp:featuredmedia":[{"embeddable":true,"href":"https:\/\/noticiasbahia360.com.br\/index.php?rest_route=\/wp\/v2\/media\/80634"}],"wp:attachment":[{"href":"https:\/\/noticiasbahia360.com.br\/index.php?rest_route=%2Fwp%2Fv2%2Fmedia&parent=80633"}],"wp:term":[{"taxonomy":"category","embeddable":true,"href":"https:\/\/noticiasbahia360.com.br\/index.php?rest_route=%2Fwp%2Fv2%2Fcategories&post=80633"},{"taxonomy":"post_tag","embeddable":true,"href":"https:\/\/noticiasbahia360.com.br\/index.php?rest_route=%2Fwp%2Fv2%2Ftags&post=80633"}],"curies":[{"name":"wp","href":"https:\/\/api.w.org\/{rel}","templated":true}]}}