{"id":80635,"date":"2025-04-01T11:05:47","date_gmt":"2025-04-01T14:05:47","guid":{"rendered":"https:\/\/noticiasbahia360.com.br\/?p=80635"},"modified":"2025-04-01T11:05:47","modified_gmt":"2025-04-01T14:05:47","slug":"falta-de-energia-eletrica-interrompe-abastecimento-de-agua-em-feira-de-santana-e-regiao","status":"publish","type":"post","link":"https:\/\/noticiasbahia360.com.br\/?p=80635","title":{"rendered":"Falta de energia el\u00e9trica interrompe abastecimento de \u00e1gua em Feira de Santana e regi\u00e3o"},"content":{"rendered":"<div>\n<div>\n<figure><img decoding=\"async\" src=\"http:\/\/noticiasbahia360.com.br\/wp-content\/uploads\/2025\/04\/embasa_edsantos_acordacidade-4.jpeg\" alt=\"Embasa\"><figcaption>Foto: Ed Santos\/Acorda Cidade<\/figcaption><\/figure>\n<\/div>\n<p>Por causa de interrup\u00e7\u00e3o no fornecimento de energia el\u00e9trica na Esta\u00e7\u00e3o de Tratamento de \u00c1gua, registrada por volta das 8h da manh\u00e3 de hoje (1), o sistema de abastecimento de \u00e1gua de Feira de Santana encontra-se inoperante e o abastecimento de \u00e1gua interrompido nas \u00e1reas atendidas: Feira de Santana, Concei\u00e7\u00e3o da Feira, S\u00e3o Gon\u00e7alo dos Campos, Santa B\u00e1rbara, Tanquinho e Santan\u00f3polis.<\/p>\n<p>A <a href=\"https:\/\/www.acordacidade.com.br\/tag\/embasa\/\">Embasa <\/a>j\u00e1 registrou a ocorr\u00eancia junto \u00e0 concession\u00e1ria Coelba\/Neoenergia e aguarda a retomada do fornecimento de energia. T\u00e3o logo a energia seja restabelecida, o fornecimento de \u00e1gua ser\u00e1 retomado de forma gradativa.<\/p>\n<p><em>Siga o Acorda Cidade no<\/em><a href=\"https:\/\/news.google.com\/search?q=acorda%20cidade&amp;hl=pt-BR&amp;gl=BR&amp;ceid=BR%3Apt-419\"><strong><em>\u00a0Google Not\u00edcias<\/em><\/strong><\/a><em>\u00a0e receba os principais destaques do dia. Participe tamb\u00e9m dos nossos canais no\u00a0<\/em><a href=\"https:\/\/whatsapp.com\/channel\/0029Va6Rb4v3WHTNnsh8WI3N\"><strong><em>WhatsApp<\/em><\/strong><\/a><em>\u00a0e\u00a0<\/em><a href=\"https:\/\/www.youtube.com\/@acordacidadenoticias\/videos\"><strong>Youtube<\/strong><\/a><em>\u00a0e grupo de\u00a0<\/em><a href=\"https:\/\/t.me\/+sSz0khrgARA0ZmRh\"><strong><em>Telegram<\/em><\/strong><\/a><em>.<\/em><\/p>\n<\/div>\n","protected":false},"excerpt":{"rendered":"<div>\n<div>\n<figure><img decoding=\"async\" src=\"https:\/\/uploads.acordacidade.com.br\/wp-content\/uploads\/2023\/10\/27175520\/embasa_edsantos_acordacidade-4.jpeg\" alt=\"Embasa\"><figcaption>Foto: Ed Santos\/Acorda Cidade<\/figcaption><\/figure>\n<\/div>\n<p>Por causa de interrup\u00e7\u00e3o no fornecimento de energia el\u00e9trica na Esta\u00e7\u00e3o de Tratamento de \u00c1gua, registrada por volta das 8h da manh\u00e3 de hoje (1), o sistema de abastecimento de \u00e1gua de Feira de Santana encontra-se inoperante e o abastecimento de \u00e1gua interrompido nas \u00e1reas atendidas: Feira de Santana, Concei\u00e7\u00e3o da Feira, S\u00e3o Gon\u00e7alo dos [\u2026]<\/p><\/div>\n","protected":false},"author":1,"featured_media":80636,"comment_status":"closed","ping_status":"closed","sticky":false,"template":"","format":"gallery","meta":{"footnotes":""},"categories":[8,9,6,57,56,10],"tags":[],"class_list":["post-80635","post","type-post","status-publish","format-gallery","has-post-thumbnail","hentry","category-bahia","category-brasil","category-feira-de-santana","category-mundo","category-policia","category-politica","post_format-post-format-gallery"],"featured_image_urls":{"full":["https:\/\/noticiasbahia360.com.br\/wp-content\/uploads\/2025\/04\/embasa_edsantos_acordacidade-4.jpeg",640,360,false],"thumbnail":["https:\/\/noticiasbahia360.com.br\/wp-content\/uploads\/2025\/04\/embasa_edsantos_acordacidade-4-150x150.jpeg",150,150,true],"medium":["https:\/\/noticiasbahia360.com.br\/wp-content\/uploads\/2025\/04\/embasa_edsantos_acordacidade-4-300x169.jpeg",300,169,true],"medium_large":["https:\/\/noticiasbahia360.com.br\/wp-content\/uploads\/2025\/04\/embasa_edsantos_acordacidade-4.jpeg",640,360,false],"large":["https:\/\/noticiasbahia360.com.br\/wp-content\/uploads\/2025\/04\/embasa_edsantos_acordacidade-4.jpeg",640,360,false],"1536x1536":["https:\/\/noticiasbahia360.com.br\/wp-content\/uploads\/2025\/04\/embasa_edsantos_acordacidade-4.jpeg",640,360,false],"2048x2048":["https:\/\/noticiasbahia360.com.br\/wp-content\/uploads\/2025\/04\/embasa_edsantos_acordacidade-4.jpeg",640,360,false],"chromenews-featured":["https:\/\/noticiasbahia360.com.br\/wp-content\/uploads\/2025\/04\/embasa_edsantos_acordacidade-4.jpeg",640,360,false],"chromenews-large":["https:\/\/noticiasbahia360.com.br\/wp-content\/uploads\/2025\/04\/embasa_edsantos_acordacidade-4.jpeg",640,360,false],"chromenews-medium":["https:\/\/noticiasbahia360.com.br\/wp-content\/uploads\/2025\/04\/embasa_edsantos_acordacidade-4-590x360.jpeg",590,360,true]},"author_info":{"display_name":"noticiasbahia360.com.br","author_link":"https:\/\/noticiasbahia360.com.br\/?author=1"},"category_info":"<a href=\"https:\/\/noticiasbahia360.com.br\/?cat=8\" rel=\"category\">Bahia<\/a> <a href=\"https:\/\/noticiasbahia360.com.br\/?cat=9\" rel=\"category\">Brasil<\/a> <a href=\"https:\/\/noticiasbahia360.com.br\/?cat=6\" rel=\"category\">Feira de Santana<\/a> <a href=\"https:\/\/noticiasbahia360.com.br\/?cat=57\" rel=\"category\">Mundo<\/a> <a href=\"https:\/\/noticiasbahia360.com.br\/?cat=56\" rel=\"category\">Pol\u00edcia<\/a> <a href=\"https:\/\/noticiasbahia360.com.br\/?cat=10\" rel=\"category\">Pol\u00edtica<\/a>","tag_info":"Pol\u00edtica","comment_count":"0","_links":{"self":[{"href":"https:\/\/noticiasbahia360.com.br\/index.php?rest_route=\/wp\/v2\/posts\/80635","targetHints":{"allow":["GET"]}}],"collection":[{"href":"https:\/\/noticiasbahia360.com.br\/index.php?rest_route=\/wp\/v2\/posts"}],"about":[{"href":"https:\/\/noticiasbahia360.com.br\/index.php?rest_route=\/wp\/v2\/types\/post"}],"author":[{"embeddable":true,"href":"https:\/\/noticiasbahia360.com.br\/index.php?rest_route=\/wp\/v2\/users\/1"}],"replies":[{"embeddable":true,"href":"https:\/\/noticiasbahia360.com.br\/index.php?rest_route=%2Fwp%2Fv2%2Fcomments&post=80635"}],"version-history":[{"count":0,"href":"https:\/\/noticiasbahia360.com.br\/index.php?rest_route=\/wp\/v2\/posts\/80635\/revisions"}],"wp:featuredmedia":[{"embeddable":true,"href":"https:\/\/noticiasbahia360.com.br\/index.php?rest_route=\/wp\/v2\/media\/80636"}],"wp:attachment":[{"href":"https:\/\/noticiasbahia360.com.br\/index.php?rest_route=%2Fwp%2Fv2%2Fmedia&parent=80635"}],"wp:term":[{"taxonomy":"category","embeddable":true,"href":"https:\/\/noticiasbahia360.com.br\/index.php?rest_route=%2Fwp%2Fv2%2Fcategories&post=80635"},{"taxonomy":"post_tag","embeddable":true,"href":"https:\/\/noticiasbahia360.com.br\/index.php?rest_route=%2Fwp%2Fv2%2Ftags&post=80635"}],"curies":[{"name":"wp","href":"https:\/\/api.w.org\/{rel}","templated":true}]}} 