{"id":80637,"date":"2025-04-01T11:33:21","date_gmt":"2025-04-01T14:33:21","guid":{"rendered":"https:\/\/noticiasbahia360.com.br\/?p=80637"},"modified":"2025-04-01T11:33:21","modified_gmt":"2025-04-01T14:33:21","slug":"livro-o-poder-da-oracao-de-escritor-feirense-sera-lancado-na-proxima-quinta-3","status":"publish","type":"post","link":"https:\/\/noticiasbahia360.com.br\/?p=80637","title":{"rendered":"Livro \u201cO poder da Ora\u00e7\u00e3o\u201d, de escritor feirense, ser\u00e1 lan\u00e7ado na pr\u00f3xima quinta (3)"},"content":{"rendered":"<div>\n<div>\n<figure><img decoding=\"async\" src=\"http:\/\/noticiasbahia360.com.br\/wp-content\/uploads\/2025\/04\/Livro-O-poder-da-Oracao-de-escritor-feirense-sera-lancado-na-proxima-quinta.jpg\" alt=\"Livro \u201cO poder da Ora\u00e7\u00e3o\u201d, de escritor feirense, ser\u00e1 lan\u00e7ado na pr\u00f3xima quinta\"><figcaption>Foto: Iasmim Santos\/Acorda Cidade<\/figcaption><\/figure>\n<\/div>\n<p>Ser\u00e1 realizado no pr\u00f3ximo dia 5 de abril, as 19h, na quadra esportiva do bairro Jardim Ac\u00e1cia, o lan\u00e7amento do livro \u201cO poder da Ora\u00e7\u00e3o\u201d, do escritor feirense Messias Silva. O livro, com 82 p\u00e1ginas, publicado pela Editora Mandacaru, com o apoio do Programa Acorda Cidade e da Academia Metropolitana de Letras e Artes, trata sobre a esperan\u00e7a em Deus, que pode ser alcan\u00e7ada atrav\u00e9s das ora\u00e7\u00f5es.<\/p>\n<p>Quando a publica\u00e7\u00e3o do livro era apenas um sonho, Messias esteve no programa Acorda Cidade, onde contou sua hist\u00f3ria e pediu ajuda para conseguir a publica\u00e7\u00e3o. Na manh\u00e3 desta ter\u00e7a-feira (1), ele retornou ao programa, desta vez para agradecer o apoio de todos que o ajudaram a tornar esse sonho realidade.<\/p>\n<p>\u201c\u00c9 um momento muito importante para mim, quero agradecer a Deus e a equipe do Acorda Cidade. O livro surgiu no ano de 2019, quando eu trabalhava no hotel Atmosfera e surgiu a inspira\u00e7\u00e3o de Deus para eu escrever esse livro. A princ\u00edpio nem acreditei que aquelas linhas seriam esse livro. \u2018O poder da Ora\u00e7\u00e3o\u2019 \u00e9 um sonho que se tornou realidade\u201d, afirmou.<\/p>\n<p>Ele tamb\u00e9m agradeceu a Academia Metropolitana de Artes e Letras de Feira de Santana, atrav\u00e9s da Editora Mandacaru e na pessoa Maroel Bispo, que deu a oportunidade de publicar esse livro, e agradeceu a professora L\u00e9lia Fernandes, que escreveu o pref\u00e1cio.<\/p>\n<h2 class=\"wp-block-heading\" id=\"h-livro-o-poder-da-oracao-ja-esta-disponivel\">Livro \u2018O poder da Ora\u00e7\u00e3o\u2019 j\u00e1 est\u00e1 dispon\u00edvel <\/h2>\n<p>O livro \u2018O poder da Ora\u00e7\u00e3o\u2019 j\u00e1 est\u00e1 dispon\u00edvel para venda em alguns sites como Clube dos Autores e Estante Virtual. Por\u00e9m, Messias, que trabalha como porteiro, disse que deseja fazer a impress\u00e3o de mais exemplares.<\/p>\n<p>\u201cA editora me disponibilizou 30 unidades. Pedi a editora o or\u00e7amento para conseguir mais 100 c\u00f3pias impressas, que ficou no valor de cerca de R$ 1.465. Meu apelo \u00e9 que quem for tocado por Deus possa me ajudar nesse projeto. Meu sonho com a venda do livro \u00e9 ajudar minha fam\u00edlia e quem quiser contribuir com uma semente, pode entrar em contato comigo pelo telefone: 75 98316-9212\u201d.<\/p>\n<p><strong>Leia tamb\u00e9m <\/strong><\/p>\n<p><strong><a href=\"https:\/\/www.acordacidade.com.br\/feira-de-santana\/escritor-de-feira-de-santana-vai-realizar-sonho-de-lancar-livro-sobre-o-poder-da-oracao\/\">Escritor feirense Messias Silva deve lan\u00e7ar livro \u201cO poder da ora\u00e7\u00e3o\u201d em breve; obra j\u00e1 est\u00e1 dispon\u00edvel<\/a><\/strong><\/p>\n<p><a href=\"https:\/\/www.acordacidade.com.br\/feira-de-santana\/escritor-de-feira-de-santana-vai-realizar-sonho-de-lancar-livro-sobre-o-poder-da-oracao\/\"><strong>Escritor de Feira de Santana vai realizar sonho de lan\u00e7ar livro sobre o poder da ora\u00e7\u00e3o<\/strong><\/a><\/p>\n<p><em>Siga o Acorda Cidade no<\/em><a href=\"https:\/\/news.google.com\/search?q=acorda%20cidade&amp;hl=pt-BR&amp;gl=BR&amp;ceid=BR%3Apt-419\"><strong><em>\u00a0Google Not\u00edcias<\/em><\/strong><\/a><em>\u00a0e receba os principais destaques do dia. Participe tamb\u00e9m dos nossos canais no\u00a0<\/em><a href=\"https:\/\/whatsapp.com\/channel\/0029Va6Rb4v3WHTNnsh8WI3N\"><strong><em>WhatsApp<\/em><\/strong><\/a><em>\u00a0e\u00a0<\/em><a href=\"https:\/\/www.youtube.com\/@acordacidadenoticias\/videos\"><strong>Youtube<\/strong><\/a><em>\u00a0e grupo de\u00a0<\/em><a href=\"https:\/\/t.me\/+sSz0khrgARA0ZmRh\"><strong><em>Telegram<\/em><\/strong><\/a><em>.<\/em><\/p>\n<\/div>\n","protected":false},"excerpt":{"rendered":"<div>\n<div>\n<figure><img decoding=\"async\" src=\"https:\/\/uploads.acordacidade.com.br\/2025\/04\/Livro-O-poder-da-Oracao-de-escritor-feirense-sera-lancado-na-proxima-quinta.jpg\" alt=\"Livro \u201cO poder da Ora\u00e7\u00e3o\u201d, de escritor feirense, ser\u00e1 lan\u00e7ado na pr\u00f3xima quinta\"><figcaption>Foto: Iasmim Santos\/Acorda Cidade<\/figcaption><\/figure>\n<\/div>\n<p>Ele agradeceu o apoio de todos que o ajudaram a tornar esse sonho realidade.<\/p><\/div>\n","protected":false},"author":1,"featured_media":80638,"comment_status":"closed","ping_status":"closed","sticky":false,"template":"","format":"gallery","meta":{"footnotes":""},"categories":[8,9,6,57,56,10],"tags":[],"class_list":["post-80637","post","type-post","status-publish","format-gallery","has-post-thumbnail","hentry","category-bahia","category-brasil","category-feira-de-santana","category-mundo","category-policia","category-politica","post_format-post-format-gallery"],"featured_image_urls":{"full":["https:\/\/noticiasbahia360.com.br\/wp-content\/uploads\/2025\/04\/Livro-O-poder-da-Oracao-de-escritor-feirense-sera-lancado-na-proxima-quinta.jpg",1200,785,false],"thumbnail":["https:\/\/noticiasbahia360.com.br\/wp-content\/uploads\/2025\/04\/Livro-O-poder-da-Oracao-de-escritor-feirense-sera-lancado-na-proxima-quinta-150x150.jpg",150,150,true],"medium":["https:\/\/noticiasbahia360.com.br\/wp-content\/uploads\/2025\/04\/Livro-O-poder-da-Oracao-de-escritor-feirense-sera-lancado-na-proxima-quinta-300x196.jpg",300,196,true],"medium_large":["https:\/\/noticiasbahia360.com.br\/wp-content\/uploads\/2025\/04\/Livro-O-poder-da-Oracao-de-escritor-feirense-sera-lancado-na-proxima-quinta-768x502.jpg",640,418,true],"large":["https:\/\/noticiasbahia360.com.br\/wp-content\/uploads\/2025\/04\/Livro-O-poder-da-Oracao-de-escritor-feirense-sera-lancado-na-proxima-quinta-1024x670.jpg",640,419,true],"1536x1536":["https:\/\/noticiasbahia360.com.br\/wp-content\/uploads\/2025\/04\/Livro-O-poder-da-Oracao-de-escritor-feirense-sera-lancado-na-proxima-quinta.jpg",1200,785,false],"2048x2048":["https:\/\/noticiasbahia360.com.br\/wp-content\/uploads\/2025\/04\/Livro-O-poder-da-Oracao-de-escritor-feirense-sera-lancado-na-proxima-quinta.jpg",1200,785,false],"chromenews-featured":["https:\/\/noticiasbahia360.com.br\/wp-content\/uploads\/2025\/04\/Livro-O-poder-da-Oracao-de-escritor-feirense-sera-lancado-na-proxima-quinta-1024x670.jpg",1024,670,true],"chromenews-large":["https:\/\/noticiasbahia360.com.br\/wp-content\/uploads\/2025\/04\/Livro-O-poder-da-Oracao-de-escritor-feirense-sera-lancado-na-proxima-quinta-825x575.jpg",825,575,true],"chromenews-medium":["https:\/\/noticiasbahia360.com.br\/wp-content\/uploads\/2025\/04\/Livro-O-poder-da-Oracao-de-escritor-feirense-sera-lancado-na-proxima-quinta-590x410.jpg",590,410,true]},"author_info":{"display_name":"noticiasbahia360.com.br","author_link":"https:\/\/noticiasbahia360.com.br\/?author=1"},"category_info":"<a href=\"https:\/\/noticiasbahia360.com.br\/?cat=8\" rel=\"category\">Bahia<\/a> <a href=\"https:\/\/noticiasbahia360.com.br\/?cat=9\" rel=\"category\">Brasil<\/a> <a href=\"https:\/\/noticiasbahia360.com.br\/?cat=6\" rel=\"category\">Feira de Santana<\/a> <a href=\"https:\/\/noticiasbahia360.com.br\/?cat=57\" rel=\"category\">Mundo<\/a> <a href=\"https:\/\/noticiasbahia360.com.br\/?cat=56\" rel=\"category\">Pol\u00edcia<\/a> <a href=\"https:\/\/noticiasbahia360.com.br\/?cat=10\" rel=\"category\">Pol\u00edtica<\/a>","tag_info":"Pol\u00edtica","comment_count":"0","_links":{"self":[{"href":"https:\/\/noticiasbahia360.com.br\/index.php?rest_route=\/wp\/v2\/posts\/80637","targetHints":{"allow":["GET"]}}],"collection":[{"href":"https:\/\/noticiasbahia360.com.br\/index.php?rest_route=\/wp\/v2\/posts"}],"about":[{"href":"https:\/\/noticiasbahia360.com.br\/index.php?rest_route=\/wp\/v2\/types\/post"}],"author":[{"embeddable":true,"href":"https:\/\/noticiasbahia360.com.br\/index.php?rest_route=\/wp\/v2\/users\/1"}],"replies":[{"embeddable":true,"href":"https:\/\/noticiasbahia360.com.br\/index.php?rest_route=%2Fwp%2Fv2%2Fcomments&post=80637"}],"version-history":[{"count":0,"href":"https:\/\/noticiasbahia360.com.br\/index.php?rest_route=\/wp\/v2\/posts\/80637\/revisions"}],"wp:featuredmedia":[{"embeddable":true,"href":"https:\/\/noticiasbahia360.com.br\/index.php?rest_route=\/wp\/v2\/media\/80638"}],"wp:attachment":[{"href":"https:\/\/noticiasbahia360.com.br\/index.php?rest_route=%2Fwp%2Fv2%2Fmedia&parent=80637"}],"wp:term":[{"taxonomy":"category","embeddable":true,"href":"https:\/\/noticiasbahia360.com.br\/index.php?rest_route=%2Fwp%2Fv2%2Fcategories&post=80637"},{"taxonomy":"post_tag","embeddable":true,"href":"https:\/\/noticiasbahia360.com.br\/index.php?rest_route=%2Fwp%2Fv2%2Ftags&post=80637"}],"curies":[{"name":"wp","href":"https:\/\/api.w.org\/{rel}","templated":true}]}}