{"id":80642,"date":"2025-04-01T12:17:29","date_gmt":"2025-04-01T15:17:29","guid":{"rendered":"https:\/\/noticiasbahia360.com.br\/?p=80642"},"modified":"2025-04-01T12:17:29","modified_gmt":"2025-04-01T15:17:29","slug":"mauro-vieira-e-eleito-presidente-do-consorcio-de-saude-da-bahia","status":"publish","type":"post","link":"https:\/\/noticiasbahia360.com.br\/?p=80642","title":{"rendered":"Mauro Vieira \u00e9 eleito presidente do Cons\u00f3rcio de Sa\u00fade da Bahia"},"content":{"rendered":"<div>\n<div>\n<figure><img decoding=\"async\" src=\"http:\/\/noticiasbahia360.com.br\/wp-content\/uploads\/2025\/04\/Mauro-Vieira-e-eleito-presidente-foto-divulgacao-.jpg\" alt=\"Mauro Vieira\"><figcaption>Foto: Divulga\u00e7\u00e3o <\/figcaption><\/figure>\n<\/div>\n<p>Nesta ter\u00e7a-feira, (1\u00ba), o prefeito de Anguera, Mauro Vieira foi eleito presidente do Cons\u00f3rcio P\u00fablico Interfederativo de Sa\u00fade da Bahia, com Renan de Ziza, prefeito de \u00c1gua Fria, assumindo a vice-presid\u00eancia. A elei\u00e7\u00e3o foi marcada por um amplo apoio de prefeitos de diversos munic\u00edpios da Bahia, refletindo a confian\u00e7a depositada na lideran\u00e7a e na experi\u00eancia administrativa de Mauro Vieira.<\/p>\n<p>O Cons\u00f3rcio de Sa\u00fade da Bahia \u00e9 uma importante ferramenta de gest\u00e3o integrada de servi\u00e7os de sa\u00fade, que busca otimizar recursos e proporcionar melhor atendimento \u00e0 popula\u00e7\u00e3o baiana. Ele atua no fortalecimento da rede p\u00fablica de sa\u00fade, principalmente nos munic\u00edpios, por meio de a\u00e7\u00f5es conjuntas de compras, servi\u00e7os especializados e compartilhamento de infraestrutura. O cons\u00f3rcio busca melhorar a qualidade do atendimento, reduzir custos e garantir acesso igualit\u00e1rio \u00e0 sa\u00fade em diversas regi\u00f5es do estado.<\/p>\n<p>Com a sua elei\u00e7\u00e3o para a presid\u00eancia, Mauro Vieira se compromete a intensificar os esfor\u00e7os para expandir e aprimorar os servi\u00e7os de sa\u00fade, promovendo uma gest\u00e3o eficiente e transparente.<\/p>\n<p>O novo presidente destacou que seu principal objetivo ser\u00e1 fortalecer a rede de sa\u00fade p\u00fablica, investindo na amplia\u00e7\u00e3o do atendimento m\u00e9dico especializado, na aquisi\u00e7\u00e3o de novos equipamentos e no aperfei\u00e7oamento da infraestrutura das unidades de sa\u00fade consorciadas.<\/p>\n<p>\u201cMuito me honra a confian\u00e7a que foi depositada em mim, e com a colabora\u00e7\u00e3o de todos os prefeitos e gestores da nossa regi\u00e3o, trabalharei incansavelmente para garantir que a sa\u00fade p\u00fablica seja cada vez mais eficiente, acess\u00edvel e de qualidade para os baianos. Juntos, poderemos enfrentar os desafios e transformar a realidade da sa\u00fade nos nossos munic\u00edpios\u201d, afirmou Mauro Vieira, logo ap\u00f3s sua elei\u00e7\u00e3o.<\/p>\n<p>Com o apoio dos demais membros do cons\u00f3rcio, Mauro Vieira tem o compromisso de trazer mais avan\u00e7os para a sa\u00fade p\u00fablica da Bahia, sempre com foco na transpar\u00eancia e na melhoria cont\u00ednua dos servi\u00e7os oferecidos \u00e0 popula\u00e7\u00e3o.<\/p>\n<p><em>Siga o Acorda Cidade no<a href=\"https:\/\/news.google.com\/search?q=acorda%20cidade&amp;hl=pt-BR&amp;gl=BR&amp;ceid=BR%3Apt-419\" target=\"_blank\" rel=\"noreferrer noopener\">\u00a0Google Not\u00edcias<\/a>\u00a0e receba os principais destaques do dia.\u00a0Participe tamb\u00e9m dos nossos grupos no\u00a0<a href=\"https:\/\/chat.whatsapp.com\/Fj2agnR6CdwLEb9Uqew8QI\" target=\"_blank\" rel=\"noreferrer noopener\">WhatsApp<\/a>\u00a0e\u00a0<a href=\"https:\/\/t.me\/+sSz0khrgARA0ZmRh\" target=\"_blank\" rel=\"noreferrer noopener\">Telegram<\/a><\/em><\/p>\n<\/div>\n","protected":false},"excerpt":{"rendered":"<div>\n<div>\n<figure><img decoding=\"async\" src=\"https:\/\/uploads.acordacidade.com.br\/2025\/04\/Mauro-Vieira-e-eleito-presidente-foto-divulgacao-.jpg\" alt=\"Mauro Vieira\"><figcaption>Foto: Divulga\u00e7\u00e3o <\/figcaption><\/figure>\n<\/div>\n<p>\u201cTrabalharei incansavelmente para garantir que a sa\u00fade p\u00fablica seja cada vez mais eficiente&#8221;, disse Mauro Vieira.<\/p><\/div>\n","protected":false},"author":1,"featured_media":80643,"comment_status":"closed","ping_status":"closed","sticky":false,"template":"","format":"gallery","meta":{"footnotes":""},"categories":[8,9,6,57,56,10],"tags":[],"class_list":["post-80642","post","type-post","status-publish","format-gallery","has-post-thumbnail","hentry","category-bahia","category-brasil","category-feira-de-santana","category-mundo","category-policia","category-politica","post_format-post-format-gallery"],"featured_image_urls":{"full":["https:\/\/noticiasbahia360.com.br\/wp-content\/uploads\/2025\/04\/Mauro-Vieira-e-eleito-presidente-foto-divulgacao-.jpg",1600,1200,false],"thumbnail":["https:\/\/noticiasbahia360.com.br\/wp-content\/uploads\/2025\/04\/Mauro-Vieira-e-eleito-presidente-foto-divulgacao--150x150.jpg",150,150,true],"medium":["https:\/\/noticiasbahia360.com.br\/wp-content\/uploads\/2025\/04\/Mauro-Vieira-e-eleito-presidente-foto-divulgacao--300x225.jpg",300,225,true],"medium_large":["https:\/\/noticiasbahia360.com.br\/wp-content\/uploads\/2025\/04\/Mauro-Vieira-e-eleito-presidente-foto-divulgacao--768x576.jpg",640,480,true],"large":["https:\/\/noticiasbahia360.com.br\/wp-content\/uploads\/2025\/04\/Mauro-Vieira-e-eleito-presidente-foto-divulgacao--1024x768.jpg",640,480,true],"1536x1536":["https:\/\/noticiasbahia360.com.br\/wp-content\/uploads\/2025\/04\/Mauro-Vieira-e-eleito-presidente-foto-divulgacao--1536x1152.jpg",1536,1152,true],"2048x2048":["https:\/\/noticiasbahia360.com.br\/wp-content\/uploads\/2025\/04\/Mauro-Vieira-e-eleito-presidente-foto-divulgacao-.jpg",1600,1200,false],"chromenews-featured":["https:\/\/noticiasbahia360.com.br\/wp-content\/uploads\/2025\/04\/Mauro-Vieira-e-eleito-presidente-foto-divulgacao--1024x768.jpg",1024,768,true],"chromenews-large":["https:\/\/noticiasbahia360.com.br\/wp-content\/uploads\/2025\/04\/Mauro-Vieira-e-eleito-presidente-foto-divulgacao--825x575.jpg",825,575,true],"chromenews-medium":["https:\/\/noticiasbahia360.com.br\/wp-content\/uploads\/2025\/04\/Mauro-Vieira-e-eleito-presidente-foto-divulgacao--590x410.jpg",590,410,true]},"author_info":{"display_name":"noticiasbahia360.com.br","author_link":"https:\/\/noticiasbahia360.com.br\/?author=1"},"category_info":"<a href=\"https:\/\/noticiasbahia360.com.br\/?cat=8\" rel=\"category\">Bahia<\/a> <a href=\"https:\/\/noticiasbahia360.com.br\/?cat=9\" rel=\"category\">Brasil<\/a> <a href=\"https:\/\/noticiasbahia360.com.br\/?cat=6\" rel=\"category\">Feira de Santana<\/a> <a href=\"https:\/\/noticiasbahia360.com.br\/?cat=57\" rel=\"category\">Mundo<\/a> <a href=\"https:\/\/noticiasbahia360.com.br\/?cat=56\" rel=\"category\">Pol\u00edcia<\/a> <a href=\"https:\/\/noticiasbahia360.com.br\/?cat=10\" rel=\"category\">Pol\u00edtica<\/a>","tag_info":"Pol\u00edtica","comment_count":"0","_links":{"self":[{"href":"https:\/\/noticiasbahia360.com.br\/index.php?rest_route=\/wp\/v2\/posts\/80642","targetHints":{"allow":["GET"]}}],"collection":[{"href":"https:\/\/noticiasbahia360.com.br\/index.php?rest_route=\/wp\/v2\/posts"}],"about":[{"href":"https:\/\/noticiasbahia360.com.br\/index.php?rest_route=\/wp\/v2\/types\/post"}],"author":[{"embeddable":true,"href":"https:\/\/noticiasbahia360.com.br\/index.php?rest_route=\/wp\/v2\/users\/1"}],"replies":[{"embeddable":true,"href":"https:\/\/noticiasbahia360.com.br\/index.php?rest_route=%2Fwp%2Fv2%2Fcomments&post=80642"}],"version-history":[{"count":0,"href":"https:\/\/noticiasbahia360.com.br\/index.php?rest_route=\/wp\/v2\/posts\/80642\/revisions"}],"wp:featuredmedia":[{"embeddable":true,"href":"https:\/\/noticiasbahia360.com.br\/index.php?rest_route=\/wp\/v2\/media\/80643"}],"wp:attachment":[{"href":"https:\/\/noticiasbahia360.com.br\/index.php?rest_route=%2Fwp%2Fv2%2Fmedia&parent=80642"}],"wp:term":[{"taxonomy":"category","embeddable":true,"href":"https:\/\/noticiasbahia360.com.br\/index.php?rest_route=%2Fwp%2Fv2%2Fcategories&post=80642"},{"taxonomy":"post_tag","embeddable":true,"href":"https:\/\/noticiasbahia360.com.br\/index.php?rest_route=%2Fwp%2Fv2%2Ftags&post=80642"}],"curies":[{"name":"wp","href":"https:\/\/api.w.org\/{rel}","templated":true}]}}