{"id":80644,"date":"2025-04-01T12:25:54","date_gmt":"2025-04-01T15:25:54","guid":{"rendered":"https:\/\/noticiasbahia360.com.br\/?p=80644"},"modified":"2025-04-01T12:25:54","modified_gmt":"2025-04-01T15:25:54","slug":"musculacao-protege-cerebro-de-idosos-contra-demencia-diz-estudo","status":"publish","type":"post","link":"https:\/\/noticiasbahia360.com.br\/?p=80644","title":{"rendered":"Muscula\u00e7\u00e3o protege c\u00e9rebro de idosos contra dem\u00eancia, diz estudo"},"content":{"rendered":"<div>\n<div>\n<figure><img decoding=\"async\" src=\"http:\/\/noticiasbahia360.com.br\/wp-content\/uploads\/2025\/04\/Musculacao-protege-cerebro-de-idosos-contra-demencia-diz-estudo.jpg\" alt=\"Muscula\u00e7\u00e3o protege c\u00e9rebro de idosos contra dem\u00eancia\"><figcaption>Foto: Rovena Rosa\/Ag\u00eancia Brasil<\/figcaption><\/figure>\n<\/div>\n<p>Ag\u00eancia Brasil \u2013 Manter uma rotina de muscula\u00e7\u00e3o n\u00e3o traz apenas benef\u00edcios como aumento de for\u00e7a e resist\u00eancia, melhora na postura e preven\u00e7\u00e3o contra les\u00f5es. Um estudo de enfoque original, desenvolvido no Instituto de Pesquisa sobre Neuroci\u00eancias e Neurotecnologia (Brainn), da Funda\u00e7\u00e3o de Amparo \u00e0 Pesquisa do Estado de S\u00e3o Paulo (Fapesp), confirmou que a atividade protege o c\u00e9rebro de idosos contra dem\u00eancias.<\/p>\n<p>Detalhado em artigo da revista GeroScience, o estudo acompanhou 44 pessoas que j\u00e1 apresentavam um comprometimento cognitivo leve, est\u00e1gio que fica entre o comprometimento do envelhecimento normal e a doen\u00e7a de Alzheimer, a forma mais comum de dem\u00eancia. O que se descobriu foi que praticar muscula\u00e7\u00e3o duas vezes por semana, com intensidade moderada ou alta, preservou o hipocampo e o pr\u00e9-c\u00faneo, \u00e1reas cerebrais que se alteram quando esse diagn\u00f3stico.<\/p>\n<p>Com ineditismo, os 16 pesquisadores tamb\u00e9m identificaram outro impacto positivo: o de melhora na chamada subst\u00e2ncia branca, parte do c\u00e9rebro que opera em conjunto com a massa cinzenta, por meio de ax\u00f4nios, para garantir a conex\u00e3o entre neur\u00f4nios, mediante as sinapses. As vantagens chegaram \u00e0 metade dos participantes, a dos que incorporaram a muscula\u00e7\u00e3o ao seu cotidiano, j\u00e1 ap\u00f3s seis meses e h\u00e1 possibilidade de que o impacto seja ainda mais expressivo, caso o per\u00edodo seja maior.<\/p>\n<p>\u201cNo grupo que praticou muscula\u00e7\u00e3o, todos os indiv\u00edduos apresentaram melhoras de mem\u00f3ria e na anatomia cerebral. No entanto, cinco deles chegaram ao final do estudo sem o diagn\u00f3stico cl\u00ednico de comprometimento cognitivo leve, tamanha foi a melhora\u201d, ressalta a primeira autora do artigo, a bolsista de doutorado da Fapesp Isadora Ribeiro, vinculada \u00e0 Faculdade de Ci\u00eancias M\u00e9dicas da Universidade Estadual de Campinas (Unicamp).<\/p>\n<p>Para analisar os poss\u00edveis efeitos da muscula\u00e7\u00e3o no c\u00e9rebro dos participantes, a equipe respons\u00e1vel pela pesquisa realizou testes neuropsicol\u00f3gicos e exames de resson\u00e2ncia magn\u00e9tica. Os especialistas buscavam comparar \u00edndices e imagens, uma vez que j\u00e1 se sabe que, entre pessoas com perdas cognitivas, h\u00e1 atrofia, isto \u00e9, redu\u00e7\u00e3o do volume de certas regi\u00f5es do c\u00e9rebro.<\/p>\n<p>Atualmente, no Brasil, cerca de 2,71 milh\u00f5es de pessoas com 60 anos ou mais convivem com quadros de dem\u00eancia, o que corresponde a 8,5% desse grupo populacional. De acordo com o Relat\u00f3rio Nacional sobre a Dem\u00eancia, lan\u00e7ado pelo Minist\u00e9rio da Sa\u00fade em setembro do ano passado, essa quantidade deve dobrar at\u00e9 2050, subindo para 5,6 milh\u00f5es.<\/p>\n<p>O relat\u00f3rio sublinha que praticamente metade (45%) dos casos de dem\u00eancia poderiam ser evitados ou, pelo menos, faz com que chegue mais tarde. Entre os fatores que aumentam as probabilidades de se desenvolver dem\u00eancias est\u00e3o:<\/p>\n<ul class=\"wp-block-list\">\n<li>Baixa escolaridade<\/li>\n<li>Perda auditiva<\/li>\n<li>Hipertens\u00e3o<\/li>\n<li>Diabetes<\/li>\n<li>Obesidade<\/li>\n<li>Tabagismo<\/li>\n<li>Depress\u00e3o<\/li>\n<li>Inatividade f\u00edsica<\/li>\n<li>Isolamento social.<\/li>\n<li>Bem-estar<\/li>\n<\/ul>\n<p>A professora aposentada, atriz e modelo Shirley de Toro, de 62 anos (na foto de destaque), \u00e9 vizinha da unidade Sesc Santana, em S\u00e3o Paulo, e h\u00e1 17 anos bate cart\u00e3o no local para se exercitar. Passou a frequent\u00e1-la desde a inaugura\u00e7\u00e3o, inicialmente pela programa\u00e7\u00e3o art\u00edstico-cultural e depois para manter o corpo fortalecido.<\/p>\n<p>Com hist\u00f3rico de sa\u00fade marcado por epis\u00f3dios de epilepsia e um acidente, ela considera a atividade como fundamental para seu bem-estar no presente e no futuro.<\/p>\n<p>\u201cH\u00e1 20 anos, fiz uma cirurgia no c\u00e9rebro, porque tinha epilepsia, e, antes disso, n\u00e3o fazia nada. S\u00f3 trabalhava, trabalhava, mas nunca foquei em academia. Depois, percebi a necessidade disso, a\u00ed comecei a fazer caminhada\u201d, diz Shirley.<\/p>\n<p>Ela conta tamb\u00e9m que, ap\u00f3s ter sido atropelada, h\u00e1 cerca de 10 anos, descobriu os benef\u00edcios da muscula\u00e7\u00e3o para a melhora das dores.<\/p>\n<p>\u201cQuebrei clav\u00edcula, costela, uma parte da coluna e isso foi o desencadeador para o esporte, porque eu fazia fisioterapia e sa\u00eda chorando de dor. Simplesmente acabaram com meu bra\u00e7o. Tenho uma placa e do\u00eda demais. Quando vim para a academia, comecei a fazer exerc\u00edcios de for\u00e7a e pararam as dores. Melhorou muito. Fa\u00e7o todo tipo de exerc\u00edcio, pego peso\u201d, emenda.<\/p>\n<p>Durante a pandemia de Covid-19, Shirley vivia com a filha mais nova e perdeu sua m\u00e3e, que morava no apartamento de baixo. No per\u00edodo, cumprir o ritual de exerc\u00edcios f\u00edsicos, ainda que pela internet, todos os dias, foi o que conservou sua sa\u00fade mental.<\/p>\n<p>\u201cEu sinto falta hoje em dia. A gente acha que nunca vai sentir falta, n\u00e9. Pensa: \u2018ah, \u00e9 chato\u201d. Hoje eu sinto falta. Quando vou trabalhar, subo as escadarias do metr\u00f4, para dar um jeito [de me manter em movimento]\u201d, diz a atriz, que pratica gin\u00e1stica multifuncional.<\/p>\n<h2 class=\"wp-block-heading\" id=\"h-corpo-e-mente\">Corpo e mente<\/h2>\n<p>Alessandra Nascimento, t\u00e9cnica da ger\u00eancia de desenvolvimento f\u00edsico-esportivo do Sesc de S\u00e3o Paulo, destaca que, atualmente, muitos estudos j\u00e1 t\u00eam comprovado os benef\u00edcios dos exerc\u00edcios f\u00edsicos tanto para o corpo quanto para a mente e que isso n\u00e3o fica restrito a modalidades como nata\u00e7\u00e3o, ciclismo e corrida.<\/p>\n<p>\u201cOs trabalhos com sobrecarga, independentemente de ser peso, muscula\u00e7\u00e3o, com o pr\u00f3prio peso, com el\u00e1stico ou molas, t\u00eam mostrado que, al\u00e9m dos benef\u00edcios f\u00edsicos, trazem melhoras cognitivas e relacionadas \u00e0 sa\u00fade mental, de foco\u201d, esclarece.<\/p>\n<p>Atualmente, a calistenia, que \u00e9 o m\u00e9todo utilizado para a pr\u00e1tica de exerc\u00edcios f\u00edsicos apenas com o peso do pr\u00f3prio corpo como resist\u00eancia, \u00e9 a terceira modalidade esportiva com mais interesse no mundo, segundo uma revista acad\u00eamica.<\/p>\n<p>A especialista lembra que s\u00f3 mais recentemente \u00e9 que se come\u00e7ou a recomendar a idosos esse tipo de exerc\u00edcio, porque antes era consenso de que deviam praticar algo como hidrogin\u00e1stica ou dan\u00e7a. A imagem de fragilidade que se tinha dos idosos estava por tr\u00e1s dessa percep\u00e7\u00e3o, que agora mudou com as descobertas de pesquisas mais recentes.<\/p>\n<p>Ela lembra que, a partir dos 30 anos de idade, toda pessoa vai perdendo for\u00e7a, equil\u00edbrio e massa magra, processo que deve ser refreado.<\/p>\n<p>\u201cHoje em dia, a gente v\u00ea o contr\u00e1rio, os m\u00e9dicos indicando um trabalho de for\u00e7a, de resist\u00eancia, justamente porque os estudos v\u00eam mostrando a import\u00e2ncia de prote\u00e7\u00e3o, de ter mais massa muscular -, porque a gente vai perdendo essa massa para tantas coisas -, para conseguirmos fazer as atividades do dia a dia sem depender de ningu\u00e9m\u201d, afirma Alessandra.<\/p>\n<p>A t\u00e9cnica do Sesc destaca a necessidade de pol\u00edticas p\u00fablicas para facilitar o acesso \u00e0s atividades f\u00edsicas por toda a popula\u00e7\u00e3o.<\/p>\n<p>\u201cA gente precisa de pol\u00edticas p\u00fablicas que consiga incluir o profissional de educa\u00e7\u00e3o f\u00edsica nas UBS [Unidades B\u00e1sicas de Sa\u00fade], no SUS [Sistema \u00danico de Sa\u00fade], porque esse trabalho precisa ser multidisciplinar. Tem que ter o m\u00e9dico, o profissional de educa\u00e7\u00e3o f\u00edsica, o fisioterapeuta e destacar o trabalho do educador f\u00edsico. A gente ainda n\u00e3o v\u00ea tanto isso aqui no Brasil.\u201d<\/p>\n<p><em>Siga o Acorda Cidade no<\/em><a href=\"https:\/\/news.google.com\/search?q=acorda%20cidade&amp;hl=pt-BR&amp;gl=BR&amp;ceid=BR%3Apt-419\"><strong><em>\u00a0Google Not\u00edcias<\/em><\/strong><\/a><em>\u00a0e receba os principais destaques do dia. Participe tamb\u00e9m dos nossos canais no\u00a0<\/em><a href=\"https:\/\/whatsapp.com\/channel\/0029Va6Rb4v3WHTNnsh8WI3N\"><strong><em>WhatsApp<\/em><\/strong><\/a><em>\u00a0e\u00a0<\/em><a href=\"https:\/\/www.youtube.com\/@acordacidadenoticias\/videos\"><strong>YouTube<\/strong><\/a><em>\u00a0e do grupo no\u00a0<\/em><a href=\"https:\/\/t.me\/+sSz0khrgARA0ZmRh\"><strong><em>Telegram<\/em><\/strong><\/a><em>.<\/em><\/p>\n<\/div>\n","protected":false},"excerpt":{"rendered":"<div>\n<div>\n<figure><img decoding=\"async\" src=\"https:\/\/uploads.acordacidade.com.br\/2025\/04\/Musculacao-protege-cerebro-de-idosos-contra-demencia-diz-estudo.jpg\" alt=\"Muscula\u00e7\u00e3o protege c\u00e9rebro de idosos contra dem\u00eancia\"><figcaption>Foto: Rovena Rosa\/Ag\u00eancia Brasil<\/figcaption><\/figure>\n<\/div>\n<p>Pr\u00e1tica tamb\u00e9m promove melhoras de mem\u00f3ria e na anatomia cerebral<\/p><\/div>\n","protected":false},"author":1,"featured_media":80645,"comment_status":"closed","ping_status":"closed","sticky":false,"template":"","format":"gallery","meta":{"footnotes":""},"categories":[8,9,6,57,56,10],"tags":[],"class_list":["post-80644","post","type-post","status-publish","format-gallery","has-post-thumbnail","hentry","category-bahia","category-brasil","category-feira-de-santana","category-mundo","category-policia","category-politica","post_format-post-format-gallery"],"featured_image_urls":{"full":["https:\/\/noticiasbahia360.com.br\/wp-content\/uploads\/2025\/04\/Musculacao-protege-cerebro-de-idosos-contra-demencia-diz-estudo.jpg",1200,718,false],"thumbnail":["https:\/\/noticiasbahia360.com.br\/wp-content\/uploads\/2025\/04\/Musculacao-protege-cerebro-de-idosos-contra-demencia-diz-estudo-150x150.jpg",150,150,true],"medium":["https:\/\/noticiasbahia360.com.br\/wp-content\/uploads\/2025\/04\/Musculacao-protege-cerebro-de-idosos-contra-demencia-diz-estudo-300x180.jpg",300,180,true],"medium_large":["https:\/\/noticiasbahia360.com.br\/wp-content\/uploads\/2025\/04\/Musculacao-protege-cerebro-de-idosos-contra-demencia-diz-estudo-768x460.jpg",640,383,true],"large":["https:\/\/noticiasbahia360.com.br\/wp-content\/uploads\/2025\/04\/Musculacao-protege-cerebro-de-idosos-contra-demencia-diz-estudo-1024x613.jpg",640,383,true],"1536x1536":["https:\/\/noticiasbahia360.com.br\/wp-content\/uploads\/2025\/04\/Musculacao-protege-cerebro-de-idosos-contra-demencia-diz-estudo.jpg",1200,718,false],"2048x2048":["https:\/\/noticiasbahia360.com.br\/wp-content\/uploads\/2025\/04\/Musculacao-protege-cerebro-de-idosos-contra-demencia-diz-estudo.jpg",1200,718,false],"chromenews-featured":["https:\/\/noticiasbahia360.com.br\/wp-content\/uploads\/2025\/04\/Musculacao-protege-cerebro-de-idosos-contra-demencia-diz-estudo-1024x613.jpg",1024,613,true],"chromenews-large":["https:\/\/noticiasbahia360.com.br\/wp-content\/uploads\/2025\/04\/Musculacao-protege-cerebro-de-idosos-contra-demencia-diz-estudo-825x575.jpg",825,575,true],"chromenews-medium":["https:\/\/noticiasbahia360.com.br\/wp-content\/uploads\/2025\/04\/Musculacao-protege-cerebro-de-idosos-contra-demencia-diz-estudo-590x410.jpg",590,410,true]},"author_info":{"display_name":"noticiasbahia360.com.br","author_link":"https:\/\/noticiasbahia360.com.br\/?author=1"},"category_info":"<a href=\"https:\/\/noticiasbahia360.com.br\/?cat=8\" rel=\"category\">Bahia<\/a> <a href=\"https:\/\/noticiasbahia360.com.br\/?cat=9\" rel=\"category\">Brasil<\/a> <a href=\"https:\/\/noticiasbahia360.com.br\/?cat=6\" rel=\"category\">Feira de Santana<\/a> <a href=\"https:\/\/noticiasbahia360.com.br\/?cat=57\" rel=\"category\">Mundo<\/a> <a href=\"https:\/\/noticiasbahia360.com.br\/?cat=56\" rel=\"category\">Pol\u00edcia<\/a> <a href=\"https:\/\/noticiasbahia360.com.br\/?cat=10\" rel=\"category\">Pol\u00edtica<\/a>","tag_info":"Pol\u00edtica","comment_count":"0","_links":{"self":[{"href":"https:\/\/noticiasbahia360.com.br\/index.php?rest_route=\/wp\/v2\/posts\/80644","targetHints":{"allow":["GET"]}}],"collection":[{"href":"https:\/\/noticiasbahia360.com.br\/index.php?rest_route=\/wp\/v2\/posts"}],"about":[{"href":"https:\/\/noticiasbahia360.com.br\/index.php?rest_route=\/wp\/v2\/types\/post"}],"author":[{"embeddable":true,"href":"https:\/\/noticiasbahia360.com.br\/index.php?rest_route=\/wp\/v2\/users\/1"}],"replies":[{"embeddable":true,"href":"https:\/\/noticiasbahia360.com.br\/index.php?rest_route=%2Fwp%2Fv2%2Fcomments&post=80644"}],"version-history":[{"count":0,"href":"https:\/\/noticiasbahia360.com.br\/index.php?rest_route=\/wp\/v2\/posts\/80644\/revisions"}],"wp:featuredmedia":[{"embeddable":true,"href":"https:\/\/noticiasbahia360.com.br\/index.php?rest_route=\/wp\/v2\/media\/80645"}],"wp:attachment":[{"href":"https:\/\/noticiasbahia360.com.br\/index.php?rest_route=%2Fwp%2Fv2%2Fmedia&parent=80644"}],"wp:term":[{"taxonomy":"category","embeddable":true,"href":"https:\/\/noticiasbahia360.com.br\/index.php?rest_route=%2Fwp%2Fv2%2Fcategories&post=80644"},{"taxonomy":"post_tag","embeddable":true,"href":"https:\/\/noticiasbahia360.com.br\/index.php?rest_route=%2Fwp%2Fv2%2Ftags&post=80644"}],"curies":[{"name":"wp","href":"https:\/\/api.w.org\/{rel}","templated":true}]}}