{"id":80646,"date":"2025-04-01T12:35:37","date_gmt":"2025-04-01T15:35:37","guid":{"rendered":"https:\/\/noticiasbahia360.com.br\/?p=80646"},"modified":"2025-04-01T12:35:37","modified_gmt":"2025-04-01T15:35:37","slug":"mec-divulga-lista-de-espera-do-prouni-2025-do-primeiro-semestre","status":"publish","type":"post","link":"https:\/\/noticiasbahia360.com.br\/?p=80646","title":{"rendered":"MEC divulga lista de espera do Prouni 2025 do primeiro semestre"},"content":{"rendered":"<div>\n<div>\n<figure><img decoding=\"async\" src=\"http:\/\/noticiasbahia360.com.br\/wp-content\/uploads\/2025\/04\/enem_2020_prova_mcajr_2401214016-jovens-prouni-universidade-concursoo-640.jpg\" alt=\"lista de espera do Prouni\"><figcaption>Estudantes de todo Brasil, fazem o segundo dia de prova do Enem (Exame Nacional do Ensino M\u00e9dio<\/figcaption><\/figure>\n<\/div>\n<p>Ag\u00eancia Brasil \u2013 O Minist\u00e9rio da Educa\u00e7\u00e3o (MEC) divulgou nesta ter\u00e7a-feira (1\u00ba) os pr\u00e9-selecionados na lista de espera para bolsas do Programa Universidade para Todos (Prouni) do primeiro semestre de 2025.<\/p>\n<p>Os candidatos j\u00e1 podem conferir online o resultado da sele\u00e7\u00e3o no <a href=\"https:\/\/acessounico.mec.gov.br\/prouni\" target=\"_blank\" rel=\"noreferrer noopener\">Portal \u00danico de Acesso ao Ensino Superior, na aba do ProUni <\/a>com Cadastro de Pessoa F\u00edsica (CPF) e senha da conta da plataforma de servi\u00e7os digitais do governo federal, o <a href=\"https:\/\/sso.acesso.gov.br\/login?client_id=prounialuno.mec.gov.br&amp;authorization_id=195f16ccf34\" target=\"_blank\" rel=\"noreferrer noopener\">Gov.br<\/a>.<\/p>\n<p>O ProUni oferta bolsas de estudo integrais (100%) e parciais (50%) do valor da mensalidade em cursos de gradua\u00e7\u00e3o de institui\u00e7\u00f5es de educa\u00e7\u00e3o superior privadas.\u202fO p\u00fablico alvo do programa s\u00e3o os estudantes brasileiros sem diploma de n\u00edvel superior.<\/p>\n<h2 class=\"wp-block-heading\" id=\"h-prazo\">Prazo<\/h2>\n<p>Todo o processo \u00e9 gratuito e as informa\u00e7\u00f5es oficiais s\u00e3o divulgadas nos canais de comunica\u00e7\u00e3o do MEC.<\/p>\n<p>Quem estiver na\u202flista de espera do Prouni 2025\/1 divulgada nesta ter\u00e7a-feira dever\u00e1 comparecer\u202f\u00e0\u202ffaculdade privada escolhida de 1\u00ba a 11 de abril,\u202fpara\u202fcomprovar\u202fas informa\u00e7\u00f5es prestadas no momento da inscri\u00e7\u00e3o.<\/p>\n<p>A institui\u00e7\u00e3o de ensino superior define se a entrega da documenta\u00e7\u00e3o pode ser feita virtualmente ou de forma presencial na pr\u00f3pria faculdade onde o candidato foi selecionado.<\/p>\n<p>De acordo com o <a href=\"https:\/\/prouniportal.mec.gov.br\/images\/legislacao\/2025\/edital_nr_2_de_15_de_janeiro_de_2025.pdf\" target=\"_blank\" rel=\"noreferrer noopener\">edital do Prouni 2025\/1<\/a>, entre os documentos exigidos dos estudantes est\u00e3o o de identifica\u00e7\u00e3o do candidato e dos membros do grupo familiar, al\u00e9m dos comprovantes de resid\u00eancia; de onde cursou o ensino m\u00e9dio; de rendimentos; e quando for o caso, se \u00e9 professor da educa\u00e7\u00e3o b\u00e1sica, se houve separa\u00e7\u00e3o, div\u00f3rcio ou \u00f3bito dos pais; ou se \u00e9 pessoa com defici\u00eancia.<\/p>\n<p>Para ser benefici\u00e1rio das bolsas integrais, o inscrito deve ter a renda familiar bruta mensal por pessoa at\u00e9 um sal\u00e1rio m\u00ednimo e meio, atualmente R$ 2.277. No caso de bolsas parciais (50%), o candidato deve comprovar que a renda familiar bruta mensal per capita n\u00e3o ultrapassa tr\u00eas sal\u00e1rios m\u00ednimos (R$ 4.554).<\/p>\n<p><strong>As institui\u00e7\u00f5es de ensino ainda podem fazer exig\u00eancias adicionais.<\/strong><\/p>\n<h2 class=\"wp-block-heading\" id=\"h-prouni-2025-1\">Prouni 2025\/1<\/h2>\n<p>Nesta primeira edi\u00e7\u00e3o do Prouni, foram ofertadas 338.444 bolsas em 403 cursos de 1.031 institui\u00e7\u00f5es privadas por todo o pa\u00eds. Dessas bolsas, 203.539 s\u00e3o integrais e 134.905 parciais.<\/p>\n<p>A edi\u00e7\u00e3o de 2025 do Prouni teve 1,5\u202fmilh\u00e3o de inscri\u00e7\u00f5es, sendo que cada participante pode escolher at\u00e9 dois cursos\u202fpara concorrer\u202f\u00e0\u202fbolsa.<\/p>\n<p>Na primeira chamada do Prouni 2025\/1, divulgada no in\u00edcio de fevereiro, 197.080\u202festudantes foram pr\u00e9-selecionados.<\/p>\n<p>Na segunda chamada, no fim de fevereiro, foram convocados 86.373 pr\u00e9-selecionados.<\/p>\n<p>Este ano, o Prouni comemora 20 anos de exist\u00eancia, com mais de 3,4 milh\u00f5es de estudantes beneficiados.<\/p>\n<p><em>Siga o Acorda Cidade no<\/em><a href=\"https:\/\/news.google.com\/search?q=acorda%20cidade&amp;hl=pt-BR&amp;gl=BR&amp;ceid=BR%3Apt-419\"><strong><em>\u00a0Google Not\u00edcias<\/em><\/strong><\/a><em>\u00a0e receba os principais destaques do dia. Participe tamb\u00e9m dos nossos canais no\u00a0<\/em><a href=\"https:\/\/whatsapp.com\/channel\/0029Va6Rb4v3WHTNnsh8WI3N\"><strong><em>WhatsApp<\/em><\/strong><\/a><em>\u00a0e\u00a0<\/em><a href=\"https:\/\/www.youtube.com\/@acordacidadenoticias\/videos\"><strong>YouTube<\/strong><\/a><em>\u00a0e do grupo no\u00a0<\/em><a href=\"https:\/\/t.me\/+sSz0khrgARA0ZmRh\"><strong><em>Telegram<\/em><\/strong><\/a><em>.<\/em><\/p>\n<\/div>\n","protected":false},"excerpt":{"rendered":"<div>\n<div>\n<figure><img decoding=\"async\" src=\"https:\/\/uploads.acordacidade.com.br\/wp-content\/uploads\/2022\/10\/07161701\/enem_2020_prova_mcajr_2401214016-jovens-prouni-universidade-concursoo-640.jpg\" alt=\"lista de espera do Prouni\"><figcaption>Estudantes de todo Brasil, fazem o segundo dia de prova do Enem (Exame Nacional do Ensino M\u00e9dio<\/figcaption><\/figure>\n<\/div>\n<p>Foram ofertadas 338.444 bolsas em 403 cursos de 1.031 institui\u00e7\u00f5es<\/p><\/div>\n","protected":false},"author":1,"featured_media":80647,"comment_status":"closed","ping_status":"closed","sticky":false,"template":"","format":"gallery","meta":{"footnotes":""},"categories":[8,9,6,57,56,10],"tags":[],"class_list":["post-80646","post","type-post","status-publish","format-gallery","has-post-thumbnail","hentry","category-bahia","category-brasil","category-feira-de-santana","category-mundo","category-policia","category-politica","post_format-post-format-gallery"],"featured_image_urls":{"full":["https:\/\/noticiasbahia360.com.br\/wp-content\/uploads\/2025\/04\/enem_2020_prova_mcajr_2401214016-jovens-prouni-universidade-concursoo-640.jpg",640,382,false],"thumbnail":["https:\/\/noticiasbahia360.com.br\/wp-content\/uploads\/2025\/04\/enem_2020_prova_mcajr_2401214016-jovens-prouni-universidade-concursoo-640-150x150.jpg",150,150,true],"medium":["https:\/\/noticiasbahia360.com.br\/wp-content\/uploads\/2025\/04\/enem_2020_prova_mcajr_2401214016-jovens-prouni-universidade-concursoo-640-300x179.jpg",300,179,true],"medium_large":["https:\/\/noticiasbahia360.com.br\/wp-content\/uploads\/2025\/04\/enem_2020_prova_mcajr_2401214016-jovens-prouni-universidade-concursoo-640.jpg",640,382,false],"large":["https:\/\/noticiasbahia360.com.br\/wp-content\/uploads\/2025\/04\/enem_2020_prova_mcajr_2401214016-jovens-prouni-universidade-concursoo-640.jpg",640,382,false],"1536x1536":["https:\/\/noticiasbahia360.com.br\/wp-content\/uploads\/2025\/04\/enem_2020_prova_mcajr_2401214016-jovens-prouni-universidade-concursoo-640.jpg",640,382,false],"2048x2048":["https:\/\/noticiasbahia360.com.br\/wp-content\/uploads\/2025\/04\/enem_2020_prova_mcajr_2401214016-jovens-prouni-universidade-concursoo-640.jpg",640,382,false],"chromenews-featured":["https:\/\/noticiasbahia360.com.br\/wp-content\/uploads\/2025\/04\/enem_2020_prova_mcajr_2401214016-jovens-prouni-universidade-concursoo-640.jpg",640,382,false],"chromenews-large":["https:\/\/noticiasbahia360.com.br\/wp-content\/uploads\/2025\/04\/enem_2020_prova_mcajr_2401214016-jovens-prouni-universidade-concursoo-640.jpg",640,382,false],"chromenews-medium":["https:\/\/noticiasbahia360.com.br\/wp-content\/uploads\/2025\/04\/enem_2020_prova_mcajr_2401214016-jovens-prouni-universidade-concursoo-640-590x382.jpg",590,382,true]},"author_info":{"display_name":"noticiasbahia360.com.br","author_link":"https:\/\/noticiasbahia360.com.br\/?author=1"},"category_info":"<a href=\"https:\/\/noticiasbahia360.com.br\/?cat=8\" rel=\"category\">Bahia<\/a> <a href=\"https:\/\/noticiasbahia360.com.br\/?cat=9\" rel=\"category\">Brasil<\/a> <a href=\"https:\/\/noticiasbahia360.com.br\/?cat=6\" rel=\"category\">Feira de Santana<\/a> <a href=\"https:\/\/noticiasbahia360.com.br\/?cat=57\" rel=\"category\">Mundo<\/a> <a href=\"https:\/\/noticiasbahia360.com.br\/?cat=56\" rel=\"category\">Pol\u00edcia<\/a> <a href=\"https:\/\/noticiasbahia360.com.br\/?cat=10\" rel=\"category\">Pol\u00edtica<\/a>","tag_info":"Pol\u00edtica","comment_count":"0","_links":{"self":[{"href":"https:\/\/noticiasbahia360.com.br\/index.php?rest_route=\/wp\/v2\/posts\/80646","targetHints":{"allow":["GET"]}}],"collection":[{"href":"https:\/\/noticiasbahia360.com.br\/index.php?rest_route=\/wp\/v2\/posts"}],"about":[{"href":"https:\/\/noticiasbahia360.com.br\/index.php?rest_route=\/wp\/v2\/types\/post"}],"author":[{"embeddable":true,"href":"https:\/\/noticiasbahia360.com.br\/index.php?rest_route=\/wp\/v2\/users\/1"}],"replies":[{"embeddable":true,"href":"https:\/\/noticiasbahia360.com.br\/index.php?rest_route=%2Fwp%2Fv2%2Fcomments&post=80646"}],"version-history":[{"count":0,"href":"https:\/\/noticiasbahia360.com.br\/index.php?rest_route=\/wp\/v2\/posts\/80646\/revisions"}],"wp:featuredmedia":[{"embeddable":true,"href":"https:\/\/noticiasbahia360.com.br\/index.php?rest_route=\/wp\/v2\/media\/80647"}],"wp:attachment":[{"href":"https:\/\/noticiasbahia360.com.br\/index.php?rest_route=%2Fwp%2Fv2%2Fmedia&parent=80646"}],"wp:term":[{"taxonomy":"category","embeddable":true,"href":"https:\/\/noticiasbahia360.com.br\/index.php?rest_route=%2Fwp%2Fv2%2Fcategories&post=80646"},{"taxonomy":"post_tag","embeddable":true,"href":"https:\/\/noticiasbahia360.com.br\/index.php?rest_route=%2Fwp%2Fv2%2Ftags&post=80646"}],"curies":[{"name":"wp","href":"https:\/\/api.w.org\/{rel}","templated":true}]}}