{"id":80648,"date":"2025-04-01T12:35:39","date_gmt":"2025-04-01T15:35:39","guid":{"rendered":"https:\/\/noticiasbahia360.com.br\/?p=80648"},"modified":"2025-04-01T12:35:39","modified_gmt":"2025-04-01T15:35:39","slug":"reducao-nos-homicidios-em-feira-de-santana-e-resultado-de-acoes-integradas-das-forcas-de-seguranca-diz-delegado","status":"publish","type":"post","link":"https:\/\/noticiasbahia360.com.br\/?p=80648","title":{"rendered":"Redu\u00e7\u00e3o nos homic\u00eddios em Feira de Santana \u00e9 resultado de a\u00e7\u00f5es integradas das For\u00e7as de Seguran\u00e7a, diz delegado"},"content":{"rendered":"<div>\n<div>\n<figure><img decoding=\"async\" src=\"http:\/\/noticiasbahia360.com.br\/wp-content\/uploads\/2025\/04\/homicidio-no-george-americo-foto-ed-santos-acorda-cidade-23-09-23.jpg\" alt=\"Homic\u00eddios\"><figcaption>Foto: Ed Santos\/Acorda Cidade<\/figcaption><\/figure>\n<\/div>\n<p>No m\u00eas de mar\u00e7o deste ano, <a href=\"https:\/\/www.acordacidade.com.br\/policia\/policia-civil-registra-queda-de-455-dos-crimes-violentos-no-mes-de-marco-em-feira-de-santana\/\">Feira de Santana registrou uma significativa redu\u00e7\u00e3o no n\u00famero de homic\u00eddios, com 18 casos<\/a>. Segundo o delegado Gustavo Coutinho, titular da Delegacia de Homic\u00eddios, essa \u00e9 a menor taxa em mais de 20 anos. O resultado, de acordo com ele, \u00e9 fruto de um trabalho estruturado, com estrat\u00e9gias eficazes e integra\u00e7\u00e3o entre as pol\u00edcias Civil e Militar.<\/p>\n<p>Em entrevista ao Acorda Cidade, o delegado informou que a tend\u00eancia \u00e9 que esta redu\u00e7\u00e3o possa continuar pelos pr\u00f3ximos meses.<\/p>\n<figure class=\"wp-block-image size-large\"><img fetchpriority=\"high\" decoding=\"async\" width=\"1024\" height=\"768\" src=\"http:\/\/noticiasbahia360.com.br\/wp-content\/uploads\/2025\/04\/kpF2ZfZQ-complexodedelegacias_edsantos_acordacidade-1024x768-1.webp\" alt=\"Complexo de Delegacias\" class=\"wp-image-517551\" srcset=\"https:\/\/uploads.acordacidade.com.br\/2025\/04\/kpF2ZfZQ-complexodedelegacias_edsantos_acordacidade-300x225.webp 300w, http:\/\/noticiasbahia360.com.br\/wp-content\/uploads\/2025\/04\/kpF2ZfZQ-complexodedelegacias_edsantos_acordacidade-1024x768-1.webp 1024w, https:\/\/uploads.acordacidade.com.br\/2025\/04\/kpF2ZfZQ-complexodedelegacias_edsantos_acordacidade-768x576.webp 768w, https:\/\/uploads.acordacidade.com.br\/2025\/04\/kpF2ZfZQ-complexodedelegacias_edsantos_acordacidade-150x113.webp 150w, https:\/\/uploads.acordacidade.com.br\/2025\/04\/kpF2ZfZQ-complexodedelegacias_edsantos_acordacidade.webp 1200w\" sizes=\"(max-width: 1024px) 100vw, 1024px\"><figcaption class=\"wp-element-caption\">Foto: Ed Santos\/Acorda Cidade<\/figcaption><\/figure>\n<p>\u201cForam 18 casos, \u00e9 um n\u00famero bastante alto ainda, reconhe\u00e7o, e o ideal \u00e9 que n\u00e3o tivesse nenhum homic\u00eddio na cidade, mas \u00e9 um fator de se comemorar tendo em vista que h\u00e1 mais de 20 anos que n\u00e3o tivemos um \u00edndice t\u00e3o baixo assim na nossa cidade. Foi algo por acaso? Acredito que n\u00e3o, porque no m\u00eas de fevereiro tamb\u00e9m tivemos o menor \u00edndice dos \u00faltimos 14 anos. Em fevereiro, quando eu concedi algumas entrevistas, eu falei que o m\u00eas de mar\u00e7o iria manter essa tend\u00eancia de redu\u00e7\u00e3o. E acredito tamb\u00e9m que nos pr\u00f3ximos meses essa tend\u00eancia de baixa vai continuar. Desde que assumi a Delegacia de Homic\u00eddios em 2023, em outubro, houve uma reformula\u00e7\u00e3o total. Eu, juntamente com outros tr\u00eas adjuntos, assumimos a Delegacia de Homic\u00eddios, e de l\u00e1 para c\u00e1, procuramos algumas estrat\u00e9gias, ver o que estava errado, o que precisava melhorar. E uma coisa que eu prezo sempre \u00e9 para a integra\u00e7\u00e3o. A integra\u00e7\u00e3o \u00e9 da Pol\u00edcia Civil e a Pol\u00edcia Militar\u201d, destacou.<\/p>\n<p>Ao Acorda Cidade, Gustavo Coutinho informou que ap\u00f3s a reformula\u00e7\u00e3o na Delegacia de Homic\u00eddios, cada delegado fica respons\u00e1vel por uma \u00e1rea da cidade.<\/p>\n<p>\u201cHoje a Delegacia de homic\u00eddios conta com cinco delegados, um titular e quatro adjuntos, dessa forma conseguimos dividir a cidade em \u00e1reas. Cada delegado \u00e9 respons\u00e1vel por uma \u00e1rea, ent\u00e3o tem mais informa\u00e7\u00f5es, tem mais contato com moradores daquela regi\u00e3o, conhece mais os indiv\u00edduos que est\u00e3o atuando, que est\u00e3o matando. Ent\u00e3o com isso, n\u00f3s conseguimos identificar os autores, as pessoas que est\u00e3o sempre na linha de frente, praticando esses crimes, e conseguimos um n\u00famero elevad\u00edssimo de pris\u00f5es\u201d, pontuou.<\/p>\n<p>O titular da DH tamb\u00e9m comentou sobre os registros de crimes nos distritos de Feira de Santana.<\/p>\n<p>\u201cUm n\u00famero elevado nos distritos aqui em Feira de Santana, principalmente nos domingos, no final da semana, em que muitas pessoas come\u00e7am a beber em bares, e a maioria deles a\u00ed foi briga, discuss\u00e3o. Os autores em a maioria, foram identificados, a maioria das v\u00edtimas envolvidas com o tr\u00e1fico de drogas. Infelizmente \u00e9 uma triste realidade aqui em Feira de Santana. Mas o trabalho da Pol\u00edcia Civil tem sido feito de determinar a motiva\u00e7\u00e3o e a autoria. E com isso, o nosso trabalho \u00e9 esse, investigar, identificar os autores, representar pela pris\u00e3o preventiva e mandar eles para o pres\u00eddio\u201d, declarou.<\/p>\n<figure class=\"wp-block-image size-large\"><img decoding=\"async\" width=\"1024\" height=\"768\" src=\"http:\/\/noticiasbahia360.com.br\/wp-content\/uploads\/2025\/04\/2IRMrPhI-gustavocoutinho_yvescorreia_edsantos_acordacidade-1024x768-1.webp\" alt=\"Gustavo Coutinho e Yves Correia\" class=\"wp-image-517552\" srcset=\"https:\/\/uploads.acordacidade.com.br\/2025\/04\/2IRMrPhI-gustavocoutinho_yvescorreia_edsantos_acordacidade-300x225.webp 300w, http:\/\/noticiasbahia360.com.br\/wp-content\/uploads\/2025\/04\/2IRMrPhI-gustavocoutinho_yvescorreia_edsantos_acordacidade-1024x768-1.webp 1024w, https:\/\/uploads.acordacidade.com.br\/2025\/04\/2IRMrPhI-gustavocoutinho_yvescorreia_edsantos_acordacidade-768x576.webp 768w, https:\/\/uploads.acordacidade.com.br\/2025\/04\/2IRMrPhI-gustavocoutinho_yvescorreia_edsantos_acordacidade-150x113.webp 150w, https:\/\/uploads.acordacidade.com.br\/2025\/04\/2IRMrPhI-gustavocoutinho_yvescorreia_edsantos_acordacidade.webp 1200w\" sizes=\"(max-width: 1024px) 100vw, 1024px\"><figcaption class=\"wp-element-caption\">Foto: Ed Santos\/Acorda Cidade<\/figcaption><\/figure>\n<p>O Acorda Cidade tamb\u00e9m conversou com o coordenador da Pol\u00edcia Civil de Feira de Santana, delegado Yves Correia. Segundo ele, o n\u00famero de pris\u00f5es aumentou significativamente em 2025.<\/p>\n<p>\u201cOutro fator importante para a queda da criminalidade \u00e9 o aumento das pris\u00f5es. Apenas neste ano, 225 mandados de pris\u00e3o ou pris\u00f5es em flagrante foram cumpridos pela Pol\u00edcia Civil. O n\u00famero \u00e9 mais que o dobro do registrado no mesmo per\u00edodo de 2024, quando 97 mandados foram cumpridos no primeiro trimestre. Ao longo do ano passado, a cidade alcan\u00e7ou a marca de 800 mandados cumpridos, e a tend\u00eancia para 2025 \u00e9 superar esse n\u00famero\u201d, afirmou.<\/p>\n<p>Sobre o suporte da Secretaria da Seguran\u00e7a P\u00fablica, o delegado ressaltou que o \u00f3rg\u00e3o tem dado total apoio \u00e0 coordenadoria e \u00e0 Delegacia de Homic\u00eddios. Com a posse do novo delegado-geral, Andr\u00e9 Viana, a expectativa \u00e9 de mais investimentos para a cidade, incluindo refor\u00e7o no efetivo e maior integra\u00e7\u00e3o das intelig\u00eancias policiais.<\/p>\n<p>\u201cA realidade da Pol\u00edcia Civil em Feira de Santana \u00e9 de muito trabalho e opera\u00e7\u00f5es constantes. Continuaremos atuando de forma integrada com a Pol\u00edcia Militar, a Pol\u00edcia Federal e a PRF para combater o crime e garantir mais seguran\u00e7a para a popula\u00e7\u00e3o\u201d, finalizou o delegado Yves Correia.<\/p>\n<p>O tenente-coronel Michel Muller, comandante do Comando de Policiamento Regional Leste (CPRL), tamb\u00e9m atribui a redu\u00e7\u00e3o dos Crimes Violentos Letais Intencionais (CVLI) \u00e0s a\u00e7\u00f5es coordenadas das for\u00e7as de seguran\u00e7a.<\/p>\n<figure class=\"wp-block-image size-full is-resized\"><img decoding=\"async\" width=\"626\" height=\"404\" src=\"http:\/\/noticiasbahia360.com.br\/wp-content\/uploads\/2025\/04\/Tenente-coronel-Muller-Foto-Ed-Santos-Acorda-Cidade.jpg\" alt=\"Michel Muller\" class=\"wp-image-378618\" style=\"width:840px;height:auto\" srcset=\"https:\/\/uploads.acordacidade.com.br\/wp-content\/uploads\/2024\/03\/28155923\/Tenente-coronel-Muller-Foto-Ed-Santos-Acorda-Cidade-300x194.jpg 300w, http:\/\/noticiasbahia360.com.br\/wp-content\/uploads\/2025\/04\/Tenente-coronel-Muller-Foto-Ed-Santos-Acorda-Cidade.jpg 626w\" sizes=\"(max-width: 626px) 100vw, 626px\"><figcaption class=\"wp-element-caption\">Tenente coronel  M\u00fcller | Foto: Ed Santos\/Acorda Cidade <\/figcaption><\/figure>\n<p>Ele destacou o empenho dos policiais militares e a implementa\u00e7\u00e3o de ajustes operacionais para otimizar o patrulhamento em \u00e1reas estrat\u00e9gicas, como a Noide Cerqueira, que passou a ser exclusivamente de responsabilidade da 65\u00aa Companhia Independente de Pol\u00edcia Militar (CIPM).<\/p>\n<p>Outro fator determinante para os resultados positivos foi o aumento na apreens\u00e3o de drogas e armas de fogo, bem como a pris\u00e3o de membros e lideran\u00e7as de fac\u00e7\u00f5es criminosas. Muller refor\u00e7ou que a neutraliza\u00e7\u00e3o das atividades do tr\u00e1fico de drogas \u00e9 essencial para a continuidade da redu\u00e7\u00e3o da viol\u00eancia na cidade.<\/p>\n<p><em>Com informa\u00e7\u00f5es do rep\u00f3rter Ed Santos do Acorda Cidade<\/em><\/p>\n<p><strong>Leia tamb\u00e9m:<\/strong> <a href=\"https:\/\/www.acordacidade.com.br\/policia\/policia-civil-registra-queda-de-455-dos-crimes-violentos-no-mes-de-marco-em-feira-de-santana\/\">Pol\u00edcia Civil registra queda de 45,5% de mortes violentas no m\u00eas de mar\u00e7o em Feira de Santana<\/a><\/p>\n<p><em>Siga o Acorda Cidade no<\/em><a href=\"https:\/\/news.google.com\/search?q=acorda%20cidade&amp;hl=pt-BR&amp;gl=BR&amp;ceid=BR%3Apt-419\"><strong><em> Google Not\u00edcias<\/em><\/strong><\/a><em> e receba os principais destaques do dia. Participe tamb\u00e9m dos nossos canais no <\/em><a href=\"https:\/\/whatsapp.com\/channel\/0029Va6Rb4v3WHTNnsh8WI3N\"><strong><em>WhatsApp<\/em><\/strong><\/a><em> e <\/em><a href=\"https:\/\/www.youtube.com\/@acordacidadenoticias\/videos\"><strong>Youtube<\/strong><\/a><em> e grupo de <\/em><a href=\"https:\/\/t.me\/+sSz0khrgARA0ZmRh\"><strong><em>Telegram<\/em><\/strong><\/a><em>.<\/em><\/p>\n<\/div>\n","protected":false},"excerpt":{"rendered":"<div>\n<div>\n<figure><img decoding=\"async\" src=\"https:\/\/uploads.acordacidade.com.br\/wp-content\/uploads\/2023\/09\/23162953\/homicidio-no-george-americo-foto-ed-santos-acorda-cidade-23-09-23.jpg\" alt=\"Homic\u00eddios\"><figcaption>Foto: Ed Santos\/Acorda Cidade<\/figcaption><\/figure>\n<\/div>\n<p>O titular da Delegacia de Homic\u00eddios informou que a tend\u00eancia \u00e9 que esta redu\u00e7\u00e3o possa continuar pelos pr\u00f3ximos meses.<\/p><\/div>\n","protected":false},"author":1,"featured_media":80649,"comment_status":"closed","ping_status":"closed","sticky":false,"template":"","format":"gallery","meta":{"footnotes":""},"categories":[8,9,6,57,56,10],"tags":[],"class_list":["post-80648","post","type-post","status-publish","format-gallery","has-post-thumbnail","hentry","category-bahia","category-brasil","category-feira-de-santana","category-mundo","category-policia","category-politica","post_format-post-format-gallery"],"featured_image_urls":{"full":["https:\/\/noticiasbahia360.com.br\/wp-content\/uploads\/2025\/04\/homicidio-no-george-americo-foto-ed-santos-acorda-cidade-23-09-23.jpg",640,360,false],"thumbnail":["https:\/\/noticiasbahia360.com.br\/wp-content\/uploads\/2025\/04\/homicidio-no-george-americo-foto-ed-santos-acorda-cidade-23-09-23-150x150.jpg",150,150,true],"medium":["https:\/\/noticiasbahia360.com.br\/wp-content\/uploads\/2025\/04\/homicidio-no-george-americo-foto-ed-santos-acorda-cidade-23-09-23-300x169.jpg",300,169,true],"medium_large":["https:\/\/noticiasbahia360.com.br\/wp-content\/uploads\/2025\/04\/homicidio-no-george-americo-foto-ed-santos-acorda-cidade-23-09-23.jpg",640,360,false],"large":["https:\/\/noticiasbahia360.com.br\/wp-content\/uploads\/2025\/04\/homicidio-no-george-americo-foto-ed-santos-acorda-cidade-23-09-23.jpg",640,360,false],"1536x1536":["https:\/\/noticiasbahia360.com.br\/wp-content\/uploads\/2025\/04\/homicidio-no-george-americo-foto-ed-santos-acorda-cidade-23-09-23.jpg",640,360,false],"2048x2048":["https:\/\/noticiasbahia360.com.br\/wp-content\/uploads\/2025\/04\/homicidio-no-george-americo-foto-ed-santos-acorda-cidade-23-09-23.jpg",640,360,false],"chromenews-featured":["https:\/\/noticiasbahia360.com.br\/wp-content\/uploads\/2025\/04\/homicidio-no-george-americo-foto-ed-santos-acorda-cidade-23-09-23.jpg",640,360,false],"chromenews-large":["https:\/\/noticiasbahia360.com.br\/wp-content\/uploads\/2025\/04\/homicidio-no-george-americo-foto-ed-santos-acorda-cidade-23-09-23.jpg",640,360,false],"chromenews-medium":["https:\/\/noticiasbahia360.com.br\/wp-content\/uploads\/2025\/04\/homicidio-no-george-americo-foto-ed-santos-acorda-cidade-23-09-23-590x360.jpg",590,360,true]},"author_info":{"display_name":"noticiasbahia360.com.br","author_link":"https:\/\/noticiasbahia360.com.br\/?author=1"},"category_info":"<a href=\"https:\/\/noticiasbahia360.com.br\/?cat=8\" rel=\"category\">Bahia<\/a> <a href=\"https:\/\/noticiasbahia360.com.br\/?cat=9\" rel=\"category\">Brasil<\/a> <a href=\"https:\/\/noticiasbahia360.com.br\/?cat=6\" rel=\"category\">Feira de Santana<\/a> <a href=\"https:\/\/noticiasbahia360.com.br\/?cat=57\" rel=\"category\">Mundo<\/a> <a href=\"https:\/\/noticiasbahia360.com.br\/?cat=56\" rel=\"category\">Pol\u00edcia<\/a> <a href=\"https:\/\/noticiasbahia360.com.br\/?cat=10\" rel=\"category\">Pol\u00edtica<\/a>","tag_info":"Pol\u00edtica","comment_count":"0","_links":{"self":[{"href":"https:\/\/noticiasbahia360.com.br\/index.php?rest_route=\/wp\/v2\/posts\/80648","targetHints":{"allow":["GET"]}}],"collection":[{"href":"https:\/\/noticiasbahia360.com.br\/index.php?rest_route=\/wp\/v2\/posts"}],"about":[{"href":"https:\/\/noticiasbahia360.com.br\/index.php?rest_route=\/wp\/v2\/types\/post"}],"author":[{"embeddable":true,"href":"https:\/\/noticiasbahia360.com.br\/index.php?rest_route=\/wp\/v2\/users\/1"}],"replies":[{"embeddable":true,"href":"https:\/\/noticiasbahia360.com.br\/index.php?rest_route=%2Fwp%2Fv2%2Fcomments&post=80648"}],"version-history":[{"count":0,"href":"https:\/\/noticiasbahia360.com.br\/index.php?rest_route=\/wp\/v2\/posts\/80648\/revisions"}],"wp:featuredmedia":[{"embeddable":true,"href":"https:\/\/noticiasbahia360.com.br\/index.php?rest_route=\/wp\/v2\/media\/80649"}],"wp:attachment":[{"href":"https:\/\/noticiasbahia360.com.br\/index.php?rest_route=%2Fwp%2Fv2%2Fmedia&parent=80648"}],"wp:term":[{"taxonomy":"category","embeddable":true,"href":"https:\/\/noticiasbahia360.com.br\/index.php?rest_route=%2Fwp%2Fv2%2Fcategories&post=80648"},{"taxonomy":"post_tag","embeddable":true,"href":"https:\/\/noticiasbahia360.com.br\/index.php?rest_route=%2Fwp%2Fv2%2Ftags&post=80648"}],"curies":[{"name":"wp","href":"https:\/\/api.w.org\/{rel}","templated":true}]}}