{"id":80653,"date":"2025-04-01T12:35:46","date_gmt":"2025-04-01T15:35:46","guid":{"rendered":"https:\/\/noticiasbahia360.com.br\/?p=80653"},"modified":"2025-04-01T12:35:46","modified_gmt":"2025-04-01T15:35:46","slug":"prefeito-de-feira-de-santana-assina-ordem-de-servico-para-obras-em-escola-no-distrito-da-matinha","status":"publish","type":"post","link":"https:\/\/noticiasbahia360.com.br\/?p=80653","title":{"rendered":"Prefeito de Feira de Santana assina ordem de servi\u00e7o para obras em escola no Distrito da Matinha"},"content":{"rendered":"<div>\n<div>\n<figure><img decoding=\"async\" src=\"http:\/\/noticiasbahia360.com.br\/wp-content\/uploads\/2025\/04\/enento-assinatura-ordem-de-servico-escola-matinha-foto-paulo-jose-acorda-cidade-5.jpeg\" alt=\"prefeito\"><figcaption>Jos\u00e9 Ronaldo, prefeito de Feira de Santana | Foto: Paulo Jos\u00e9 \/ Acorda  Cidade <\/figcaption><\/figure>\n<\/div>\n<div class=\"wp-block-group\">\n<div class=\"wp-block-group__inner-container is-layout-constrained wp-block-group-is-layout-constrained\">\n<p>O prefeito de Feira de Santana, <a href=\"https:\/\/www.acordacidade.com.br\/?s=Jos%C3%A9+Ronaldo+\">Jos\u00e9 Ronaldo<\/a> (Uni\u00e3o Brasil), assinou a ordem de servi\u00e7o para a obra da Escola Municipal Tim\u00f3teo Ferreira da Silva, no distrito da Matinha. O ato marca o in\u00edcio dos trabalhos de reforma e amplia\u00e7\u00e3o da unidade.<\/p>\n<p>No projeto, est\u00e1 prevista a revitaliza\u00e7\u00e3o de toda a parte estrutural da escola, que <strong>contar\u00e1 com sete salas de aula, audit\u00f3rio, salas multiuso, cozinha, refeit\u00f3rio e uma quadra poliesportiva<\/strong>. O evento de oficializa\u00e7\u00e3o da obra contou tamb\u00e9m com a participa\u00e7\u00e3o do secret\u00e1rio de Educa\u00e7\u00e3o, Pablo Roberto.<\/p>\n<figure class=\"wp-block-image size-large\"><img fetchpriority=\"high\" fetchpriority=\"high\" decoding=\"async\" width=\"1024\" height=\"472\" src=\"http:\/\/noticiasbahia360.com.br\/wp-content\/uploads\/2025\/04\/t0aVSlnt-enento-assinatura-ordem-de-servico-escola-matinha-foto-paulo-jose-acorda-cidade-3-1024x472-1.webp\" alt=\"\" class=\"wp-image-517517\" srcset=\"https:\/\/uploads.acordacidade.com.br\/2025\/04\/t0aVSlnt-enento-assinatura-ordem-de-servico-escola-matinha-foto-paulo-jose-acorda-cidade-3-300x138.webp 300w, http:\/\/noticiasbahia360.com.br\/wp-content\/uploads\/2025\/04\/t0aVSlnt-enento-assinatura-ordem-de-servico-escola-matinha-foto-paulo-jose-acorda-cidade-3-1024x472-1.webp 1024w, https:\/\/uploads.acordacidade.com.br\/2025\/04\/t0aVSlnt-enento-assinatura-ordem-de-servico-escola-matinha-foto-paulo-jose-acorda-cidade-3-768x354.webp 768w, https:\/\/uploads.acordacidade.com.br\/2025\/04\/t0aVSlnt-enento-assinatura-ordem-de-servico-escola-matinha-foto-paulo-jose-acorda-cidade-3-1536x708.webp 1536w, https:\/\/uploads.acordacidade.com.br\/2025\/04\/t0aVSlnt-enento-assinatura-ordem-de-servico-escola-matinha-foto-paulo-jose-acorda-cidade-3-150x69.webp 150w, https:\/\/uploads.acordacidade.com.br\/2025\/04\/t0aVSlnt-enento-assinatura-ordem-de-servico-escola-matinha-foto-paulo-jose-acorda-cidade-3.webp 1600w\" sizes=\"(max-width: 1024px) 100vw, 1024px\"><figcaption class=\"wp-element-caption\">Foto: Paulo Jos\u00e9 \/ Acorda  Cidade <\/figcaption><\/figure>\n<p>\u201cSer\u00e1 uma escola nova. \u00c9 realmente uma obra grande para aquela regi\u00e3o. Podemos ver a alegria do povo, uma verdadeira multid\u00e3o estava presente, participando dessa autoriza\u00e7\u00e3o de obra. Foi, sem d\u00favida, um momento muito bacana, muito gostoso\u201d, disse o prefeito.<\/p>\n<p>O prazo oficial para a conclus\u00e3o da obra de reforma e amplia\u00e7\u00e3o da escola \u00e9 de cerca de um ano. A expectativa, tanto da prefeitura de Feira de Santana quanto dos moradores, \u00e9 que a unidade seja entregue o quanto antes.<\/p>\n<\/div>\n<\/div>\n<div class=\"wp-block-group\">\n<div class=\"wp-block-group__inner-container is-layout-constrained wp-block-group-is-layout-constrained\">\n<h2 class=\"wp-block-heading\" id=\"h-alegria-e-satisfacao\">Alegria e Satisfa\u00e7\u00e3o<\/h2>\n<p>Dona Maria de Lourdes Ferreira Vit\u00f3rio foi uma das muitas pessoas que estiveram presentes durante o evento de autoriza\u00e7\u00e3o da ordem de servi\u00e7o. Al\u00e9m da alegria natural de saber que a comunidade poder\u00e1 contar com um novo equipamento, ela revelou, em entrevista ao Acorda Cidade, que nutre um sentimento afetivo com o local.<\/p>\n<p>\u201cFui fundadora dessa escola, trabalhei aqui 27 anos da minha vida e a maioria dessas pessoas que est\u00e3o aqui foram meus alunos. Ent\u00e3o \u00e9 isso a\u00ed, a luta continua para que essa escola volte a ser uma escola digna dos alunos da comunidade estudarem\u201d, disse dona Maria de Lourdes.<\/p>\n<figure class=\"wp-block-image size-large\"><img decoding=\"async\" width=\"1024\" height=\"472\" src=\"http:\/\/noticiasbahia360.com.br\/wp-content\/uploads\/2025\/04\/U5QyI63L-enento-assinatura-ordem-de-servico-escola-matinha-foto-paulo-jose-acorda-cidade-1-1024x472-1.webp\" alt=\"prefeito\" class=\"wp-image-517520\" srcset=\"https:\/\/uploads.acordacidade.com.br\/2025\/04\/U5QyI63L-enento-assinatura-ordem-de-servico-escola-matinha-foto-paulo-jose-acorda-cidade-1-300x138.webp 300w, http:\/\/noticiasbahia360.com.br\/wp-content\/uploads\/2025\/04\/U5QyI63L-enento-assinatura-ordem-de-servico-escola-matinha-foto-paulo-jose-acorda-cidade-1-1024x472-1.webp 1024w, https:\/\/uploads.acordacidade.com.br\/2025\/04\/U5QyI63L-enento-assinatura-ordem-de-servico-escola-matinha-foto-paulo-jose-acorda-cidade-1-768x354.webp 768w, https:\/\/uploads.acordacidade.com.br\/2025\/04\/U5QyI63L-enento-assinatura-ordem-de-servico-escola-matinha-foto-paulo-jose-acorda-cidade-1-1536x708.webp 1536w, https:\/\/uploads.acordacidade.com.br\/2025\/04\/U5QyI63L-enento-assinatura-ordem-de-servico-escola-matinha-foto-paulo-jose-acorda-cidade-1-150x69.webp 150w, https:\/\/uploads.acordacidade.com.br\/2025\/04\/U5QyI63L-enento-assinatura-ordem-de-servico-escola-matinha-foto-paulo-jose-acorda-cidade-1.webp 1600w\" sizes=\"(max-width: 1024px) 100vw, 1024px\"><figcaption class=\"wp-element-caption\">Foto: Paulo Jos\u00e9 \/ Acorda  Cidade <\/figcaption><\/figure>\n<\/div>\n<\/div>\n<div class=\"wp-block-group\">\n<div class=\"wp-block-group__inner-container is-layout-constrained wp-block-group-is-layout-constrained\">\n<h2 class=\"wp-block-heading\" id=\"h-grande-homenagem\">Grande homenagem<\/h2>\n<p>Elzimar Alves Coutinho, neta de Tim\u00f3teo Ferreira, disse, em entrevista ao Acorda Cidade, que a fam\u00edlia considera uma grande homenagem a reforma da escola que leva o nome do patrono, uma personalidade que marcou positivamente a comunidade.<\/p>\n<p>\u201cA gente espera que venham melhorias para os filhos da gente, porque muitos deles foram embora pelo fato de a escola n\u00e3o ter estrutura para muitos alunos. Ent\u00e3o, a gente teve que tirar nossos filhos para ir para outro lugar. Esperamos que venham melhorias para que eles voltem para o lugar que \u00e9 pr\u00f3ximo de casa\u201d, disse Elzimar.<\/p>\n<figure class=\"wp-block-image size-large\"><img decoding=\"async\" width=\"1024\" height=\"472\" src=\"http:\/\/noticiasbahia360.com.br\/wp-content\/uploads\/2025\/04\/yFozF7kr-enento-assinatura-ordem-de-servico-escola-matinha-foto-paulo-jose-acorda-cidade-4-1024x472-1.webp\" alt=\"\" class=\"wp-image-517516\" srcset=\"https:\/\/uploads.acordacidade.com.br\/2025\/04\/yFozF7kr-enento-assinatura-ordem-de-servico-escola-matinha-foto-paulo-jose-acorda-cidade-4-300x138.webp 300w, http:\/\/noticiasbahia360.com.br\/wp-content\/uploads\/2025\/04\/yFozF7kr-enento-assinatura-ordem-de-servico-escola-matinha-foto-paulo-jose-acorda-cidade-4-1024x472-1.webp 1024w, https:\/\/uploads.acordacidade.com.br\/2025\/04\/yFozF7kr-enento-assinatura-ordem-de-servico-escola-matinha-foto-paulo-jose-acorda-cidade-4-768x354.webp 768w, https:\/\/uploads.acordacidade.com.br\/2025\/04\/yFozF7kr-enento-assinatura-ordem-de-servico-escola-matinha-foto-paulo-jose-acorda-cidade-4-1536x708.webp 1536w, https:\/\/uploads.acordacidade.com.br\/2025\/04\/yFozF7kr-enento-assinatura-ordem-de-servico-escola-matinha-foto-paulo-jose-acorda-cidade-4-150x69.webp 150w, https:\/\/uploads.acordacidade.com.br\/2025\/04\/yFozF7kr-enento-assinatura-ordem-de-servico-escola-matinha-foto-paulo-jose-acorda-cidade-4.webp 1600w\" sizes=\"(max-width: 1024px) 100vw, 1024px\"><figcaption class=\"wp-element-caption\">Foto: Paulo Jos\u00e9 \/ Acorda  Cidade <\/figcaption><\/figure>\n<\/div>\n<\/div>\n<div class=\"wp-block-group\">\n<div class=\"wp-block-group__inner-container is-layout-constrained wp-block-group-is-layout-constrained\">\n<h2 class=\"wp-block-heading\" id=\"h-trabalho-chegando\">Trabalho Chegando<\/h2>\n<p>O prefeito Jos\u00e9 Ronaldo aproveitou o evento de assinatura da ordem de servi\u00e7o para anunciar que deve, ainda nesta semana, divulgar outros projetos. O gestor disse que, na quarta (2), pretende visitar o centro municipal de tratamento do espectro autista (TEA) para lan\u00e7ar um projeto social.<\/p>\n<p>\u201cN\u00f3s vamos estar presentes com Gerusa Sampaio [Secret\u00e1ria da Mulher] e com Rodrigo Matos [Secret\u00e1rio de Sa\u00fade] e vamos fazer um an\u00fancio que era muito esperado pelos pais e m\u00e3es de crian\u00e7as autistas. Na quinta (3), n\u00f3s vamos estar no bairro Campo Limpo, autorizando tamb\u00e9m [obras] na escola Franci Barbosa. E, na sexta (4), n\u00f3s vamos estar no bairro Serraria Brasil, autorizando a escola Eduardo Froes da Mota\u201d, concluiu o prefeito.<\/p>\n<\/div>\n<\/div>\n<p><em>Com informa\u00e7\u00f5es do rep\u00f3rter Paulo Jos\u00e9 do Acorda Cidade <\/em><\/p>\n<p><em>Siga o Acorda Cidade no<\/em><a href=\"https:\/\/news.google.com\/search?q=acorda%20cidade&amp;hl=pt-BR&amp;gl=BR&amp;ceid=BR%3Apt-419\"><strong><em>\u00a0Google Not\u00edcias<\/em><\/strong><\/a><em>\u00a0e receba os principais destaques do dia. Participe tamb\u00e9m dos nossos canais no\u00a0<\/em><a href=\"https:\/\/whatsapp.com\/channel\/0029Va6Rb4v3WHTNnsh8WI3N\"><strong><em>WhatsApp<\/em><\/strong><\/a><em>\u00a0e\u00a0<\/em><a href=\"https:\/\/www.youtube.com\/@acordacidadenoticias\/videos\"><strong>YouTube<\/strong><\/a><em>\u00a0e do grupo no\u00a0<\/em><a href=\"https:\/\/t.me\/+sSz0khrgARA0ZmRh\"><strong><em>Telegram<\/em><\/strong><\/a><em>.<\/em><\/p>\n<\/div>\n","protected":false},"excerpt":{"rendered":"<div>\n<div>\n<figure><img decoding=\"async\" src=\"https:\/\/uploads.acordacidade.com.br\/2025\/04\/enento-assinatura-ordem-de-servico-escola-matinha-foto-paulo-jose-acorda-cidade-5.jpeg\" alt=\"prefeito\"><figcaption>Jos\u00e9 Ronaldo, prefeito de Feira de Santana | Foto: Paulo Jos\u00e9 \/ Acorda  Cidade <\/figcaption><\/figure>\n<\/div>\n<p>\u201cSer\u00e1 uma escola nova. \u00c9 realmente uma obra grande para aquela regi\u00e3o. Podemos ver a alegria do povo&#8221;, disse o prefeito.<\/p><\/div>\n","protected":false},"author":1,"featured_media":80654,"comment_status":"closed","ping_status":"closed","sticky":false,"template":"","format":"gallery","meta":{"footnotes":""},"categories":[8,9,6,57,56,10],"tags":[],"class_list":["post-80653","post","type-post","status-publish","format-gallery","has-post-thumbnail","hentry","category-bahia","category-brasil","category-feira-de-santana","category-mundo","category-policia","category-politica","post_format-post-format-gallery"],"featured_image_urls":{"full":["https:\/\/noticiasbahia360.com.br\/wp-content\/uploads\/2025\/04\/enento-assinatura-ordem-de-servico-escola-matinha-foto-paulo-jose-acorda-cidade-5.jpeg",1600,738,false],"thumbnail":["https:\/\/noticiasbahia360.com.br\/wp-content\/uploads\/2025\/04\/enento-assinatura-ordem-de-servico-escola-matinha-foto-paulo-jose-acorda-cidade-5-150x150.jpeg",150,150,true],"medium":["https:\/\/noticiasbahia360.com.br\/wp-content\/uploads\/2025\/04\/enento-assinatura-ordem-de-servico-escola-matinha-foto-paulo-jose-acorda-cidade-5-300x138.jpeg",300,138,true],"medium_large":["https:\/\/noticiasbahia360.com.br\/wp-content\/uploads\/2025\/04\/enento-assinatura-ordem-de-servico-escola-matinha-foto-paulo-jose-acorda-cidade-5-768x354.jpeg",640,295,true],"large":["https:\/\/noticiasbahia360.com.br\/wp-content\/uploads\/2025\/04\/enento-assinatura-ordem-de-servico-escola-matinha-foto-paulo-jose-acorda-cidade-5-1024x472.jpeg",640,295,true],"1536x1536":["https:\/\/noticiasbahia360.com.br\/wp-content\/uploads\/2025\/04\/enento-assinatura-ordem-de-servico-escola-matinha-foto-paulo-jose-acorda-cidade-5-1536x708.jpeg",1536,708,true],"2048x2048":["https:\/\/noticiasbahia360.com.br\/wp-content\/uploads\/2025\/04\/enento-assinatura-ordem-de-servico-escola-matinha-foto-paulo-jose-acorda-cidade-5.jpeg",1600,738,false],"chromenews-featured":["https:\/\/noticiasbahia360.com.br\/wp-content\/uploads\/2025\/04\/enento-assinatura-ordem-de-servico-escola-matinha-foto-paulo-jose-acorda-cidade-5-1024x472.jpeg",1024,472,true],"chromenews-large":["https:\/\/noticiasbahia360.com.br\/wp-content\/uploads\/2025\/04\/enento-assinatura-ordem-de-servico-escola-matinha-foto-paulo-jose-acorda-cidade-5-825x575.jpeg",825,575,true],"chromenews-medium":["https:\/\/noticiasbahia360.com.br\/wp-content\/uploads\/2025\/04\/enento-assinatura-ordem-de-servico-escola-matinha-foto-paulo-jose-acorda-cidade-5-590x410.jpeg",590,410,true]},"author_info":{"display_name":"noticiasbahia360.com.br","author_link":"https:\/\/noticiasbahia360.com.br\/?author=1"},"category_info":"<a href=\"https:\/\/noticiasbahia360.com.br\/?cat=8\" rel=\"category\">Bahia<\/a> <a href=\"https:\/\/noticiasbahia360.com.br\/?cat=9\" rel=\"category\">Brasil<\/a> <a href=\"https:\/\/noticiasbahia360.com.br\/?cat=6\" rel=\"category\">Feira de Santana<\/a> <a href=\"https:\/\/noticiasbahia360.com.br\/?cat=57\" rel=\"category\">Mundo<\/a> <a href=\"https:\/\/noticiasbahia360.com.br\/?cat=56\" rel=\"category\">Pol\u00edcia<\/a> <a href=\"https:\/\/noticiasbahia360.com.br\/?cat=10\" rel=\"category\">Pol\u00edtica<\/a>","tag_info":"Pol\u00edtica","comment_count":"0","_links":{"self":[{"href":"https:\/\/noticiasbahia360.com.br\/index.php?rest_route=\/wp\/v2\/posts\/80653","targetHints":{"allow":["GET"]}}],"collection":[{"href":"https:\/\/noticiasbahia360.com.br\/index.php?rest_route=\/wp\/v2\/posts"}],"about":[{"href":"https:\/\/noticiasbahia360.com.br\/index.php?rest_route=\/wp\/v2\/types\/post"}],"author":[{"embeddable":true,"href":"https:\/\/noticiasbahia360.com.br\/index.php?rest_route=\/wp\/v2\/users\/1"}],"replies":[{"embeddable":true,"href":"https:\/\/noticiasbahia360.com.br\/index.php?rest_route=%2Fwp%2Fv2%2Fcomments&post=80653"}],"version-history":[{"count":0,"href":"https:\/\/noticiasbahia360.com.br\/index.php?rest_route=\/wp\/v2\/posts\/80653\/revisions"}],"wp:featuredmedia":[{"embeddable":true,"href":"https:\/\/noticiasbahia360.com.br\/index.php?rest_route=\/wp\/v2\/media\/80654"}],"wp:attachment":[{"href":"https:\/\/noticiasbahia360.com.br\/index.php?rest_route=%2Fwp%2Fv2%2Fmedia&parent=80653"}],"wp:term":[{"taxonomy":"category","embeddable":true,"href":"https:\/\/noticiasbahia360.com.br\/index.php?rest_route=%2Fwp%2Fv2%2Fcategories&post=80653"},{"taxonomy":"post_tag","embeddable":true,"href":"https:\/\/noticiasbahia360.com.br\/index.php?rest_route=%2Fwp%2Fv2%2Ftags&post=80653"}],"curies":[{"name":"wp","href":"https:\/\/api.w.org\/{rel}","templated":true}]}}