{"id":80658,"date":"2025-04-01T13:10:13","date_gmt":"2025-04-01T16:10:13","guid":{"rendered":"https:\/\/noticiasbahia360.com.br\/?p=80658"},"modified":"2025-04-01T13:10:13","modified_gmt":"2025-04-01T16:10:13","slug":"estagiarios-fazem-manifestacao-por-melhores-condicoes-de-trabalho-em-frente-a-seduc","status":"publish","type":"post","link":"https:\/\/noticiasbahia360.com.br\/?p=80658","title":{"rendered":"Estagi\u00e1rios fazem manifesta\u00e7\u00e3o por melhores condi\u00e7\u00f5es de trabalho em frente \u00e0 Seduc"},"content":{"rendered":"<div>\n<div>\n<figure><img decoding=\"async\" src=\"http:\/\/noticiasbahia360.com.br\/wp-content\/uploads\/2025\/04\/f6tAOUq9-Mobilizacao-de-estagiarios-em-frente-a-Seduc-Pablo-Roberto-ft-ney-silva-acorda-cidade4.webp\" alt=\"Mobiliza\u00e7\u00e3o de estagi\u00e1rios em frente a Seduc\"><figcaption>Foto: Ney Silva\/Acorda Cidade<\/figcaption><\/figure>\n<\/div>\n<p>Na manh\u00e3 desta ter\u00e7a-feira (1\u00ba), estagi\u00e1rios contratados pela prefeitura para atuar na Secretaria de Educa\u00e7\u00e3o, realizaram uma mobiliza\u00e7\u00e3o em frente ao pr\u00e9dio da pasta para cobrar melhores condi\u00e7\u00f5es de trabalho para a categoria.\u00a0<\/p>\n<p>Segundo um dos estagi\u00e1rios contou ao Acorda Cidade, John Cleidson Azevedo, muitos estudantes est\u00e3o sendo responsabilizados por turmas inteiras de estudantes nas escolas municipais, algo que n\u00e3o foi discutido em contrato.\u00a0<\/p>\n<figure class=\"wp-block-image size-large\"><img fetchpriority=\"high\" fetchpriority=\"high\" decoding=\"async\" width=\"1024\" height=\"649\" src=\"http:\/\/noticiasbahia360.com.br\/wp-content\/uploads\/2025\/04\/SvKFSPih-Mobilizacao-de-estagiarios-em-frente-a-Seduc-Pablo-Roberto-ft-ney-silva-acorda-cidade7-1024x649-1.webp\" alt=\"Mobiliza\u00e7\u00e3o de estagi\u00e1rios em frente a Seduc \" class=\"wp-image-517591\" srcset=\"https:\/\/uploads.acordacidade.com.br\/2025\/04\/SvKFSPih-Mobilizacao-de-estagiarios-em-frente-a-Seduc-Pablo-Roberto-ft-ney-silva-acorda-cidade7-300x190.webp 300w, http:\/\/noticiasbahia360.com.br\/wp-content\/uploads\/2025\/04\/SvKFSPih-Mobilizacao-de-estagiarios-em-frente-a-Seduc-Pablo-Roberto-ft-ney-silva-acorda-cidade7-1024x649-1.webp 1024w, https:\/\/uploads.acordacidade.com.br\/2025\/04\/SvKFSPih-Mobilizacao-de-estagiarios-em-frente-a-Seduc-Pablo-Roberto-ft-ney-silva-acorda-cidade7-768x486.webp 768w, https:\/\/uploads.acordacidade.com.br\/2025\/04\/SvKFSPih-Mobilizacao-de-estagiarios-em-frente-a-Seduc-Pablo-Roberto-ft-ney-silva-acorda-cidade7-150x95.webp 150w, https:\/\/uploads.acordacidade.com.br\/2025\/04\/SvKFSPih-Mobilizacao-de-estagiarios-em-frente-a-Seduc-Pablo-Roberto-ft-ney-silva-acorda-cidade7.webp 1200w\" sizes=\"(max-width: 1024px) 100vw, 1024px\"><figcaption class=\"wp-element-caption\">Foto: Ney Silva\/Acorda Cidade<\/figcaption><\/figure>\n<p>\u201cBotam a gente para trabalhar com a crian\u00e7a, a gente acaba cuidando da sala. Tem relatos de estagi\u00e1rios que est\u00e3o assumindo turmas. A gente n\u00e3o \u00e9 capacitado para assumir turmas e nem recebemos para assumir turmas\u201d.\u00a0<\/p>\n<p>De acordo com o grupo, n\u00e3o houve organiza\u00e7\u00e3o por parte da Seduc para realizar a entrega dos contratos realizados este ano. Segundo John, os contratos foram entregues posteriormente \u00e0 data de in\u00edcio do trabalho.\u00a0<\/p>\n<p>\u201cO pessoal que recebeu, recebeu a menos. Teve o meu caso, por exemplo, que o contrato foi perdido e a escola j\u00e1 mandou eu trabalhar. Eu trabalhei durante o m\u00eas de mar\u00e7o e quando fui ver meu contracheque n\u00e3o estava l\u00e1. Vim aqui na Seduc, afirmaram que tinham perdido alguns contratos, o meu era um deles. E o que ele ofereceu para ressarcir a gente foi folga. S\u00f3 que a gente trabalhou de gra\u00e7a, deram folga, s\u00f3 que a gente n\u00e3o vai conseguir pagar nossas contas com folga, comprar nossa alimenta\u00e7\u00e3o com folga. Ent\u00e3o algumas coisas que a gente est\u00e1 pautando nisso \u00e9 o pagamento desses sal\u00e1rios reduzidos, o pagamento pelos meses que a gente trabalhou\u201d, disse.\u00a0<\/p>\n<figure class=\"wp-block-image size-large\"><img decoding=\"async\" width=\"1024\" height=\"629\" src=\"http:\/\/noticiasbahia360.com.br\/wp-content\/uploads\/2025\/04\/nEF8s1Fx-Mobilizacao-de-estagiarios-em-frente-a-Seduc-ft-ney-silva-acorda-cidade3-1024x629-1.webp\" alt=\"Mobiliza\u00e7\u00e3o de estagi\u00e1rios em frente a Seduc\" class=\"wp-image-517587\" srcset=\"https:\/\/uploads.acordacidade.com.br\/2025\/04\/nEF8s1Fx-Mobilizacao-de-estagiarios-em-frente-a-Seduc-ft-ney-silva-acorda-cidade3-300x184.webp 300w, http:\/\/noticiasbahia360.com.br\/wp-content\/uploads\/2025\/04\/nEF8s1Fx-Mobilizacao-de-estagiarios-em-frente-a-Seduc-ft-ney-silva-acorda-cidade3-1024x629-1.webp 1024w, https:\/\/uploads.acordacidade.com.br\/2025\/04\/nEF8s1Fx-Mobilizacao-de-estagiarios-em-frente-a-Seduc-ft-ney-silva-acorda-cidade3-768x472.webp 768w, https:\/\/uploads.acordacidade.com.br\/2025\/04\/nEF8s1Fx-Mobilizacao-de-estagiarios-em-frente-a-Seduc-ft-ney-silva-acorda-cidade3-150x92.webp 150w, https:\/\/uploads.acordacidade.com.br\/2025\/04\/nEF8s1Fx-Mobilizacao-de-estagiarios-em-frente-a-Seduc-ft-ney-silva-acorda-cidade3.webp 1200w\" sizes=\"(max-width: 1024px) 100vw, 1024px\"><figcaption class=\"wp-element-caption\">Foto: Ney Silva\/Acorda Cidade<\/figcaption><\/figure>\n<p>Atualmente, a Secretaria de Educa\u00e7\u00e3o paga um valor de R$ 551, mais R$ 240 do vale transporte, valor que segundo os estudantes, n\u00e3o \u00e9 reajustado h\u00e1 alguns anos. Uma das reivindica\u00e7\u00f5es \u00e9 melhorar a acessibilidade do valor que \u00e9 pago para o deslocamento, j\u00e1 que muitos estudantes n\u00e3o utilizam o passe do Via Feira.\u00a0<\/p>\n<p>\u201cTem gente que n\u00e3o consegue ir de \u00f4nibus para o trabalho e esse valor no cart\u00e3o n\u00e3o vai fazer diferen\u00e7a nenhuma porque n\u00e3o utiliza o \u00f4nibus. Atualmente o Estado paga R$ 850 para a mesma carga hor\u00e1ria de 20h semanais, algo que ocupa muito nosso tempo como estudantes. A gente n\u00e3o tem disponibilidade para fazer outros trabalhos, outras coisas e recebemos muito pouco. Queremos um aumento que realmente compense o nosso trabalho\u201d, disse o estudante em entrevista ao Acorda Cidade.\u00a0<\/p>\n<p>O jovem ainda explicou que nem todos os estudantes atuam na mesma fun\u00e7\u00e3o. Alguns trabalham na parte administrativa e outros s\u00e3o contratados como auxiliares de ensino especial.\u00a0 \u201cA gente n\u00e3o d\u00e1 aula, a gente acompanha um aluno PCD, algum aluno com neurodiverg\u00eancia. S\u00f3 que tem estagi\u00e1rios que cuidam de tr\u00eas alunos, uma sala, estagi\u00e1rios que tem que ficar pulando de sala em sala para poder realmente auxiliar esses garotos. E a gente acaba auxiliando a turma, sendo um auxiliar de professor\u201d, contou.<\/p>\n<figure class=\"wp-block-image size-large\"><img decoding=\"async\" width=\"1024\" height=\"588\" src=\"http:\/\/noticiasbahia360.com.br\/wp-content\/uploads\/2025\/04\/ozBFQ9cP-Mobilizacao-de-estagiarios-em-frente-a-Seduc-ft-ney-silva-acorda-cidade2-1024x588-1.webp\" alt=\"\" class=\"wp-image-517588\" srcset=\"https:\/\/uploads.acordacidade.com.br\/2025\/04\/ozBFQ9cP-Mobilizacao-de-estagiarios-em-frente-a-Seduc-ft-ney-silva-acorda-cidade2-300x172.webp 300w, http:\/\/noticiasbahia360.com.br\/wp-content\/uploads\/2025\/04\/ozBFQ9cP-Mobilizacao-de-estagiarios-em-frente-a-Seduc-ft-ney-silva-acorda-cidade2-1024x588-1.webp 1024w, https:\/\/uploads.acordacidade.com.br\/2025\/04\/ozBFQ9cP-Mobilizacao-de-estagiarios-em-frente-a-Seduc-ft-ney-silva-acorda-cidade2-768x441.webp 768w, https:\/\/uploads.acordacidade.com.br\/2025\/04\/ozBFQ9cP-Mobilizacao-de-estagiarios-em-frente-a-Seduc-ft-ney-silva-acorda-cidade2-150x86.webp 150w, https:\/\/uploads.acordacidade.com.br\/2025\/04\/ozBFQ9cP-Mobilizacao-de-estagiarios-em-frente-a-Seduc-ft-ney-silva-acorda-cidade2.webp 1200w\" sizes=\"(max-width: 1024px) 100vw, 1024px\"><figcaption class=\"wp-element-caption\">Foto: Ney Silva\/Acorda Cidade<\/figcaption><\/figure>\n<p>O gestor da Seduc disse em entrevista ao Programa Acorda Cidade, na manh\u00e3 desta ter\u00e7a-feira (1\u00ba), que o munic\u00edpio contratou 1.028 estagi\u00e1rios e que, a manifesta\u00e7\u00e3o realizada pelos estudantes seria m\u00e1-f\u00e9, j\u00e1 que eles acabaram de ser contratados. As atividades come\u00e7aram no dia 6 de fevereiro.\u00a0<\/p>\n<p>\u201cN\u00e3o \u00e9 sal\u00e1rio, \u00e9 uma bolsa que voc\u00ea recebe por uma jornada de quatro horas, ent\u00e3o voc\u00ea assina o contrato. Ent\u00e3o eu vejo, inclusive, m\u00e1-f\u00e9, voc\u00ea assinar um contrato em um dia e no outro dia voc\u00ea fazer um tipo de paralisa\u00e7\u00e3o e de mobiliza\u00e7\u00e3o\u201d, declarou o secret\u00e1rio.\u00a0<\/p>\n<figure class=\"wp-block-image size-large\"><img decoding=\"async\" width=\"1024\" height=\"589\" src=\"http:\/\/noticiasbahia360.com.br\/wp-content\/uploads\/2025\/04\/Fhudg6Bs-Mobilizacao-de-estagiarios-em-frente-a-Seduc-ft-ney-silva-acorda-cidade-1024x589-1.webp\" alt=\"Mobiliza\u00e7\u00e3o de estagi\u00e1rios em frente a Seduc\" class=\"wp-image-517590\" srcset=\"https:\/\/uploads.acordacidade.com.br\/2025\/04\/Fhudg6Bs-Mobilizacao-de-estagiarios-em-frente-a-Seduc-ft-ney-silva-acorda-cidade-300x173.webp 300w, http:\/\/noticiasbahia360.com.br\/wp-content\/uploads\/2025\/04\/Fhudg6Bs-Mobilizacao-de-estagiarios-em-frente-a-Seduc-ft-ney-silva-acorda-cidade-1024x589-1.webp 1024w, https:\/\/uploads.acordacidade.com.br\/2025\/04\/Fhudg6Bs-Mobilizacao-de-estagiarios-em-frente-a-Seduc-ft-ney-silva-acorda-cidade-768x442.webp 768w, https:\/\/uploads.acordacidade.com.br\/2025\/04\/Fhudg6Bs-Mobilizacao-de-estagiarios-em-frente-a-Seduc-ft-ney-silva-acorda-cidade-150x86.webp 150w, https:\/\/uploads.acordacidade.com.br\/2025\/04\/Fhudg6Bs-Mobilizacao-de-estagiarios-em-frente-a-Seduc-ft-ney-silva-acorda-cidade.webp 1200w\" sizes=\"(max-width: 1024px) 100vw, 1024px\"><figcaption class=\"wp-element-caption\">Foto: Ney Silva\/Acorda Cidade<\/figcaption><\/figure>\n<p>Ap\u00f3s a mobiliza\u00e7\u00e3o em frente a Seduc, Pablo recebeu representantes do grupo para discutir sobre as pautas apresentadas. Ele disse que vai avaliar as reivindica\u00e7\u00f5es ap\u00f3s os estagi\u00e1rios protocolarem as solicita\u00e7\u00f5es.\u00a0\u00a0\u00a0<\/p>\n<p>\u201cTudo aquilo que foi colocado, eu orientei que eles protocolassem a solicita\u00e7\u00e3o, alguns esclarecimentos foram dados e os outros, que depende da administra\u00e7\u00e3o, assim que tiver o retorno, eletronicamente, n\u00f3s vamos responder no endere\u00e7o que eles deixaram no of\u00edcio\u201d.<\/p>\n<figure class=\"wp-block-image size-large\"><img loading=\"lazy\" decoding=\"async\" width=\"1024\" height=\"629\" src=\"http:\/\/noticiasbahia360.com.br\/wp-content\/uploads\/2025\/04\/L141TXGj-Mobilizacao-de-estagiarios-em-frente-a-Seduc-Pablo-Roberto-ft-ney-silva-acorda-cidade3-1024x629-1.webp\" alt=\"Mobiliza\u00e7\u00e3o de estagi\u00e1rios em frente a Seduc\" class=\"wp-image-517586\" srcset=\"https:\/\/uploads.acordacidade.com.br\/2025\/04\/L141TXGj-Mobilizacao-de-estagiarios-em-frente-a-Seduc-Pablo-Roberto-ft-ney-silva-acorda-cidade3-300x184.webp 300w, http:\/\/noticiasbahia360.com.br\/wp-content\/uploads\/2025\/04\/L141TXGj-Mobilizacao-de-estagiarios-em-frente-a-Seduc-Pablo-Roberto-ft-ney-silva-acorda-cidade3-1024x629-1.webp 1024w, https:\/\/uploads.acordacidade.com.br\/2025\/04\/L141TXGj-Mobilizacao-de-estagiarios-em-frente-a-Seduc-Pablo-Roberto-ft-ney-silva-acorda-cidade3-768x472.webp 768w, https:\/\/uploads.acordacidade.com.br\/2025\/04\/L141TXGj-Mobilizacao-de-estagiarios-em-frente-a-Seduc-Pablo-Roberto-ft-ney-silva-acorda-cidade3-150x92.webp 150w, https:\/\/uploads.acordacidade.com.br\/2025\/04\/L141TXGj-Mobilizacao-de-estagiarios-em-frente-a-Seduc-Pablo-Roberto-ft-ney-silva-acorda-cidade3.webp 1200w\" sizes=\"(max-width: 1024px) 100vw, 1024px\"><figcaption class=\"wp-element-caption\">Foto: Ney Silva\/Acorda Cidade<\/figcaption><\/figure>\n<p>Segundo o secret\u00e1rio, os contratos est\u00e3o no sistema e n\u00e3o tem como se perder. \u201cQuando voc\u00ea n\u00e3o localiza o f\u00edsico, voc\u00ea vai ao sistema e voc\u00ea faz a impress\u00e3o\u201d.\u00a0<\/p>\n<p>Com rela\u00e7\u00e3o ao pagamento, ele informou que a Seduc vai buscar as informa\u00e7\u00f5es sobre o que est\u00e1 ocorrendo para ent\u00e3o dar uma posi\u00e7\u00e3o aos estudantes.\u00a0<\/p>\n<p>\u201cEstamos completando a\u00ed 30 dias e n\u00e3o tem nenhum registro na Secretaria de nenhum estagi\u00e1rio que estagiou esse per\u00edodo sem receber\u201d.\u00a0<\/p>\n<p>Ainda segundo Pablo informou ao Acorda Cidade, a prefeitura vai publicar uma licita\u00e7\u00e3o nos pr\u00f3ximos dias para que institui\u00e7\u00f5es trabalhem em parceria com o munic\u00edpio para gerir a atua\u00e7\u00e3o dos estagi\u00e1rios.\u00a0<\/p>\n<figure class=\"wp-block-image size-large\"><img loading=\"lazy\" decoding=\"async\" width=\"1024\" height=\"589\" src=\"http:\/\/noticiasbahia360.com.br\/wp-content\/uploads\/2025\/04\/b2BUq2nM-Mobilizacao-de-estagiarios-em-frente-a-Seduc-ft-ney-silva-acorda-cidade1-1024x589-1.webp\" alt=\"Mobiliza\u00e7\u00e3o de estagi\u00e1rios em frente a Seduc\" class=\"wp-image-517589\" srcset=\"https:\/\/uploads.acordacidade.com.br\/2025\/04\/b2BUq2nM-Mobilizacao-de-estagiarios-em-frente-a-Seduc-ft-ney-silva-acorda-cidade1-300x173.webp 300w, http:\/\/noticiasbahia360.com.br\/wp-content\/uploads\/2025\/04\/b2BUq2nM-Mobilizacao-de-estagiarios-em-frente-a-Seduc-ft-ney-silva-acorda-cidade1-1024x589-1.webp 1024w, https:\/\/uploads.acordacidade.com.br\/2025\/04\/b2BUq2nM-Mobilizacao-de-estagiarios-em-frente-a-Seduc-ft-ney-silva-acorda-cidade1-768x442.webp 768w, https:\/\/uploads.acordacidade.com.br\/2025\/04\/b2BUq2nM-Mobilizacao-de-estagiarios-em-frente-a-Seduc-ft-ney-silva-acorda-cidade1-150x86.webp 150w, https:\/\/uploads.acordacidade.com.br\/2025\/04\/b2BUq2nM-Mobilizacao-de-estagiarios-em-frente-a-Seduc-ft-ney-silva-acorda-cidade1.webp 1200w\" sizes=\"(max-width: 1024px) 100vw, 1024px\"><figcaption class=\"wp-element-caption\">Foto: Ney Silva\/Acorda Cidade<\/figcaption><\/figure>\n<p>O secret\u00e1rio tamb\u00e9m afirmou que no momento, em compara\u00e7\u00e3o com o valor pago pelo governo do estado, n\u00e3o haver\u00e1 reajuste da bolsa. \u201cCada ente paga aquilo que ele tem possibilidade de fazer. Se o Estado paga um valor maior \u00e9 porque ele tem disponibilidade financeira para pagar maior. O que o munic\u00edpio paga hoje \u00e9 aquilo que \u00e9 poss\u00edvel dentro das condi\u00e7\u00f5es da municipalidade. Claro que como se trata de um chamamento p\u00fablico que vai ser feito, as empresas v\u00e3o apresentar uma proposta e o munic\u00edpio dentro das condi\u00e7\u00f5es financeiras vai fazer ades\u00e3o ou n\u00e3o \u00e0queles que apresentarem a melhor proposta nas condi\u00e7\u00f5es de est\u00e1gio\u201d.<\/p>\n<p>Sobre a mudan\u00e7a no formato que o vale-transporte \u00e9 pago aos estagi\u00e1rios, Pablo disse que poder\u00e1 ser alterado conforme o novo chamamento p\u00fablico.\u00a0<\/p>\n<p>\u201cEsse transporte \u00e9 adquirido diretamente nas empresas que fazem a gest\u00e3o do sistema. Claro que no novo chamamento h\u00e1 a condi\u00e7\u00e3o da Prefeitura fazer o repasse e essa empresa vencedora da licita\u00e7\u00e3o fazer o pagamento diretamente aos estagi\u00e1rios\u201d.\u00a0<\/p>\n<p>A licita\u00e7\u00e3o deve ser publicada no m\u00eas de maio e todo o processo deve ser conclu\u00eddo em at\u00e9 60 dias, segundo informou o secret\u00e1rio.\u00a0<\/p>\n<p><em>Com informa\u00e7\u00f5es do rep\u00f3rter Ney Silva do Acorda Cidade<\/em><\/p>\n<p><em>Siga o Acorda Cidade no<\/em><a href=\"https:\/\/news.google.com\/search?q=acorda%20cidade&amp;hl=pt-BR&amp;gl=BR&amp;ceid=BR%3Apt-419\"><strong><em>\u00a0Google Not\u00edcias<\/em><\/strong><\/a><em>\u00a0e receba os principais destaques do dia. Participe tamb\u00e9m dos nossos canais no\u00a0<\/em><a href=\"https:\/\/whatsapp.com\/channel\/0029Va6Rb4v3WHTNnsh8WI3N\"><strong><em>WhatsApp<\/em><\/strong><\/a><em>\u00a0e\u00a0<\/em><a href=\"https:\/\/www.youtube.com\/@acordacidadenoticias\/videos\"><strong>Youtube<\/strong><\/a><em>\u00a0e grupo de\u00a0<\/em><a href=\"https:\/\/t.me\/+sSz0khrgARA0ZmRh\"><strong><em>Telegram<\/em><\/strong><\/a><em>.<\/em><\/p>\n<\/div>\n","protected":false},"excerpt":{"rendered":"<div>\n<div>\n<figure><img decoding=\"async\" src=\"https:\/\/uploads.acordacidade.com.br\/2025\/04\/f6tAOUq9-Mobilizacao-de-estagiarios-em-frente-a-Seduc-Pablo-Roberto-ft-ney-silva-acorda-cidade4.webp\" alt=\"Mobiliza\u00e7\u00e3o de estagi\u00e1rios em frente a Seduc\"><figcaption>Foto: Ney Silva\/Acorda Cidade<\/figcaption><\/figure>\n<\/div>\n<p>O gestor da Seduc disse em entrevista ao Programa Acorda Cidade, na manh\u00e3 desta ter\u00e7a-feira (1\u00ba), que o munic\u00edpio contratou 1.028 estagi\u00e1rios.<\/p><\/div>\n","protected":false},"author":1,"featured_media":80659,"comment_status":"closed","ping_status":"closed","sticky":false,"template":"","format":"gallery","meta":{"footnotes":""},"categories":[8,9,6,57,56,10],"tags":[],"class_list":["post-80658","post","type-post","status-publish","format-gallery","has-post-thumbnail","hentry","category-bahia","category-brasil","category-feira-de-santana","category-mundo","category-policia","category-politica","post_format-post-format-gallery"],"featured_image_urls":{"full":["https:\/\/noticiasbahia360.com.br\/wp-content\/uploads\/2025\/04\/f6tAOUq9-Mobilizacao-de-estagiarios-em-frente-a-Seduc-Pablo-Roberto-ft-ney-silva-acorda-cidade4.webp",1200,760,false],"thumbnail":["https:\/\/noticiasbahia360.com.br\/wp-content\/uploads\/2025\/04\/f6tAOUq9-Mobilizacao-de-estagiarios-em-frente-a-Seduc-Pablo-Roberto-ft-ney-silva-acorda-cidade4-150x150.webp",150,150,true],"medium":["https:\/\/noticiasbahia360.com.br\/wp-content\/uploads\/2025\/04\/f6tAOUq9-Mobilizacao-de-estagiarios-em-frente-a-Seduc-Pablo-Roberto-ft-ney-silva-acorda-cidade4-300x190.webp",300,190,true],"medium_large":["https:\/\/noticiasbahia360.com.br\/wp-content\/uploads\/2025\/04\/f6tAOUq9-Mobilizacao-de-estagiarios-em-frente-a-Seduc-Pablo-Roberto-ft-ney-silva-acorda-cidade4-768x486.webp",640,405,true],"large":["https:\/\/noticiasbahia360.com.br\/wp-content\/uploads\/2025\/04\/f6tAOUq9-Mobilizacao-de-estagiarios-em-frente-a-Seduc-Pablo-Roberto-ft-ney-silva-acorda-cidade4-1024x649.webp",640,406,true],"1536x1536":["https:\/\/noticiasbahia360.com.br\/wp-content\/uploads\/2025\/04\/f6tAOUq9-Mobilizacao-de-estagiarios-em-frente-a-Seduc-Pablo-Roberto-ft-ney-silva-acorda-cidade4.webp",1200,760,false],"2048x2048":["https:\/\/noticiasbahia360.com.br\/wp-content\/uploads\/2025\/04\/f6tAOUq9-Mobilizacao-de-estagiarios-em-frente-a-Seduc-Pablo-Roberto-ft-ney-silva-acorda-cidade4.webp",1200,760,false],"chromenews-featured":["https:\/\/noticiasbahia360.com.br\/wp-content\/uploads\/2025\/04\/f6tAOUq9-Mobilizacao-de-estagiarios-em-frente-a-Seduc-Pablo-Roberto-ft-ney-silva-acorda-cidade4-1024x649.webp",1024,649,true],"chromenews-large":["https:\/\/noticiasbahia360.com.br\/wp-content\/uploads\/2025\/04\/f6tAOUq9-Mobilizacao-de-estagiarios-em-frente-a-Seduc-Pablo-Roberto-ft-ney-silva-acorda-cidade4-825x575.webp",825,575,true],"chromenews-medium":["https:\/\/noticiasbahia360.com.br\/wp-content\/uploads\/2025\/04\/f6tAOUq9-Mobilizacao-de-estagiarios-em-frente-a-Seduc-Pablo-Roberto-ft-ney-silva-acorda-cidade4-590x410.webp",590,410,true]},"author_info":{"display_name":"noticiasbahia360.com.br","author_link":"https:\/\/noticiasbahia360.com.br\/?author=1"},"category_info":"<a href=\"https:\/\/noticiasbahia360.com.br\/?cat=8\" rel=\"category\">Bahia<\/a> <a href=\"https:\/\/noticiasbahia360.com.br\/?cat=9\" rel=\"category\">Brasil<\/a> <a href=\"https:\/\/noticiasbahia360.com.br\/?cat=6\" rel=\"category\">Feira de Santana<\/a> <a href=\"https:\/\/noticiasbahia360.com.br\/?cat=57\" rel=\"category\">Mundo<\/a> <a href=\"https:\/\/noticiasbahia360.com.br\/?cat=56\" rel=\"category\">Pol\u00edcia<\/a> <a href=\"https:\/\/noticiasbahia360.com.br\/?cat=10\" rel=\"category\">Pol\u00edtica<\/a>","tag_info":"Pol\u00edtica","comment_count":"0","_links":{"self":[{"href":"https:\/\/noticiasbahia360.com.br\/index.php?rest_route=\/wp\/v2\/posts\/80658","targetHints":{"allow":["GET"]}}],"collection":[{"href":"https:\/\/noticiasbahia360.com.br\/index.php?rest_route=\/wp\/v2\/posts"}],"about":[{"href":"https:\/\/noticiasbahia360.com.br\/index.php?rest_route=\/wp\/v2\/types\/post"}],"author":[{"embeddable":true,"href":"https:\/\/noticiasbahia360.com.br\/index.php?rest_route=\/wp\/v2\/users\/1"}],"replies":[{"embeddable":true,"href":"https:\/\/noticiasbahia360.com.br\/index.php?rest_route=%2Fwp%2Fv2%2Fcomments&post=80658"}],"version-history":[{"count":0,"href":"https:\/\/noticiasbahia360.com.br\/index.php?rest_route=\/wp\/v2\/posts\/80658\/revisions"}],"wp:featuredmedia":[{"embeddable":true,"href":"https:\/\/noticiasbahia360.com.br\/index.php?rest_route=\/wp\/v2\/media\/80659"}],"wp:attachment":[{"href":"https:\/\/noticiasbahia360.com.br\/index.php?rest_route=%2Fwp%2Fv2%2Fmedia&parent=80658"}],"wp:term":[{"taxonomy":"category","embeddable":true,"href":"https:\/\/noticiasbahia360.com.br\/index.php?rest_route=%2Fwp%2Fv2%2Fcategories&post=80658"},{"taxonomy":"post_tag","embeddable":true,"href":"https:\/\/noticiasbahia360.com.br\/index.php?rest_route=%2Fwp%2Fv2%2Ftags&post=80658"}],"curies":[{"name":"wp","href":"https:\/\/api.w.org\/{rel}","templated":true}]}}