{"id":80669,"date":"2025-04-01T14:15:53","date_gmt":"2025-04-01T17:15:53","guid":{"rendered":"https:\/\/noticiasbahia360.com.br\/?p=80669"},"modified":"2025-04-01T14:15:53","modified_gmt":"2025-04-01T17:15:53","slug":"o-que-pode-dar-errado-no-cultivo-do-oregano-veja-esses-7-erros","status":"publish","type":"post","link":"https:\/\/noticiasbahia360.com.br\/?p=80669","title":{"rendered":"O que pode dar errado no cultivo do or\u00e9gano? Veja esses 7 erros"},"content":{"rendered":"<div>\n<div>\n<figure><img decoding=\"async\" src=\"http:\/\/noticiasbahia360.com.br\/wp-content\/uploads\/2025\/04\/OkohETPO-O-que-pode-dar-errado-no-cultivo-do-oregano-Veja-esses-7-erros-1.webp\" alt=\"O que pode dar errado no cultivo do or\u00e9gano Veja esses 7 erros\"><\/figure>\n<\/div>\n<p>O or\u00e9gano \u00e9 uma das <a href=\"https:\/\/www.acordacidade.com.br\/tag\/plantas\/\">ervas<\/a> mais queridas na culin\u00e1ria, mas seu cultivo pode esconder armadilhas que muitos ignoram. Mesmo sendo resistente, alguns descuidos podem comprometer o sabor, o aroma e at\u00e9 a sobreviv\u00eancia da planta. Se voc\u00ea quer um or\u00e9gano saud\u00e1vel e cheio de vigor, fique atento aos erros mais comuns no cultivo.<\/p>\n<h2 class=\"wp-block-heading\" id=\"h-1-excesso-de-rega\">1. Excesso de rega<\/h2>\n<p>Um dos maiores vil\u00f5es no cultivo do or\u00e9gano \u00e9 o excesso de \u00e1gua. A planta prefere solos bem drenados e levemente secos. Quando regada em excesso, suas ra\u00edzes podem apodrecer rapidamente, causando a morte da planta. Regue apenas quando o solo estiver seco ao toque, especialmente em dias mais frios ou chuvosos.<\/p>\n<h2 class=\"wp-block-heading\" id=\"h-2-falta-de-sol-direto\">2. Falta de sol direto<\/h2>\n<p>O or\u00e9gano precisa de sol pleno para se desenvolver bem. Pelo menos 4 a 6 horas de luz solar direta por dia s\u00e3o essenciais para garantir folhas arom\u00e1ticas e saud\u00e1veis. Cultivar em locais sombreados pode resultar em crescimento fraco, folhas p\u00e1lidas e aroma pouco marcante.<\/p>\n<h2 class=\"wp-block-heading\" id=\"h-3-colheita-incorreta\">3. Colheita incorreta<\/h2>\n<p>Muitas pessoas colhem as folhas do or\u00e9gano de maneira errada, o que enfraquece a planta. O ideal \u00e9 cortar os galhos com uma tesoura limpa, sempre acima de um n\u00f3. Isso estimula o crescimento de novos ramos e evita que a planta fique espigada ou desequilibrada.<\/p>\n<h2 class=\"wp-block-heading\" id=\"h-4-uso-de-solo-inadequado\">4. Uso de solo inadequado<\/h2>\n<p>Um erro comum \u00e9 usar solo muito pesado, compactado ou argiloso. O or\u00e9gano prefere substratos leves, bem drenados e com boa aera\u00e7\u00e3o. Misturar areia ou perlita ao solo ajuda a garantir que as ra\u00edzes respirem e se desenvolvam melhor.<\/p>\n<h2 class=\"wp-block-heading\" id=\"h-5-esquecer-a-poda-de-manutencao\">5. Esquecer a poda de manuten\u00e7\u00e3o<\/h2>\n<p>Sem podas regulares, o or\u00e9gano tende a crescer desordenadamente, ficando lenhoso e perdendo vigor. A poda n\u00e3o s\u00f3 ajuda a manter o formato da planta como estimula uma folhagem mais densa e produtiva. Fa\u00e7a podas leves mensalmente, retirando galhos secos e excessivamente longos.<\/p>\n<figure class=\"wp-block-image size-large\"><img fetchpriority=\"high\" fetchpriority=\"high\" decoding=\"async\" width=\"1024\" height=\"683\" src=\"http:\/\/noticiasbahia360.com.br\/wp-content\/uploads\/2025\/04\/RprtYz93-O-que-pode-dar-errado-no-cultivo-do-oregano-Veja-esses-7-erros-2-1024x683-1.webp\" alt=\"O que pode dar errado no cultivo do or\u00e9gano Veja esses 7 erros\" class=\"wp-image-517610\" srcset=\"https:\/\/uploads.acordacidade.com.br\/2025\/04\/RprtYz93-O-que-pode-dar-errado-no-cultivo-do-oregano-Veja-esses-7-erros-2-300x200.webp 300w, http:\/\/noticiasbahia360.com.br\/wp-content\/uploads\/2025\/04\/RprtYz93-O-que-pode-dar-errado-no-cultivo-do-oregano-Veja-esses-7-erros-2-1024x683-1.webp 1024w, https:\/\/uploads.acordacidade.com.br\/2025\/04\/RprtYz93-O-que-pode-dar-errado-no-cultivo-do-oregano-Veja-esses-7-erros-2-768x512.webp 768w, https:\/\/uploads.acordacidade.com.br\/2025\/04\/RprtYz93-O-que-pode-dar-errado-no-cultivo-do-oregano-Veja-esses-7-erros-2-150x100.webp 150w, https:\/\/uploads.acordacidade.com.br\/2025\/04\/RprtYz93-O-que-pode-dar-errado-no-cultivo-do-oregano-Veja-esses-7-erros-2.webp 1536w\" sizes=\"(max-width: 1024px) 100vw, 1024px\"><\/figure>\n<h2 class=\"wp-block-heading\" id=\"h-6-plantar-em-vasos-sem-furos\">6. Plantar em vasos sem furos<\/h2>\n<p>Quando cultivado em vasos, o or\u00e9gano precisa de drenagem eficiente. Plant\u00e1-lo em recipientes sem furos \u00e9 um erro grave, pois acumula \u00e1gua no fundo e favorece o apodrecimento das ra\u00edzes. Prefira vasos de barro ou pl\u00e1stico com furos e utilize uma camada de drenagem com pedrinhas no fundo.<\/p>\n<h2 class=\"wp-block-heading\" id=\"h-7-nao-proteger-do-frio-intenso\">7. N\u00e3o proteger do frio intenso<\/h2>\n<p>Apesar de resistente, o or\u00e9gano pode sofrer em regi\u00f5es com geadas ou temperaturas muito baixas. Nestes casos, o ideal \u00e9 proteger a planta durante o inverno, colocando-a em local mais abrigado ou cobrindo com manta t\u00e9rmica. Isso evita a queima das folhas e a perda da planta.<\/p>\n<h2 class=\"wp-block-heading\" id=\"h-cultivar-oregano-exige-atencao\">Cultivar or\u00e9gano exige aten\u00e7\u00e3o<\/h2>\n<p>Cultivar or\u00e9gano em casa pode ser uma experi\u00eancia gratificante, mas exige aten\u00e7\u00e3o a detalhes que fazem toda a diferen\u00e7a. Evitando esses erros, voc\u00ea garante uma<a href=\"https:\/\/www.giromarilia.com.br\/tag\/dicas-de-jardinagem\/\"> planta <\/a>saud\u00e1vel, duradoura e sempre pronta para deixar seus pratos ainda mais saborosos.<\/p>\n<\/div>\n","protected":false},"excerpt":{"rendered":"<div>\n<div>\n<figure><img decoding=\"async\" src=\"https:\/\/uploads.acordacidade.com.br\/2025\/04\/OkohETPO-O-que-pode-dar-errado-no-cultivo-do-oregano-Veja-esses-7-erros-1.webp\" alt=\"O que pode dar errado no cultivo do or\u00e9gano Veja esses 7 erros\"><\/figure>\n<\/div>\n<p>Evite problemas no cultivo do or\u00e9gano conhecendo os 7 erros mais comuns que podem prejudicar o desenvolvimento da planta.<\/p><\/div>\n","protected":false},"author":1,"featured_media":80670,"comment_status":"closed","ping_status":"closed","sticky":false,"template":"","format":"gallery","meta":{"footnotes":""},"categories":[8,9,6,57,56,10],"tags":[],"class_list":["post-80669","post","type-post","status-publish","format-gallery","has-post-thumbnail","hentry","category-bahia","category-brasil","category-feira-de-santana","category-mundo","category-policia","category-politica","post_format-post-format-gallery"],"featured_image_urls":{"full":["https:\/\/noticiasbahia360.com.br\/wp-content\/uploads\/2025\/04\/OkohETPO-O-que-pode-dar-errado-no-cultivo-do-oregano-Veja-esses-7-erros-1.webp",1536,1024,false],"thumbnail":["https:\/\/noticiasbahia360.com.br\/wp-content\/uploads\/2025\/04\/OkohETPO-O-que-pode-dar-errado-no-cultivo-do-oregano-Veja-esses-7-erros-1-150x150.webp",150,150,true],"medium":["https:\/\/noticiasbahia360.com.br\/wp-content\/uploads\/2025\/04\/OkohETPO-O-que-pode-dar-errado-no-cultivo-do-oregano-Veja-esses-7-erros-1-300x200.webp",300,200,true],"medium_large":["https:\/\/noticiasbahia360.com.br\/wp-content\/uploads\/2025\/04\/OkohETPO-O-que-pode-dar-errado-no-cultivo-do-oregano-Veja-esses-7-erros-1-768x512.webp",640,427,true],"large":["https:\/\/noticiasbahia360.com.br\/wp-content\/uploads\/2025\/04\/OkohETPO-O-que-pode-dar-errado-no-cultivo-do-oregano-Veja-esses-7-erros-1-1024x683.webp",640,427,true],"1536x1536":["https:\/\/noticiasbahia360.com.br\/wp-content\/uploads\/2025\/04\/OkohETPO-O-que-pode-dar-errado-no-cultivo-do-oregano-Veja-esses-7-erros-1.webp",1536,1024,false],"2048x2048":["https:\/\/noticiasbahia360.com.br\/wp-content\/uploads\/2025\/04\/OkohETPO-O-que-pode-dar-errado-no-cultivo-do-oregano-Veja-esses-7-erros-1.webp",1536,1024,false],"chromenews-featured":["https:\/\/noticiasbahia360.com.br\/wp-content\/uploads\/2025\/04\/OkohETPO-O-que-pode-dar-errado-no-cultivo-do-oregano-Veja-esses-7-erros-1-1024x683.webp",1024,683,true],"chromenews-large":["https:\/\/noticiasbahia360.com.br\/wp-content\/uploads\/2025\/04\/OkohETPO-O-que-pode-dar-errado-no-cultivo-do-oregano-Veja-esses-7-erros-1-825x575.webp",825,575,true],"chromenews-medium":["https:\/\/noticiasbahia360.com.br\/wp-content\/uploads\/2025\/04\/OkohETPO-O-que-pode-dar-errado-no-cultivo-do-oregano-Veja-esses-7-erros-1-590x410.webp",590,410,true]},"author_info":{"display_name":"noticiasbahia360.com.br","author_link":"https:\/\/noticiasbahia360.com.br\/?author=1"},"category_info":"<a href=\"https:\/\/noticiasbahia360.com.br\/?cat=8\" rel=\"category\">Bahia<\/a> <a href=\"https:\/\/noticiasbahia360.com.br\/?cat=9\" rel=\"category\">Brasil<\/a> <a href=\"https:\/\/noticiasbahia360.com.br\/?cat=6\" rel=\"category\">Feira de Santana<\/a> <a href=\"https:\/\/noticiasbahia360.com.br\/?cat=57\" rel=\"category\">Mundo<\/a> <a href=\"https:\/\/noticiasbahia360.com.br\/?cat=56\" rel=\"category\">Pol\u00edcia<\/a> <a href=\"https:\/\/noticiasbahia360.com.br\/?cat=10\" rel=\"category\">Pol\u00edtica<\/a>","tag_info":"Pol\u00edtica","comment_count":"0","_links":{"self":[{"href":"https:\/\/noticiasbahia360.com.br\/index.php?rest_route=\/wp\/v2\/posts\/80669","targetHints":{"allow":["GET"]}}],"collection":[{"href":"https:\/\/noticiasbahia360.com.br\/index.php?rest_route=\/wp\/v2\/posts"}],"about":[{"href":"https:\/\/noticiasbahia360.com.br\/index.php?rest_route=\/wp\/v2\/types\/post"}],"author":[{"embeddable":true,"href":"https:\/\/noticiasbahia360.com.br\/index.php?rest_route=\/wp\/v2\/users\/1"}],"replies":[{"embeddable":true,"href":"https:\/\/noticiasbahia360.com.br\/index.php?rest_route=%2Fwp%2Fv2%2Fcomments&post=80669"}],"version-history":[{"count":0,"href":"https:\/\/noticiasbahia360.com.br\/index.php?rest_route=\/wp\/v2\/posts\/80669\/revisions"}],"wp:featuredmedia":[{"embeddable":true,"href":"https:\/\/noticiasbahia360.com.br\/index.php?rest_route=\/wp\/v2\/media\/80670"}],"wp:attachment":[{"href":"https:\/\/noticiasbahia360.com.br\/index.php?rest_route=%2Fwp%2Fv2%2Fmedia&parent=80669"}],"wp:term":[{"taxonomy":"category","embeddable":true,"href":"https:\/\/noticiasbahia360.com.br\/index.php?rest_route=%2Fwp%2Fv2%2Fcategories&post=80669"},{"taxonomy":"post_tag","embeddable":true,"href":"https:\/\/noticiasbahia360.com.br\/index.php?rest_route=%2Fwp%2Fv2%2Ftags&post=80669"}],"curies":[{"name":"wp","href":"https:\/\/api.w.org\/{rel}","templated":true}]}}