{"id":80672,"date":"2025-04-01T15:20:07","date_gmt":"2025-04-01T18:20:07","guid":{"rendered":"https:\/\/noticiasbahia360.com.br\/?p=80672"},"modified":"2025-04-01T15:20:07","modified_gmt":"2025-04-01T18:20:07","slug":"projeto-de-lei-isenta-imposto-de-renda-para-quem-recebe-ate-r-5-mil-por-mes","status":"publish","type":"post","link":"https:\/\/noticiasbahia360.com.br\/?p=80672","title":{"rendered":"Projeto de Lei isenta Imposto de Renda para quem recebe at\u00e9 R$ 5 mil por m\u00eas"},"content":{"rendered":"<div>\n<div>\n<figure><img decoding=\"async\" src=\"http:\/\/noticiasbahia360.com.br\/wp-content\/uploads\/2025\/04\/Foto-Ricardo-Stuckert-PR.jpg\" alt=\"Haddad, Hugo Motta, Lula e Gleisi\"><figcaption>Foto: Ricardo Stuckert\/PR<\/figcaption><\/figure>\n<\/div>\n<p>O presidente da Rep\u00fablica, Luiz In\u00e1cio Lula da Silva, assinou um projeto de lei que amplia a faixa de isen\u00e7\u00e3o do <a href=\"https:\/\/www.acordacidade.com.br\/tag\/imposto-de-renda\/\">Imposto de Renda<\/a> (IR) que visa promover a justi\u00e7a tribut\u00e1ria e social. A faixa atual \u00e9 de at\u00e9 R$ 2.824,00, e se este ano a proposta for aprovada pelo Congresso Nacional, em 2026 as mudan\u00e7as j\u00e1 ser\u00e3o colocadas em pr\u00e1tica.<\/p>\n<p>Segundo informa\u00e7\u00f5es do portal gov.br, estima-se que 10 milh\u00f5es de brasileiros ser\u00e3o beneficiados pela nova isen\u00e7\u00e3o do IR, caso o projeto seja aprovado. Ao todo, 90% dos brasileiros que pagam o Imposto de Renda ter\u00e3o a isen\u00e7\u00e3o total ou parcial, e ser\u00e3o completamente isentos cerca de 65% dos que declaram o Imposto de Renda de Pessoa F\u00edsica.<\/p>\n<h2 class=\"wp-block-heading\" id=\"h-as-mudancas-na-faixa-de-isencao\">As mudan\u00e7as na faixa de isen\u00e7\u00e3o<\/h2>\n<p>As pessoas que recebem at\u00e9 R$ 5 mil por m\u00eas n\u00e3o v\u00e3o mais precisar pagar o IR e quem recebe de R$ 5 mil at\u00e9 R$ 7 mil ter\u00e1 um desconto parcial. Outra mudan\u00e7a \u00e9 que para as pessoas que ganham mais de R$ 600 mil por ano haver\u00e1 uma tributa\u00e7\u00e3o progressiva de at\u00e9 10%. <\/p>\n<p>Com a nova proposta, a renda l\u00edquida aumenta junto com o poder de compra, e os trabalhadores ter\u00e3o mais dinheiro para garantir uma boa qualidade de vida. A melhora na economia do pa\u00eds \u00e9 mais um ponto positivo, consequ\u00eancia do aumento da quantidade de dinheiro em circula\u00e7\u00e3o.<\/p>\n<p><em>Reportagem escrita pela estagi\u00e1ria de jornalismo Rafaela Paim sob supervis\u00e3o do jornalista Gabriel Gon\u00e7alves<\/em><\/p>\n<p><em>Siga o Acorda Cidade no<\/em><a href=\"https:\/\/news.google.com\/search?q=acorda%20cidade&amp;hl=pt-BR&amp;gl=BR&amp;ceid=BR%3Apt-419\"><strong><em>\u00a0Google Not\u00edcias<\/em><\/strong><\/a><em>\u00a0e receba os principais destaques do dia. Participe tamb\u00e9m dos nossos canais no\u00a0<\/em><a href=\"https:\/\/whatsapp.com\/channel\/0029Va6Rb4v3WHTNnsh8WI3N\"><strong><em>WhatsApp<\/em><\/strong><\/a><em>\u00a0e\u00a0<\/em><a href=\"https:\/\/www.youtube.com\/@acordacidadenoticias\/videos\"><strong>Youtube<\/strong><\/a><em>\u00a0e grupo de\u00a0<\/em><a href=\"https:\/\/t.me\/+sSz0khrgARA0ZmRh\"><strong><em>Telegram<\/em><\/strong><\/a><em>.<\/em><\/p>\n<\/div>\n","protected":false},"excerpt":{"rendered":"<div>\n<div>\n<figure><img decoding=\"async\" src=\"https:\/\/uploads.acordacidade.com.br\/2025\/03\/Foto-Ricardo-Stuckert-PR.jpg\" alt=\"Haddad, Hugo Motta, Lula e Gleisi\"><figcaption>Foto: Ricardo Stuckert\/PR<\/figcaption><\/figure>\n<\/div>\n<p>O projeto para a isen\u00e7\u00e3o do Imposto de Renda (IR) que busca a justi\u00e7a tribut\u00e1ria e social ter\u00e1 in\u00edcio em 2026 caso seja aprovada.<\/p><\/div>\n","protected":false},"author":1,"featured_media":80673,"comment_status":"closed","ping_status":"closed","sticky":false,"template":"","format":"gallery","meta":{"footnotes":""},"categories":[8,9,6,57,56,10],"tags":[],"class_list":["post-80672","post","type-post","status-publish","format-gallery","has-post-thumbnail","hentry","category-bahia","category-brasil","category-feira-de-santana","category-mundo","category-policia","category-politica","post_format-post-format-gallery"],"featured_image_urls":{"full":["https:\/\/noticiasbahia360.com.br\/wp-content\/uploads\/2025\/04\/Foto-Ricardo-Stuckert-PR.jpg",1200,750,false],"thumbnail":["https:\/\/noticiasbahia360.com.br\/wp-content\/uploads\/2025\/04\/Foto-Ricardo-Stuckert-PR-150x150.jpg",150,150,true],"medium":["https:\/\/noticiasbahia360.com.br\/wp-content\/uploads\/2025\/04\/Foto-Ricardo-Stuckert-PR-300x188.jpg",300,188,true],"medium_large":["https:\/\/noticiasbahia360.com.br\/wp-content\/uploads\/2025\/04\/Foto-Ricardo-Stuckert-PR-768x480.jpg",640,400,true],"large":["https:\/\/noticiasbahia360.com.br\/wp-content\/uploads\/2025\/04\/Foto-Ricardo-Stuckert-PR-1024x640.jpg",640,400,true],"1536x1536":["https:\/\/noticiasbahia360.com.br\/wp-content\/uploads\/2025\/04\/Foto-Ricardo-Stuckert-PR.jpg",1200,750,false],"2048x2048":["https:\/\/noticiasbahia360.com.br\/wp-content\/uploads\/2025\/04\/Foto-Ricardo-Stuckert-PR.jpg",1200,750,false],"chromenews-featured":["https:\/\/noticiasbahia360.com.br\/wp-content\/uploads\/2025\/04\/Foto-Ricardo-Stuckert-PR-1024x640.jpg",1024,640,true],"chromenews-large":["https:\/\/noticiasbahia360.com.br\/wp-content\/uploads\/2025\/04\/Foto-Ricardo-Stuckert-PR-825x575.jpg",825,575,true],"chromenews-medium":["https:\/\/noticiasbahia360.com.br\/wp-content\/uploads\/2025\/04\/Foto-Ricardo-Stuckert-PR-590x410.jpg",590,410,true]},"author_info":{"display_name":"noticiasbahia360.com.br","author_link":"https:\/\/noticiasbahia360.com.br\/?author=1"},"category_info":"<a href=\"https:\/\/noticiasbahia360.com.br\/?cat=8\" rel=\"category\">Bahia<\/a> <a href=\"https:\/\/noticiasbahia360.com.br\/?cat=9\" rel=\"category\">Brasil<\/a> <a href=\"https:\/\/noticiasbahia360.com.br\/?cat=6\" rel=\"category\">Feira de Santana<\/a> <a href=\"https:\/\/noticiasbahia360.com.br\/?cat=57\" rel=\"category\">Mundo<\/a> <a href=\"https:\/\/noticiasbahia360.com.br\/?cat=56\" rel=\"category\">Pol\u00edcia<\/a> <a href=\"https:\/\/noticiasbahia360.com.br\/?cat=10\" rel=\"category\">Pol\u00edtica<\/a>","tag_info":"Pol\u00edtica","comment_count":"0","_links":{"self":[{"href":"https:\/\/noticiasbahia360.com.br\/index.php?rest_route=\/wp\/v2\/posts\/80672","targetHints":{"allow":["GET"]}}],"collection":[{"href":"https:\/\/noticiasbahia360.com.br\/index.php?rest_route=\/wp\/v2\/posts"}],"about":[{"href":"https:\/\/noticiasbahia360.com.br\/index.php?rest_route=\/wp\/v2\/types\/post"}],"author":[{"embeddable":true,"href":"https:\/\/noticiasbahia360.com.br\/index.php?rest_route=\/wp\/v2\/users\/1"}],"replies":[{"embeddable":true,"href":"https:\/\/noticiasbahia360.com.br\/index.php?rest_route=%2Fwp%2Fv2%2Fcomments&post=80672"}],"version-history":[{"count":0,"href":"https:\/\/noticiasbahia360.com.br\/index.php?rest_route=\/wp\/v2\/posts\/80672\/revisions"}],"wp:featuredmedia":[{"embeddable":true,"href":"https:\/\/noticiasbahia360.com.br\/index.php?rest_route=\/wp\/v2\/media\/80673"}],"wp:attachment":[{"href":"https:\/\/noticiasbahia360.com.br\/index.php?rest_route=%2Fwp%2Fv2%2Fmedia&parent=80672"}],"wp:term":[{"taxonomy":"category","embeddable":true,"href":"https:\/\/noticiasbahia360.com.br\/index.php?rest_route=%2Fwp%2Fv2%2Fcategories&post=80672"},{"taxonomy":"post_tag","embeddable":true,"href":"https:\/\/noticiasbahia360.com.br\/index.php?rest_route=%2Fwp%2Fv2%2Ftags&post=80672"}],"curies":[{"name":"wp","href":"https:\/\/api.w.org\/{rel}","templated":true}]}}