{"id":80674,"date":"2025-04-01T15:20:11","date_gmt":"2025-04-01T18:20:11","guid":{"rendered":"https:\/\/noticiasbahia360.com.br\/?p=80674"},"modified":"2025-04-01T15:20:11","modified_gmt":"2025-04-01T18:20:11","slug":"movimento-alberto-cerqueira-de-lima-promove-festa-em-comemoracao-aos-seus-20-anos","status":"publish","type":"post","link":"https:\/\/noticiasbahia360.com.br\/?p=80674","title":{"rendered":"Movimento Alberto Cerqueira de Lima promove festa em comemora\u00e7\u00e3o aos seus 20 anos"},"content":{"rendered":"<div>\n<div>\n<figure><img decoding=\"async\" src=\"http:\/\/noticiasbahia360.com.br\/wp-content\/uploads\/2025\/04\/Movimento-Alberto-Cerqueira-de-Lima.jpg\" alt=\"20 anos do Movimento Alberto Cerqueira de Lima\"><figcaption>Foto: divulga\u00e7\u00e3o<\/figcaption><\/figure>\n<\/div>\n<p>No dia 6 de abril, o Movimento Popular e Recreativo Alberto Cerqueira de Lima realizar\u00e1 um momento de lazer em comemora\u00e7\u00e3o aos seus 20 anos. O evento ser\u00e1 na pra\u00e7a Santo Ant\u00f4nio dos Prazeres, em <a href=\"https:\/\/www.acordacidade.com.br\/tag\/feira-de-santana\/\">Feira de Santana<\/a>, e conta com uma programa\u00e7\u00e3o variada, incluindo jogos, sorteios, leil\u00e3o solid\u00e1rio e atra\u00e7\u00f5es musicais.<\/p>\n<p>O evento Movimento Popular e Recreativo Alberto Cerqueira de Lima come\u00e7a a partir das 9h da manh\u00e3. A programa\u00e7\u00e3o ter\u00e1 como atra\u00e7\u00f5es musicais, os grupos: Samba Madeira de Lei, Samba Pra\u00e7a do Tropeiro e Samba Dois Irm\u00e3os. Al\u00e9m da m\u00fasica, o p\u00fablico tamb\u00e9m poder\u00e1 participar do torneio de domin\u00f3 com direito a premia\u00e7\u00e3o, leil\u00e3o solid\u00e1rio e sorteios de pr\u00eamios.<\/p>\n<p><em>Siga o Acorda Cidade no<\/em><a href=\"https:\/\/news.google.com\/search?q=acorda%20cidade&amp;hl=pt-BR&amp;gl=BR&amp;ceid=BR%3Apt-419\"><strong><em>\u00a0Google Not\u00edcias<\/em><\/strong><\/a><em>\u00a0e receba os principais destaques do dia. Participe tamb\u00e9m dos nossos canais no\u00a0<\/em><a href=\"https:\/\/whatsapp.com\/channel\/0029Va6Rb4v3WHTNnsh8WI3N\"><strong><em>WhatsApp<\/em><\/strong><\/a><em>\u00a0e\u00a0<\/em><a href=\"https:\/\/www.youtube.com\/@acordacidadenoticias\/videos\"><strong>YouTube<\/strong><\/a><em>\u00a0e do grupo no\u00a0<\/em><a href=\"https:\/\/t.me\/+sSz0khrgARA0ZmRh\"><strong><em>Telegram<\/em><\/strong><\/a><em>.<\/em><\/p>\n<\/div>\n","protected":false},"excerpt":{"rendered":"<div>\n<div>\n<figure><img decoding=\"async\" src=\"https:\/\/uploads.acordacidade.com.br\/2025\/04\/Movimento-Alberto-Cerqueira-de-Lima.jpg\" alt=\"20 anos do Movimento Alberto Cerqueira de Lima\"><figcaption>Foto: divulga\u00e7\u00e3o<\/figcaption><\/figure>\n<\/div>\n<p>O evento come\u00e7a a partir das 9h da manh\u00e3.<\/p><\/div>\n","protected":false},"author":1,"featured_media":80675,"comment_status":"closed","ping_status":"closed","sticky":false,"template":"","format":"gallery","meta":{"footnotes":""},"categories":[8,9,6,57,56,10],"tags":[],"class_list":["post-80674","post","type-post","status-publish","format-gallery","has-post-thumbnail","hentry","category-bahia","category-brasil","category-feira-de-santana","category-mundo","category-policia","category-politica","post_format-post-format-gallery"],"featured_image_urls":{"full":["https:\/\/noticiasbahia360.com.br\/wp-content\/uploads\/2025\/04\/Movimento-Alberto-Cerqueira-de-Lima.jpg",1200,1006,false],"thumbnail":["https:\/\/noticiasbahia360.com.br\/wp-content\/uploads\/2025\/04\/Movimento-Alberto-Cerqueira-de-Lima-150x150.jpg",150,150,true],"medium":["https:\/\/noticiasbahia360.com.br\/wp-content\/uploads\/2025\/04\/Movimento-Alberto-Cerqueira-de-Lima-300x252.jpg",300,252,true],"medium_large":["https:\/\/noticiasbahia360.com.br\/wp-content\/uploads\/2025\/04\/Movimento-Alberto-Cerqueira-de-Lima-768x644.jpg",640,537,true],"large":["https:\/\/noticiasbahia360.com.br\/wp-content\/uploads\/2025\/04\/Movimento-Alberto-Cerqueira-de-Lima-1024x858.jpg",640,536,true],"1536x1536":["https:\/\/noticiasbahia360.com.br\/wp-content\/uploads\/2025\/04\/Movimento-Alberto-Cerqueira-de-Lima.jpg",1200,1006,false],"2048x2048":["https:\/\/noticiasbahia360.com.br\/wp-content\/uploads\/2025\/04\/Movimento-Alberto-Cerqueira-de-Lima.jpg",1200,1006,false],"chromenews-featured":["https:\/\/noticiasbahia360.com.br\/wp-content\/uploads\/2025\/04\/Movimento-Alberto-Cerqueira-de-Lima-1024x858.jpg",1024,858,true],"chromenews-large":["https:\/\/noticiasbahia360.com.br\/wp-content\/uploads\/2025\/04\/Movimento-Alberto-Cerqueira-de-Lima-825x575.jpg",825,575,true],"chromenews-medium":["https:\/\/noticiasbahia360.com.br\/wp-content\/uploads\/2025\/04\/Movimento-Alberto-Cerqueira-de-Lima-590x410.jpg",590,410,true]},"author_info":{"display_name":"noticiasbahia360.com.br","author_link":"https:\/\/noticiasbahia360.com.br\/?author=1"},"category_info":"<a href=\"https:\/\/noticiasbahia360.com.br\/?cat=8\" rel=\"category\">Bahia<\/a> <a href=\"https:\/\/noticiasbahia360.com.br\/?cat=9\" rel=\"category\">Brasil<\/a> <a href=\"https:\/\/noticiasbahia360.com.br\/?cat=6\" rel=\"category\">Feira de Santana<\/a> <a href=\"https:\/\/noticiasbahia360.com.br\/?cat=57\" rel=\"category\">Mundo<\/a> <a href=\"https:\/\/noticiasbahia360.com.br\/?cat=56\" rel=\"category\">Pol\u00edcia<\/a> <a href=\"https:\/\/noticiasbahia360.com.br\/?cat=10\" rel=\"category\">Pol\u00edtica<\/a>","tag_info":"Pol\u00edtica","comment_count":"0","_links":{"self":[{"href":"https:\/\/noticiasbahia360.com.br\/index.php?rest_route=\/wp\/v2\/posts\/80674","targetHints":{"allow":["GET"]}}],"collection":[{"href":"https:\/\/noticiasbahia360.com.br\/index.php?rest_route=\/wp\/v2\/posts"}],"about":[{"href":"https:\/\/noticiasbahia360.com.br\/index.php?rest_route=\/wp\/v2\/types\/post"}],"author":[{"embeddable":true,"href":"https:\/\/noticiasbahia360.com.br\/index.php?rest_route=\/wp\/v2\/users\/1"}],"replies":[{"embeddable":true,"href":"https:\/\/noticiasbahia360.com.br\/index.php?rest_route=%2Fwp%2Fv2%2Fcomments&post=80674"}],"version-history":[{"count":0,"href":"https:\/\/noticiasbahia360.com.br\/index.php?rest_route=\/wp\/v2\/posts\/80674\/revisions"}],"wp:featuredmedia":[{"embeddable":true,"href":"https:\/\/noticiasbahia360.com.br\/index.php?rest_route=\/wp\/v2\/media\/80675"}],"wp:attachment":[{"href":"https:\/\/noticiasbahia360.com.br\/index.php?rest_route=%2Fwp%2Fv2%2Fmedia&parent=80674"}],"wp:term":[{"taxonomy":"category","embeddable":true,"href":"https:\/\/noticiasbahia360.com.br\/index.php?rest_route=%2Fwp%2Fv2%2Fcategories&post=80674"},{"taxonomy":"post_tag","embeddable":true,"href":"https:\/\/noticiasbahia360.com.br\/index.php?rest_route=%2Fwp%2Fv2%2Ftags&post=80674"}],"curies":[{"name":"wp","href":"https:\/\/api.w.org\/{rel}","templated":true}]}}