{"id":80676,"date":"2025-04-01T15:20:15","date_gmt":"2025-04-01T18:20:15","guid":{"rendered":"https:\/\/noticiasbahia360.com.br\/?p=80676"},"modified":"2025-04-01T15:20:15","modified_gmt":"2025-04-01T18:20:15","slug":"apos-paralisacao-secretario-afirma-que-governo-esta-avaliando-como-atender-reinvindicacoes-de-professores","status":"publish","type":"post","link":"https:\/\/noticiasbahia360.com.br\/?p=80676","title":{"rendered":"Ap\u00f3s paralisa\u00e7\u00e3o, secret\u00e1rio afirma que governo est\u00e1 avaliando como atender reinvindica\u00e7\u00f5es de professores"},"content":{"rendered":"<div>\n<div>\n<figure><img decoding=\"async\" src=\"http:\/\/noticiasbahia360.com.br\/wp-content\/uploads\/2025\/04\/Pablo-Roberto-ft-Iasmim-Santos-acorda-cidade.jpg\" alt=\"secret\u00e1rio de Educa\u00e7\u00e3o\"><figcaption>Pablo Roberto | Foto: Iasmim Santos\/Acorda Cidade<\/figcaption><\/figure>\n<\/div>\n<p>Ap\u00f3s a <a href=\"https:\/\/www.acordacidade.com.br\/educacao\/professores-paralisam-atividades-e-cobram-respostas-da-prefeitura-de-feira-de-santana\/\" target=\"_blank\" rel=\"noreferrer noopener\">paralisa\u00e7\u00e3o dos professores da rede municipal de Feira de Santana<\/a> na \u00faltima segunda-feira (31), o vice-prefeito e secret\u00e1rio de Educa\u00e7\u00e3o, Pablo Roberto, esteve no Programa Acorda Cidade, da R\u00e1dio Sociedade News 102.1 FM, nesta ter\u00e7a (1\u00ba) para falar sobre o assunto. Segundo ele, um of\u00edcio foi encaminhado para APLB Sindicato respondendo \u00e0s reivindica\u00e7\u00f5es e os indicativos que o governo tem tomado para contemplar a categoria.<\/p>\n<p>Na segunda (31), durante a paralisa\u00e7\u00e3o das atividades, o secret\u00e1rio disse que, embora respeite a decis\u00e3o da categoria, considera o momento inadequado para a suspens\u00e3o das atividades escolares. Na pr\u00f3xima quarta-feira (2) outra paralisa\u00e7\u00e3o deve ocorrer, seguida de uma nova assembleia para discutir os rumos das pautas reivindicadas.<\/p>\n<figure class=\"wp-block-image size-large\"><img fetchpriority=\"high\" fetchpriority=\"high\" decoding=\"async\" width=\"1024\" height=\"473\" src=\"http:\/\/noticiasbahia360.com.br\/wp-content\/uploads\/2025\/04\/5kABTuBk-paralisacaodosprofessores_pj_acordacidade-1-1024x473-1.webp\" alt=\"Paralisa\u00e7\u00e3o das Atividades | APLB\" class=\"wp-image-516987\" srcset=\"https:\/\/uploads.acordacidade.com.br\/2025\/03\/5kABTuBk-paralisacaodosprofessores_pj_acordacidade-1-300x139.webp 300w, http:\/\/noticiasbahia360.com.br\/wp-content\/uploads\/2025\/04\/5kABTuBk-paralisacaodosprofessores_pj_acordacidade-1-1024x473-1.webp 1024w, https:\/\/uploads.acordacidade.com.br\/2025\/03\/5kABTuBk-paralisacaodosprofessores_pj_acordacidade-1-768x355.webp 768w, https:\/\/uploads.acordacidade.com.br\/2025\/03\/5kABTuBk-paralisacaodosprofessores_pj_acordacidade-1-150x69.webp 150w, https:\/\/uploads.acordacidade.com.br\/2025\/03\/5kABTuBk-paralisacaodosprofessores_pj_acordacidade-1.webp 1200w\" sizes=\"(max-width: 1024px) 100vw, 1024px\"><figcaption class=\"wp-element-caption\">Foto: Paulo Jos\u00e9\/Acorda Cidade<\/figcaption><\/figure>\n<h2 class=\"wp-block-heading\" id=\"h-reajuste-do-piso-salarial-e-enquadramento\">Reajuste do Piso Salarial e Enquadramento<\/h2>\n<p>De acordo com Pablo, a prefeitura deve avaliar com uma comiss\u00e3o entre v\u00e1rias secretarias para dialogar a viabilidade do munic\u00edpio de atender as reivindica\u00e7\u00f5es da categoria. Entre elas, o reajuste do piso salarial.<\/p>\n<p>\u201c\u00c9 bom ressaltar que nenhum servidor municipal hoje recebe abaixo do piso nacional. Todos recebem o piso. A corre\u00e7\u00e3o das mudan\u00e7as de refer\u00eancia, isso a\u00ed \u00e9 uma discuss\u00e3o que est\u00e1 sendo feita, porque \u00e9 uma comiss\u00e3o que ser\u00e1 criada entre v\u00e1rias secretarias e t\u00e3o logo essa comiss\u00e3o seja constitu\u00edda, n\u00f3s vamos come\u00e7ar a dialogar e apresentar uma proposta de como o munic\u00edpio ter\u00e1 condi\u00e7\u00e3o de fazer isso\u201d, afirmou o secret\u00e1rio.<\/p>\n<figure class=\"wp-block-image size-full is-resized\"><img decoding=\"async\" width=\"640\" height=\"288\" src=\"http:\/\/noticiasbahia360.com.br\/wp-content\/uploads\/2025\/04\/Com-atividades-paralisadas-por-48h-professores-da-Rede-Estadual-fazem-manifestacao-para-reivindicar-piso-e-reajuste-salarial-Foto-Paulo-Jose-Acorda-Cidade.jpg\" alt=\"Com atividades paralisadas por 48h, professores da Rede Estadual fazem manifesta\u00e7\u00e3o para reivindicar piso e reajuste salarial\" class=\"wp-image-389163\" style=\"width:840px;height:auto\" srcset=\"https:\/\/uploads.acordacidade.com.br\/wp-content\/uploads\/2024\/04\/29105627\/Com-atividades-paralisadas-por-48h-professores-da-Rede-Estadual-fazem-manifestacao-para-reivindicar-piso-e-reajuste-salarial-Foto-Paulo-Jose-Acorda-Cidade-300x135.jpg 300w, http:\/\/noticiasbahia360.com.br\/wp-content\/uploads\/2025\/04\/Com-atividades-paralisadas-por-48h-professores-da-Rede-Estadual-fazem-manifestacao-para-reivindicar-piso-e-reajuste-salarial-Foto-Paulo-Jose-Acorda-Cidade.jpg 640w\" sizes=\"(max-width: 640px) 100vw, 640px\"><figcaption class=\"wp-element-caption\">Foto: Paulo Jos\u00e9\/ Acorda Cidade<\/figcaption><\/figure>\n<p>Sobre o enquadramento, processo onde os professores contratados via concurso de 20h, passam a trabalhar integralmente com as horas extras em um per\u00edodo de 40h, o secret\u00e1rio disse que muitos recursos foram indeferidos no ano passado, mas que novas avalia\u00e7\u00f5es j\u00e1 iniciaram.<\/p>\n<p>\u201cN\u00f3s iremos apresentar a APLB e apresentar a todos os professores. Mas o governo j\u00e1 sinalizou positivamente. Claro que, t\u00e3o logo seja resolvido esse impasse dos indeferimentos, dos processos que aconteceram no ano passado, n\u00f3s, prontamente, apresentaremos uma tabela com ordem cronol\u00f3gica, com data daqueles que quem deu entrada primeiro ser\u00e1 contemplado primeiro. J\u00e1 h\u00e1 esse entendimento no governo\u201d, disse.<\/p>\n<h2 class=\"wp-block-heading\" id=\"h-corte-de-salarios-pela-gestao-anterior\">Corte de Sal\u00e1rios pela gest\u00e3o anterior<\/h2>\n<p>Sobre a cobran\u00e7a para pagamentos cortados pelo governo anterior por conta de paralisa\u00e7\u00f5es que tamb\u00e9m ocorreram no ano passado, o secret\u00e1rio disse que, neste momento, n\u00e3o est\u00e1 tratando absolutamente nada com rela\u00e7\u00e3o a esses d\u00e9bitos do governo passado.<\/p>\n<p>\u201cO munic\u00edpio, nesse momento, n\u00e3o tem condi\u00e7\u00f5es de fazer isso. Estamos trabalhando muito, nos esfor\u00e7ando para colocar as contas em dia, pagar todo mundo em dia, fornecedor, colaborador, os funcion\u00e1rios, mas n\u00e3o come\u00e7ou ainda \u00e0s tratativas para isso. Isso \u00e9 um ponto de pauta que, tamb\u00e9m, t\u00e3o logo n\u00f3s tenhamos esse entendimento, n\u00f3s passaremos para a categoria\u201d.<\/p>\n<p>Ainda durante a entrevista ao Acorda Cidade, a presidente da APLB, Marlede Oliveria, informou que a cobran\u00e7a de pagamentos referentes a corte dos sal\u00e1rios do governo anterior, seria do per\u00edodo da pandemia, quando a categoria teve o corte de at\u00e9 70% dos sal\u00e1rio por conta da suspens\u00e3o das atividades. Segundo ela, o processo foi vencido na justi\u00e7a a quatro anos, mas o munic\u00edpio ainda n\u00e3o pagou.<\/p>\n<p>\u201cTem uma quest\u00e3o do deslocamento do final do ano, mas isso foi pacificado e tem essa quest\u00e3o a\u00ed do corte durante a pandemia. O entendimento \u00e9 de que o juiz pede algumas informa\u00e7\u00f5es ao munic\u00edpio e a APLB entende que a determina\u00e7\u00e3o \u00e9 para mandar pagar isso. Ent\u00e3o n\u00f3s tivemos no \u00faltimo s\u00e1bado, no mutir\u00e3o l\u00e1 na Procuradoria, conversamos com o procurador Carlos Augusto, ele j\u00e1 orientou aos subprocuradores que adotem as provid\u00eancias e vai nos mandar tamb\u00e9m uma resposta com rela\u00e7\u00e3o a esse pagamento ou n\u00e3o do que APLB entende que foi um desconto indevido\u201d, explicou Pablo.<\/p>\n<h2 class=\"wp-block-heading\" id=\"h-eleicoes-de-diretores\">Elei\u00e7\u00f5es de Diretores<\/h2>\n<p>Segundo Pablo, outro ponto de pauta dos professores \u00e9 as elei\u00e7\u00f5es para diretores que aconteceu h\u00e1 cinco anos. Sobre isso, ele disse que o processo tamb\u00e9m est\u00e1 em andamento. \u201cJ\u00e1 mandamos uma minuta de lei para a Procuradoria, esse parecer j\u00e1 ficou pronto. Nos pr\u00f3ximos dias, o prefeito envia para a C\u00e2mara Municipal para que n\u00f3s possamos aprovar a nova lei com base na legisla\u00e7\u00e3o federal e fazer a elei\u00e7\u00e3o para diretores\u201d.<\/p>\n<h2 class=\"wp-block-heading\" id=\"h-plano-de-carreira-e-novos-investimentos\">Plano de Carreira e Novos Investimentos<\/h2>\n<p>A reformula\u00e7\u00e3o do Plano de Carreira tamb\u00e9m ser\u00e1 discutida pela comiss\u00e3o entre secretarias que est\u00e1 sendo criada. Embora legisla\u00e7\u00f5es diferentes, al\u00e9m dos professores, ser\u00e1 discutido o plano para todos os servidores municipais.<\/p>\n<p>Pablo Roberto tamb\u00e9m falou sobre os investimentos do executivo na reforma e amplia\u00e7\u00e3o das escolas municipais.<a href=\"https:\/\/www.acordacidade.com.br\/feira-de-santana\/prefeitura-anuncia-reforma-e-ampliacao-de-escolas-municipais-investimento-de-mais-de-r-6-milhoes\/\" target=\"_blank\" rel=\"noreferrer noopener\"> Na \u00faltima segunda (31) e nesta ter\u00e7a (1\u00ba), o prefeito Jos\u00e9 Ronaldo esteve em unidades assinando ordens de servi\u00e7o. Um investimento estimado em mais de R$ 6 milh\u00f5es.<\/a><\/p>\n<figure class=\"wp-block-image size-large\"><img decoding=\"async\" width=\"1024\" height=\"605\" src=\"http:\/\/noticiasbahia360.com.br\/wp-content\/uploads\/2025\/04\/2DL6gIZw-Pablo-e-Jose-Ronaldo-ft-Ed-Santos-acorda-cidade5-1024x605-1.webp\" alt=\"Escola Municipal Paula de Freitas - escolas municipais\" class=\"wp-image-516973\" srcset=\"https:\/\/uploads.acordacidade.com.br\/2025\/03\/2DL6gIZw-Pablo-e-Jose-Ronaldo-ft-Ed-Santos-acorda-cidade5-300x177.webp 300w, http:\/\/noticiasbahia360.com.br\/wp-content\/uploads\/2025\/04\/2DL6gIZw-Pablo-e-Jose-Ronaldo-ft-Ed-Santos-acorda-cidade5-1024x605-1.webp 1024w, https:\/\/uploads.acordacidade.com.br\/2025\/03\/2DL6gIZw-Pablo-e-Jose-Ronaldo-ft-Ed-Santos-acorda-cidade5-768x454.webp 768w, https:\/\/uploads.acordacidade.com.br\/2025\/03\/2DL6gIZw-Pablo-e-Jose-Ronaldo-ft-Ed-Santos-acorda-cidade5-150x89.webp 150w, https:\/\/uploads.acordacidade.com.br\/2025\/03\/2DL6gIZw-Pablo-e-Jose-Ronaldo-ft-Ed-Santos-acorda-cidade5.webp 1200w\" sizes=\"(max-width: 1024px) 100vw, 1024px\"><figcaption class=\"wp-element-caption\">Pablo e Jos\u00e9 Ronaldo | Foto: Ed Santos\/Acorda Cidade<\/figcaption><\/figure>\n<p>O Plano Municipal de Educa\u00e7\u00e3o tamb\u00e9m est\u00e1 sendo estudado por uma comiss\u00e3o. Pablo falou sobre a reserva da carga hor\u00e1ria dos professores. Segundo ele, n\u00e3o existe a menor possibilidade de mexer nesse direito da categoria.<\/p>\n<h2 class=\"wp-block-heading\" id=\"h-contratacao-de-professores\">Contrata\u00e7\u00e3o de Professores<\/h2>\n<p>A contrata\u00e7\u00e3o de professores auxiliares tamb\u00e9m est\u00e1 em andamento com o processo licitat\u00f3rio. A previs\u00e3o \u00e9 que chegue mais 500 professores. A Forma\u00e7\u00e3o Continuada dos Professores est\u00e1 sendo estudada pela Seduc, que est\u00e1 em busca de parcerias entre empresas e institui\u00e7\u00f5es educacionais para potencializar o curso.<\/p>\n<p>Ainda segundo o secret\u00e1rio, na pr\u00f3xima quinta-feira (3), 200 professores tomar\u00e3o posse e na semana seguinte, mas 100 tamb\u00e9m devem compor o quadro municipal de ensino. Desde o in\u00edcio do ano, o governo havia informado a contrata\u00e7\u00e3o dos 300 professores aprovados no concurso do ano anterior para ajudar a suprir a demanda da sala de aula.<\/p>\n<p>\u201cVamos ter professor suficiente, ent\u00e3o essas escolas que t\u00e3o reclamando, eu tenho conversado com muitos gestores tamb\u00e9m e a nossa expectativa \u00e9 de que logo na quinta-feira \u00e0 tarde, a posse ocorre pela manh\u00e3, n\u00f3s vamos come\u00e7ar a encaminhar os professores para as respectivas unidades que precisam\u201d. O Col\u00e9gio Wilson da Costa Falc\u00e3o, que foi municipalizado recentemente, tamb\u00e9m deve abrir as portas a partir de quinta-feira, segundo informou o gestor.<\/p>\n<p>Ainda este ano, a Seduc pretende realizar um novo concurso para a contrata\u00e7\u00e3o de novos professores. N\u00e3o h\u00e1 informa\u00e7\u00e3o de quando ser\u00e1, nem de quando ser\u00e3o convocados.<\/p>\n<p>\u201cA contrata\u00e7\u00e3o de 300 professores \u00e9 um fato in\u00e9dito, \u00e9 a primeira vez da hist\u00f3ria de Feira de Santana, que a Prefeitura convoca em um \u00fanico chamamento, 100% dos aprovados\u201d.<\/p>\n<h2 class=\"wp-block-heading\" id=\"h-mobilizacao-dos-estagiarios\">Mobiliza\u00e7\u00e3o dos Estagi\u00e1rios<\/h2>\n<p>Pablo tamb\u00e9m disse que o munic\u00edpio contratou 1.028 estagi\u00e1rios e que circula nas redes sociais, a informa\u00e7\u00e3o de que os mesmos devem realizar uma manifesta\u00e7\u00e3o nesta ter\u00e7a (1\u00ba) para reivindicar melhorias no valor da bolsa, que segundo eles, encontra-se defasada.<\/p>\n<p>\u201cN\u00e3o \u00e9 sal\u00e1rio, \u00e9 uma bolsa que voc\u00ea recebe por uma jornada de quatro horas, ent\u00e3o voc\u00ea assina o contrato. Eu vejo, inclusive, m\u00e1-f\u00e9, voc\u00ea assinar um contrato em um dia e no outro dia voc\u00ea fazer um tipo de paralisa\u00e7\u00e3o e de mobiliza\u00e7\u00e3o\u201d, declarou o secret\u00e1rio de Educa\u00e7\u00e3o.<\/p>\n<p>O gestor tamb\u00e9m informou que o quadro de trabalhadores que atuam nas unidades escolares, seja creches ou escolas, ser\u00e1 readequado para atender as necessidades de cada espa\u00e7o. A ideia \u00e9 estabelecer um padr\u00e3o.<\/p>\n<p><strong>Leia tamb\u00e9m: <\/strong><\/p>\n<p><a href=\"https:\/\/www.acordacidade.com.br\/educacao\/professores-paralisam-atividades-e-cobram-respostas-da-prefeitura-de-feira-de-santana\/\" target=\"_blank\" rel=\"noreferrer noopener\">Professores paralisam atividades e cobram respostas da Prefeitura de Feira de Santana<\/a><\/p>\n<p><a href=\"https:\/\/www.acordacidade.com.br\/feira-de-santana\/prefeitura-anuncia-reforma-e-ampliacao-de-escolas-municipais-investimento-de-mais-de-r-6-milhoes\/\" target=\"_blank\" rel=\"noreferrer noopener\">Prefeitura anuncia reforma e amplia\u00e7\u00e3o de escolas municipais; investimento de mais de R$ 6 milh\u00f5es<\/a><\/p>\n<p><em>Siga o Acorda Cidade no<\/em><a href=\"https:\/\/news.google.com\/search?q=acorda%20cidade&amp;hl=pt-BR&amp;gl=BR&amp;ceid=BR%3Apt-419\"><strong><em>\u00a0Google Not\u00edcias<\/em><\/strong><\/a><em>\u00a0e receba os principais destaques do dia. Participe tamb\u00e9m dos nossos canais no\u00a0<\/em><a href=\"https:\/\/whatsapp.com\/channel\/0029Va6Rb4v3WHTNnsh8WI3N\"><strong><em>WhatsApp<\/em><\/strong><\/a><em>\u00a0e\u00a0<\/em><a href=\"https:\/\/www.youtube.com\/@acordacidadenoticias\/videos\"><strong>Youtube<\/strong><\/a><em>\u00a0e grupo de\u00a0<\/em><a href=\"https:\/\/t.me\/+sSz0khrgARA0ZmRh\"><strong><em>Telegram<\/em><\/strong><\/a><em>.<\/em><\/p>\n<\/div>\n","protected":false},"excerpt":{"rendered":"<div>\n<div>\n<figure><img decoding=\"async\" src=\"https:\/\/uploads.acordacidade.com.br\/2025\/04\/Pablo-Roberto-ft-Iasmim-Santos-acorda-cidade.jpg\" alt=\"secret\u00e1rio de Educa\u00e7\u00e3o\"><figcaption>Pablo Roberto | Foto: Iasmim Santos\/Acorda Cidade<\/figcaption><\/figure>\n<\/div>\n<p>O secret\u00e1rio disse que, embora respeite a decis\u00e3o da categoria, considera o momento inadequado para a suspens\u00e3o das atividades escolares.<\/p><\/div>\n","protected":false},"author":1,"featured_media":80677,"comment_status":"closed","ping_status":"closed","sticky":false,"template":"","format":"gallery","meta":{"footnotes":""},"categories":[8,9,6,57,56,10],"tags":[],"class_list":["post-80676","post","type-post","status-publish","format-gallery","has-post-thumbnail","hentry","category-bahia","category-brasil","category-feira-de-santana","category-mundo","category-policia","category-politica","post_format-post-format-gallery"],"featured_image_urls":{"full":["https:\/\/noticiasbahia360.com.br\/wp-content\/uploads\/2025\/04\/Pablo-Roberto-ft-Iasmim-Santos-acorda-cidade.jpg",1200,754,false],"thumbnail":["https:\/\/noticiasbahia360.com.br\/wp-content\/uploads\/2025\/04\/Pablo-Roberto-ft-Iasmim-Santos-acorda-cidade-150x150.jpg",150,150,true],"medium":["https:\/\/noticiasbahia360.com.br\/wp-content\/uploads\/2025\/04\/Pablo-Roberto-ft-Iasmim-Santos-acorda-cidade-300x189.jpg",300,189,true],"medium_large":["https:\/\/noticiasbahia360.com.br\/wp-content\/uploads\/2025\/04\/Pablo-Roberto-ft-Iasmim-Santos-acorda-cidade-768x483.jpg",640,403,true],"large":["https:\/\/noticiasbahia360.com.br\/wp-content\/uploads\/2025\/04\/Pablo-Roberto-ft-Iasmim-Santos-acorda-cidade-1024x643.jpg",640,402,true],"1536x1536":["https:\/\/noticiasbahia360.com.br\/wp-content\/uploads\/2025\/04\/Pablo-Roberto-ft-Iasmim-Santos-acorda-cidade.jpg",1200,754,false],"2048x2048":["https:\/\/noticiasbahia360.com.br\/wp-content\/uploads\/2025\/04\/Pablo-Roberto-ft-Iasmim-Santos-acorda-cidade.jpg",1200,754,false],"chromenews-featured":["https:\/\/noticiasbahia360.com.br\/wp-content\/uploads\/2025\/04\/Pablo-Roberto-ft-Iasmim-Santos-acorda-cidade-1024x643.jpg",1024,643,true],"chromenews-large":["https:\/\/noticiasbahia360.com.br\/wp-content\/uploads\/2025\/04\/Pablo-Roberto-ft-Iasmim-Santos-acorda-cidade-825x575.jpg",825,575,true],"chromenews-medium":["https:\/\/noticiasbahia360.com.br\/wp-content\/uploads\/2025\/04\/Pablo-Roberto-ft-Iasmim-Santos-acorda-cidade-590x410.jpg",590,410,true]},"author_info":{"display_name":"noticiasbahia360.com.br","author_link":"https:\/\/noticiasbahia360.com.br\/?author=1"},"category_info":"<a href=\"https:\/\/noticiasbahia360.com.br\/?cat=8\" rel=\"category\">Bahia<\/a> <a href=\"https:\/\/noticiasbahia360.com.br\/?cat=9\" rel=\"category\">Brasil<\/a> <a href=\"https:\/\/noticiasbahia360.com.br\/?cat=6\" rel=\"category\">Feira de Santana<\/a> <a href=\"https:\/\/noticiasbahia360.com.br\/?cat=57\" rel=\"category\">Mundo<\/a> <a href=\"https:\/\/noticiasbahia360.com.br\/?cat=56\" rel=\"category\">Pol\u00edcia<\/a> <a href=\"https:\/\/noticiasbahia360.com.br\/?cat=10\" rel=\"category\">Pol\u00edtica<\/a>","tag_info":"Pol\u00edtica","comment_count":"0","_links":{"self":[{"href":"https:\/\/noticiasbahia360.com.br\/index.php?rest_route=\/wp\/v2\/posts\/80676","targetHints":{"allow":["GET"]}}],"collection":[{"href":"https:\/\/noticiasbahia360.com.br\/index.php?rest_route=\/wp\/v2\/posts"}],"about":[{"href":"https:\/\/noticiasbahia360.com.br\/index.php?rest_route=\/wp\/v2\/types\/post"}],"author":[{"embeddable":true,"href":"https:\/\/noticiasbahia360.com.br\/index.php?rest_route=\/wp\/v2\/users\/1"}],"replies":[{"embeddable":true,"href":"https:\/\/noticiasbahia360.com.br\/index.php?rest_route=%2Fwp%2Fv2%2Fcomments&post=80676"}],"version-history":[{"count":0,"href":"https:\/\/noticiasbahia360.com.br\/index.php?rest_route=\/wp\/v2\/posts\/80676\/revisions"}],"wp:featuredmedia":[{"embeddable":true,"href":"https:\/\/noticiasbahia360.com.br\/index.php?rest_route=\/wp\/v2\/media\/80677"}],"wp:attachment":[{"href":"https:\/\/noticiasbahia360.com.br\/index.php?rest_route=%2Fwp%2Fv2%2Fmedia&parent=80676"}],"wp:term":[{"taxonomy":"category","embeddable":true,"href":"https:\/\/noticiasbahia360.com.br\/index.php?rest_route=%2Fwp%2Fv2%2Fcategories&post=80676"},{"taxonomy":"post_tag","embeddable":true,"href":"https:\/\/noticiasbahia360.com.br\/index.php?rest_route=%2Fwp%2Fv2%2Ftags&post=80676"}],"curies":[{"name":"wp","href":"https:\/\/api.w.org\/{rel}","templated":true}]}}