{"id":80681,"date":"2025-04-01T15:20:21","date_gmt":"2025-04-01T18:20:21","guid":{"rendered":"https:\/\/noticiasbahia360.com.br\/?p=80681"},"modified":"2025-04-01T15:20:21","modified_gmt":"2025-04-01T18:20:21","slug":"camacari-apos-sequestro-policial-militar-e-preso-em-flagrante-por-extorsao","status":"publish","type":"post","link":"https:\/\/noticiasbahia360.com.br\/?p=80681","title":{"rendered":"Cama\u00e7ari: ap\u00f3s sequestro, policial militar \u00e9 preso em flagrante por extors\u00e3o"},"content":{"rendered":"<div>\n<div>\n<figure><img decoding=\"async\" src=\"http:\/\/noticiasbahia360.com.br\/wp-content\/uploads\/2025\/04\/PNZxaH6r-Policia-civil-Camacari.webp\" alt=\"Cama\u00e7ari\"><figcaption>Foto: Divulga\u00e7\u00e3o\/Ascom PC-BA<\/figcaption><\/figure>\n<\/div>\n<p>A <a href=\"https:\/\/www.acordacidade.com.br\/tag\/policia-civil\/\">Pol\u00edcia Civil da Bahia<\/a>, por meio da Delegacia Especializada Antissequestro (DAS), prendeu em flagrante, na tarde de segunda-feira (31), um soldado da Pol\u00edcia Militar suspeito de envolvimento em um crime de extors\u00e3o. O caso teve in\u00edcio no dia 25 de mar\u00e7o de 2025, quando a v\u00edtima foi sequestrada na Pra\u00e7a da Embasa, em Cama\u00e7ari, por quatro homens encapuzados e armados, que usavam coletes e distintivos com identifica\u00e7\u00e3o da Pol\u00edcia Civil. <\/p>\n<p>A v\u00edtima foi levada para um cativeiro, enquanto os sequestradores exigiam valores para sua liberta\u00e7\u00e3o.<\/p>\n<p>A Delegacia Especializada Antissequestro foi acionada e passou a orientar os familiares da v\u00edtima durante as negocia\u00e7\u00f5es para o resgate. Ap\u00f3s ser libertada, ela continuou a sofrer amea\u00e7as e exig\u00eancias de pagamento por parte dos criminosos.<\/p>\n<p>Na tarde desta segunda-feira (31), enquanto se dirigia a um banco, a v\u00edtima percebeu a presen\u00e7a de um ve\u00edculo na porta da ag\u00eancia. Familiares da mulher acionaram a Pol\u00edcia Militar, que abordou o ve\u00edculo e identificou o condutor como policial militar. A v\u00edtima reconheceu o suspeito como um dos integrantes do grupo criminoso.<\/p>\n<p>A comandante da guarni\u00e7\u00e3o comunicou o fato ao delegado titular da DAS, que confirmou a extors\u00e3o em andamento. Diante das evid\u00eancias, o PM foi autuado em flagrante. A Pol\u00edcia Civil de Cama\u00e7ari segue investigando o caso para identificar os demais envolvidos no crime.<\/p>\n<p><em>Siga o Acorda Cidade no<\/em><a href=\"https:\/\/news.google.com\/search?q=acorda%20cidade&amp;hl=pt-BR&amp;gl=BR&amp;ceid=BR%3Apt-419\"><strong><em>\u00a0Google Not\u00edcias<\/em><\/strong><\/a><em>\u00a0e receba os principais destaques do dia. Participe tamb\u00e9m dos nossos canais no\u00a0<\/em><a href=\"https:\/\/whatsapp.com\/channel\/0029Va6Rb4v3WHTNnsh8WI3N\"><strong><em>WhatsApp<\/em><\/strong><\/a><em>\u00a0e\u00a0<\/em><a href=\"https:\/\/www.youtube.com\/@acordacidadenoticias\/videos\"><strong>Youtube<\/strong><\/a><em>\u00a0e grupo de\u00a0<\/em><a href=\"https:\/\/t.me\/+sSz0khrgARA0ZmRh\"><strong><em>Telegram<\/em><\/strong><\/a><em>.<\/em><\/p>\n<\/div>\n","protected":false},"excerpt":{"rendered":"<div>\n<div>\n<figure><img decoding=\"async\" src=\"https:\/\/uploads.acordacidade.com.br\/2025\/04\/PNZxaH6r-Policia-civil-Camacari.webp\" alt=\"Cama\u00e7ari\"><figcaption>Foto: Divulga\u00e7\u00e3o\/Ascom PC-BA<\/figcaption><\/figure>\n<\/div>\n<p>A v\u00edtima foi sequestrada na Pra\u00e7a da Embasa, em Cama\u00e7ari, por quatro homens encapuzados e armados, que usavam coletes e distintivos policial.<\/p><\/div>\n","protected":false},"author":1,"featured_media":80682,"comment_status":"closed","ping_status":"closed","sticky":false,"template":"","format":"gallery","meta":{"footnotes":""},"categories":[8,9,6,57,56,10],"tags":[],"class_list":["post-80681","post","type-post","status-publish","format-gallery","has-post-thumbnail","hentry","category-bahia","category-brasil","category-feira-de-santana","category-mundo","category-policia","category-politica","post_format-post-format-gallery"],"featured_image_urls":{"full":["https:\/\/noticiasbahia360.com.br\/wp-content\/uploads\/2025\/04\/PNZxaH6r-Policia-civil-Camacari.webp",1200,751,false],"thumbnail":["https:\/\/noticiasbahia360.com.br\/wp-content\/uploads\/2025\/04\/PNZxaH6r-Policia-civil-Camacari-150x150.webp",150,150,true],"medium":["https:\/\/noticiasbahia360.com.br\/wp-content\/uploads\/2025\/04\/PNZxaH6r-Policia-civil-Camacari-300x188.webp",300,188,true],"medium_large":["https:\/\/noticiasbahia360.com.br\/wp-content\/uploads\/2025\/04\/PNZxaH6r-Policia-civil-Camacari-768x481.webp",640,401,true],"large":["https:\/\/noticiasbahia360.com.br\/wp-content\/uploads\/2025\/04\/PNZxaH6r-Policia-civil-Camacari-1024x641.webp",640,401,true],"1536x1536":["https:\/\/noticiasbahia360.com.br\/wp-content\/uploads\/2025\/04\/PNZxaH6r-Policia-civil-Camacari.webp",1200,751,false],"2048x2048":["https:\/\/noticiasbahia360.com.br\/wp-content\/uploads\/2025\/04\/PNZxaH6r-Policia-civil-Camacari.webp",1200,751,false],"chromenews-featured":["https:\/\/noticiasbahia360.com.br\/wp-content\/uploads\/2025\/04\/PNZxaH6r-Policia-civil-Camacari-1024x641.webp",1024,641,true],"chromenews-large":["https:\/\/noticiasbahia360.com.br\/wp-content\/uploads\/2025\/04\/PNZxaH6r-Policia-civil-Camacari-825x575.webp",825,575,true],"chromenews-medium":["https:\/\/noticiasbahia360.com.br\/wp-content\/uploads\/2025\/04\/PNZxaH6r-Policia-civil-Camacari-590x410.webp",590,410,true]},"author_info":{"display_name":"noticiasbahia360.com.br","author_link":"https:\/\/noticiasbahia360.com.br\/?author=1"},"category_info":"<a href=\"https:\/\/noticiasbahia360.com.br\/?cat=8\" rel=\"category\">Bahia<\/a> <a href=\"https:\/\/noticiasbahia360.com.br\/?cat=9\" rel=\"category\">Brasil<\/a> <a href=\"https:\/\/noticiasbahia360.com.br\/?cat=6\" rel=\"category\">Feira de Santana<\/a> <a href=\"https:\/\/noticiasbahia360.com.br\/?cat=57\" rel=\"category\">Mundo<\/a> <a href=\"https:\/\/noticiasbahia360.com.br\/?cat=56\" rel=\"category\">Pol\u00edcia<\/a> <a href=\"https:\/\/noticiasbahia360.com.br\/?cat=10\" rel=\"category\">Pol\u00edtica<\/a>","tag_info":"Pol\u00edtica","comment_count":"0","_links":{"self":[{"href":"https:\/\/noticiasbahia360.com.br\/index.php?rest_route=\/wp\/v2\/posts\/80681","targetHints":{"allow":["GET"]}}],"collection":[{"href":"https:\/\/noticiasbahia360.com.br\/index.php?rest_route=\/wp\/v2\/posts"}],"about":[{"href":"https:\/\/noticiasbahia360.com.br\/index.php?rest_route=\/wp\/v2\/types\/post"}],"author":[{"embeddable":true,"href":"https:\/\/noticiasbahia360.com.br\/index.php?rest_route=\/wp\/v2\/users\/1"}],"replies":[{"embeddable":true,"href":"https:\/\/noticiasbahia360.com.br\/index.php?rest_route=%2Fwp%2Fv2%2Fcomments&post=80681"}],"version-history":[{"count":0,"href":"https:\/\/noticiasbahia360.com.br\/index.php?rest_route=\/wp\/v2\/posts\/80681\/revisions"}],"wp:featuredmedia":[{"embeddable":true,"href":"https:\/\/noticiasbahia360.com.br\/index.php?rest_route=\/wp\/v2\/media\/80682"}],"wp:attachment":[{"href":"https:\/\/noticiasbahia360.com.br\/index.php?rest_route=%2Fwp%2Fv2%2Fmedia&parent=80681"}],"wp:term":[{"taxonomy":"category","embeddable":true,"href":"https:\/\/noticiasbahia360.com.br\/index.php?rest_route=%2Fwp%2Fv2%2Fcategories&post=80681"},{"taxonomy":"post_tag","embeddable":true,"href":"https:\/\/noticiasbahia360.com.br\/index.php?rest_route=%2Fwp%2Fv2%2Ftags&post=80681"}],"curies":[{"name":"wp","href":"https:\/\/api.w.org\/{rel}","templated":true}]}}