{"id":80683,"date":"2025-04-01T15:45:33","date_gmt":"2025-04-01T18:45:33","guid":{"rendered":"https:\/\/noticiasbahia360.com.br\/?p=80683"},"modified":"2025-04-01T15:45:33","modified_gmt":"2025-04-01T18:45:33","slug":"comerciante-e-preso-em-flagrante-por-vender-carnes-improprias-para-o-consumo","status":"publish","type":"post","link":"https:\/\/noticiasbahia360.com.br\/?p=80683","title":{"rendered":"Comerciante \u00e9 preso em flagrante por vender carnes impr\u00f3prias para o consumo"},"content":{"rendered":"<div>\n<div>\n<figure><img decoding=\"async\" src=\"http:\/\/noticiasbahia360.com.br\/wp-content\/uploads\/2025\/04\/mBTe1EtG-carnes-improprias-para-consumo-policia-civil5.webp\" alt=\"carnes impr\u00f3prias\"><figcaption>Foto: Divulga\u00e7\u00e3o\/Ascom PC-BA<\/figcaption><\/figure>\n<\/div>\n<p>A <a href=\"https:\/\/www.acordacidade.com.br\/tag\/policia-civil\/\">Pol\u00edcia Civil <\/a>da Bahia, por meio do Departamento Especializado de Investiga\u00e7\u00f5es Criminais (Deic), atrav\u00e9s da Delegacia de Defesa do Consumidor (Decon), prendeu em flagrante nesta segunda-feira (31), o propriet\u00e1rio de um mercado localizado no bairro de Pau da Lima, por comercializar carnes impr\u00f3prias para o consumo.<\/p>\n<figure class=\"wp-block-image size-large\"><img fetchpriority=\"high\" fetchpriority=\"high\" decoding=\"async\" width=\"1024\" height=\"687\" src=\"http:\/\/noticiasbahia360.com.br\/wp-content\/uploads\/2025\/04\/Hicvkbcp-carnes-improprias-para-consumo-policia-civil-1024x687-1.webp\" alt=\"carnes impr\u00f3prias\" class=\"wp-image-517654\" srcset=\"https:\/\/uploads.acordacidade.com.br\/2025\/04\/Hicvkbcp-carnes-improprias-para-consumo-policia-civil-300x201.webp 300w, http:\/\/noticiasbahia360.com.br\/wp-content\/uploads\/2025\/04\/Hicvkbcp-carnes-improprias-para-consumo-policia-civil-1024x687-1.webp 1024w, https:\/\/uploads.acordacidade.com.br\/2025\/04\/Hicvkbcp-carnes-improprias-para-consumo-policia-civil-768x515.webp 768w, https:\/\/uploads.acordacidade.com.br\/2025\/04\/Hicvkbcp-carnes-improprias-para-consumo-policia-civil-150x101.webp 150w, https:\/\/uploads.acordacidade.com.br\/2025\/04\/Hicvkbcp-carnes-improprias-para-consumo-policia-civil.webp 1200w\" sizes=\"(max-width: 1024px) 100vw, 1024px\"><figcaption class=\"wp-element-caption\">Foto: Divulga\u00e7\u00e3o\/Ascom PC-BA<\/figcaption><\/figure>\n<p>Os agentes receberam informa\u00e7\u00f5es de que o estabelecimento vendia produtos fora da validade. Ao chegar ao local, os policiais constataram que o Programa de Prote\u00e7\u00e3o e Defesa do Consumidor (Procon) j\u00e1 havia iniciado a autua\u00e7\u00e3o administrativa devido \u00e0s irregularidades. Durante a vistoria, a equipe identificou carnes vencidas, sem selo de inspe\u00e7\u00e3o e em avan\u00e7ado estado de decomposi\u00e7\u00e3o, exalando odores desagrad\u00e1veis.<\/p>\n<figure class=\"wp-block-image size-large\"><img decoding=\"async\" width=\"1024\" height=\"724\" src=\"http:\/\/noticiasbahia360.com.br\/wp-content\/uploads\/2025\/04\/adhKASdu-carnes-improprias-para-consumo-policia-civil3-1024x724-1.webp\" alt=\"carnes impr\u00f3prias\" class=\"wp-image-517651\" srcset=\"https:\/\/uploads.acordacidade.com.br\/2025\/04\/adhKASdu-carnes-improprias-para-consumo-policia-civil3-300x212.webp 300w, http:\/\/noticiasbahia360.com.br\/wp-content\/uploads\/2025\/04\/adhKASdu-carnes-improprias-para-consumo-policia-civil3-1024x724-1.webp 1024w, https:\/\/uploads.acordacidade.com.br\/2025\/04\/adhKASdu-carnes-improprias-para-consumo-policia-civil3-768x543.webp 768w, https:\/\/uploads.acordacidade.com.br\/2025\/04\/adhKASdu-carnes-improprias-para-consumo-policia-civil3-150x106.webp 150w, https:\/\/uploads.acordacidade.com.br\/2025\/04\/adhKASdu-carnes-improprias-para-consumo-policia-civil3.webp 1200w\" sizes=\"(max-width: 1024px) 100vw, 1024px\"><figcaption class=\"wp-element-caption\">Foto: Divulga\u00e7\u00e3o\/Ascom PC-BA<\/figcaption><\/figure>\n<p>Foram apreendidos 50 quilos de carne armazenados em dois freezers e um expositor, todos com produtos sem condi\u00e7\u00f5es de consumo. Diante da gravidade da situa\u00e7\u00e3o, o respons\u00e1vel pelo mercado foi autuado em flagrante.<\/p>\n<figure class=\"wp-block-image size-large\"><img decoding=\"async\" width=\"1024\" height=\"570\" src=\"http:\/\/noticiasbahia360.com.br\/wp-content\/uploads\/2025\/04\/CCHvmEfw-carnes-improprias-para-consumo-policia-civil2-1024x570-1.webp\" alt=\"carnes impr\u00f3prias\" class=\"wp-image-517652\" srcset=\"https:\/\/uploads.acordacidade.com.br\/2025\/04\/CCHvmEfw-carnes-improprias-para-consumo-policia-civil2-300x167.webp 300w, http:\/\/noticiasbahia360.com.br\/wp-content\/uploads\/2025\/04\/CCHvmEfw-carnes-improprias-para-consumo-policia-civil2-1024x570-1.webp 1024w, https:\/\/uploads.acordacidade.com.br\/2025\/04\/CCHvmEfw-carnes-improprias-para-consumo-policia-civil2-768x428.webp 768w, https:\/\/uploads.acordacidade.com.br\/2025\/04\/CCHvmEfw-carnes-improprias-para-consumo-policia-civil2-150x84.webp 150w, https:\/\/uploads.acordacidade.com.br\/2025\/04\/CCHvmEfw-carnes-improprias-para-consumo-policia-civil2.webp 1200w\" sizes=\"(max-width: 1024px) 100vw, 1024px\"><figcaption class=\"wp-element-caption\">Foto: Divulga\u00e7\u00e3o\/Ascom PC-BA<\/figcaption><\/figure>\n<p>Uma amostra dos produtos foi encaminhada para per\u00edcia no Departamento de Pol\u00edcia T\u00e9cnica (DPT), e a Vigil\u00e2ncia Sanit\u00e1ria foi acionada para as provid\u00eancias cab\u00edveis. A Pol\u00edcia Civil segue atuando para garantir a seguran\u00e7a alimentar da popula\u00e7\u00e3o e reprimir a comercializa\u00e7\u00e3o de produtos impr\u00f3prios para o consumo.<\/p>\n<figure class=\"wp-block-image size-large\"><img decoding=\"async\" width=\"1024\" height=\"619\" src=\"http:\/\/noticiasbahia360.com.br\/wp-content\/uploads\/2025\/04\/yCKWhofl-carnes-improprias-para-consumo-policia-civil4-1024x619-1.webp\" alt=\"carnes impr\u00f3prias\" class=\"wp-image-517650\" srcset=\"https:\/\/uploads.acordacidade.com.br\/2025\/04\/yCKWhofl-carnes-improprias-para-consumo-policia-civil4-300x181.webp 300w, http:\/\/noticiasbahia360.com.br\/wp-content\/uploads\/2025\/04\/yCKWhofl-carnes-improprias-para-consumo-policia-civil4-1024x619-1.webp 1024w, https:\/\/uploads.acordacidade.com.br\/2025\/04\/yCKWhofl-carnes-improprias-para-consumo-policia-civil4-768x464.webp 768w, https:\/\/uploads.acordacidade.com.br\/2025\/04\/yCKWhofl-carnes-improprias-para-consumo-policia-civil4-150x91.webp 150w, https:\/\/uploads.acordacidade.com.br\/2025\/04\/yCKWhofl-carnes-improprias-para-consumo-policia-civil4.webp 1200w\" sizes=\"(max-width: 1024px) 100vw, 1024px\"><figcaption class=\"wp-element-caption\">Foto: Divulga\u00e7\u00e3o\/Ascom PC-BA<\/figcaption><\/figure>\n<figure class=\"wp-block-image size-large\"><img loading=\"lazy\" decoding=\"async\" width=\"1024\" height=\"687\" src=\"http:\/\/noticiasbahia360.com.br\/wp-content\/uploads\/2025\/04\/XSaaSIt8-carnes-improprias-para-consumo-policia-civil1-1024x687-1.webp\" alt=\"carnes impr\u00f3prias\" class=\"wp-image-517653\" srcset=\"https:\/\/uploads.acordacidade.com.br\/2025\/04\/XSaaSIt8-carnes-improprias-para-consumo-policia-civil1-300x201.webp 300w, http:\/\/noticiasbahia360.com.br\/wp-content\/uploads\/2025\/04\/XSaaSIt8-carnes-improprias-para-consumo-policia-civil1-1024x687-1.webp 1024w, https:\/\/uploads.acordacidade.com.br\/2025\/04\/XSaaSIt8-carnes-improprias-para-consumo-policia-civil1-768x515.webp 768w, https:\/\/uploads.acordacidade.com.br\/2025\/04\/XSaaSIt8-carnes-improprias-para-consumo-policia-civil1-150x101.webp 150w, https:\/\/uploads.acordacidade.com.br\/2025\/04\/XSaaSIt8-carnes-improprias-para-consumo-policia-civil1.webp 1200w\" sizes=\"(max-width: 1024px) 100vw, 1024px\"><figcaption class=\"wp-element-caption\">Foto: Divulga\u00e7\u00e3o\/Ascom PC-BA<\/figcaption><\/figure>\n<p><em>Siga o Acorda Cidade no<\/em><a href=\"https:\/\/news.google.com\/search?q=acorda%20cidade&amp;hl=pt-BR&amp;gl=BR&amp;ceid=BR%3Apt-419\"><strong><em>\u00a0Google Not\u00edcias<\/em><\/strong><\/a><em>\u00a0e receba os principais destaques do dia. Participe tamb\u00e9m dos nossos canais no\u00a0<\/em><a href=\"https:\/\/whatsapp.com\/channel\/0029Va6Rb4v3WHTNnsh8WI3N\"><strong><em>WhatsApp<\/em><\/strong><\/a><em>\u00a0e\u00a0<\/em><a href=\"https:\/\/www.youtube.com\/@acordacidadenoticias\/videos\"><strong>Youtube<\/strong><\/a><em>\u00a0e grupo de\u00a0<\/em><a href=\"https:\/\/t.me\/+sSz0khrgARA0ZmRh\"><strong><em>Telegram<\/em><\/strong><\/a><em>.<\/em><\/p>\n<\/div>\n","protected":false},"excerpt":{"rendered":"<div>\n<div>\n<figure><img decoding=\"async\" src=\"https:\/\/uploads.acordacidade.com.br\/2025\/04\/mBTe1EtG-carnes-improprias-para-consumo-policia-civil5.webp\" alt=\"carnes impr\u00f3prias\"><figcaption>Foto: Divulga\u00e7\u00e3o\/Ascom PC-BA<\/figcaption><\/figure>\n<\/div>\n<p>O estabelecimento vendia carnes fora da validade, sem selo de inspe\u00e7\u00e3o e em avan\u00e7ado estado de decomposi\u00e7\u00e3o.<\/p><\/div>\n","protected":false},"author":1,"featured_media":80684,"comment_status":"closed","ping_status":"closed","sticky":false,"template":"","format":"gallery","meta":{"footnotes":""},"categories":[8,9,6,57,56,10],"tags":[],"class_list":["post-80683","post","type-post","status-publish","format-gallery","has-post-thumbnail","hentry","category-bahia","category-brasil","category-feira-de-santana","category-mundo","category-policia","category-politica","post_format-post-format-gallery"],"featured_image_urls":{"full":["https:\/\/noticiasbahia360.com.br\/wp-content\/uploads\/2025\/04\/mBTe1EtG-carnes-improprias-para-consumo-policia-civil5.webp",1200,746,false],"thumbnail":["https:\/\/noticiasbahia360.com.br\/wp-content\/uploads\/2025\/04\/mBTe1EtG-carnes-improprias-para-consumo-policia-civil5-150x150.webp",150,150,true],"medium":["https:\/\/noticiasbahia360.com.br\/wp-content\/uploads\/2025\/04\/mBTe1EtG-carnes-improprias-para-consumo-policia-civil5-300x187.webp",300,187,true],"medium_large":["https:\/\/noticiasbahia360.com.br\/wp-content\/uploads\/2025\/04\/mBTe1EtG-carnes-improprias-para-consumo-policia-civil5-768x477.webp",640,398,true],"large":["https:\/\/noticiasbahia360.com.br\/wp-content\/uploads\/2025\/04\/mBTe1EtG-carnes-improprias-para-consumo-policia-civil5-1024x637.webp",640,398,true],"1536x1536":["https:\/\/noticiasbahia360.com.br\/wp-content\/uploads\/2025\/04\/mBTe1EtG-carnes-improprias-para-consumo-policia-civil5.webp",1200,746,false],"2048x2048":["https:\/\/noticiasbahia360.com.br\/wp-content\/uploads\/2025\/04\/mBTe1EtG-carnes-improprias-para-consumo-policia-civil5.webp",1200,746,false],"chromenews-featured":["https:\/\/noticiasbahia360.com.br\/wp-content\/uploads\/2025\/04\/mBTe1EtG-carnes-improprias-para-consumo-policia-civil5-1024x637.webp",1024,637,true],"chromenews-large":["https:\/\/noticiasbahia360.com.br\/wp-content\/uploads\/2025\/04\/mBTe1EtG-carnes-improprias-para-consumo-policia-civil5-825x575.webp",825,575,true],"chromenews-medium":["https:\/\/noticiasbahia360.com.br\/wp-content\/uploads\/2025\/04\/mBTe1EtG-carnes-improprias-para-consumo-policia-civil5-590x410.webp",590,410,true]},"author_info":{"display_name":"noticiasbahia360.com.br","author_link":"https:\/\/noticiasbahia360.com.br\/?author=1"},"category_info":"<a href=\"https:\/\/noticiasbahia360.com.br\/?cat=8\" rel=\"category\">Bahia<\/a> <a href=\"https:\/\/noticiasbahia360.com.br\/?cat=9\" rel=\"category\">Brasil<\/a> <a href=\"https:\/\/noticiasbahia360.com.br\/?cat=6\" rel=\"category\">Feira de Santana<\/a> <a href=\"https:\/\/noticiasbahia360.com.br\/?cat=57\" rel=\"category\">Mundo<\/a> <a href=\"https:\/\/noticiasbahia360.com.br\/?cat=56\" rel=\"category\">Pol\u00edcia<\/a> <a href=\"https:\/\/noticiasbahia360.com.br\/?cat=10\" rel=\"category\">Pol\u00edtica<\/a>","tag_info":"Pol\u00edtica","comment_count":"0","_links":{"self":[{"href":"https:\/\/noticiasbahia360.com.br\/index.php?rest_route=\/wp\/v2\/posts\/80683","targetHints":{"allow":["GET"]}}],"collection":[{"href":"https:\/\/noticiasbahia360.com.br\/index.php?rest_route=\/wp\/v2\/posts"}],"about":[{"href":"https:\/\/noticiasbahia360.com.br\/index.php?rest_route=\/wp\/v2\/types\/post"}],"author":[{"embeddable":true,"href":"https:\/\/noticiasbahia360.com.br\/index.php?rest_route=\/wp\/v2\/users\/1"}],"replies":[{"embeddable":true,"href":"https:\/\/noticiasbahia360.com.br\/index.php?rest_route=%2Fwp%2Fv2%2Fcomments&post=80683"}],"version-history":[{"count":0,"href":"https:\/\/noticiasbahia360.com.br\/index.php?rest_route=\/wp\/v2\/posts\/80683\/revisions"}],"wp:featuredmedia":[{"embeddable":true,"href":"https:\/\/noticiasbahia360.com.br\/index.php?rest_route=\/wp\/v2\/media\/80684"}],"wp:attachment":[{"href":"https:\/\/noticiasbahia360.com.br\/index.php?rest_route=%2Fwp%2Fv2%2Fmedia&parent=80683"}],"wp:term":[{"taxonomy":"category","embeddable":true,"href":"https:\/\/noticiasbahia360.com.br\/index.php?rest_route=%2Fwp%2Fv2%2Fcategories&post=80683"},{"taxonomy":"post_tag","embeddable":true,"href":"https:\/\/noticiasbahia360.com.br\/index.php?rest_route=%2Fwp%2Fv2%2Ftags&post=80683"}],"curies":[{"name":"wp","href":"https:\/\/api.w.org\/{rel}","templated":true}]}}