{"id":80692,"date":"2025-04-01T15:51:57","date_gmt":"2025-04-01T18:51:57","guid":{"rendered":"https:\/\/noticiasbahia360.com.br\/?p=80692"},"modified":"2025-04-01T15:51:57","modified_gmt":"2025-04-01T18:51:57","slug":"veterinario-da-7-dicas-de-cuidados-com-pets-idosos","status":"publish","type":"post","link":"https:\/\/noticiasbahia360.com.br\/?p=80692","title":{"rendered":"Veterin\u00e1rio d\u00e1 7 dicas de cuidados com pets idosos"},"content":{"rendered":"<div>\n<div>\n<figure><img decoding=\"async\" src=\"http:\/\/noticiasbahia360.com.br\/wp-content\/uploads\/2025\/04\/PET-PIXABAY.jpg\" alt=\"Veterin\u00e1rio Pets fogos\"><figcaption>Foto: Pixabay<\/figcaption><\/figure>\n<\/div>\n<p>Os pets idosos necessitam de cuidados especiais para garantir uma boa qualidade de vida. Com o avan\u00e7o da idade, os animais de estima\u00e7\u00e3o podem enfrentar diversos desafios de sa\u00fade e bem-estar. Entre os principais problemas que acometem os animais em idade avan\u00e7ada est\u00e3o: o alzheimer e a leucemia, doen\u00e7as que s\u00e3o comuns em seres humanos.<\/p>\n<p>Assim como os humanos, os animais de estima\u00e7\u00e3o tamb\u00e9m enfrentam desafios \u00e0 medida que envelhecem, e \u00e9 fundamental que os tutores estejam preparados para oferecer o suporte necess\u00e1rio.<\/p>\n<p>Segundo o coordenador do curso de Medicina Veterin\u00e1ria da Faculdade Anhanguera de Itabuna, professor Thiago Ramos Pinto, um dos problemas mais comuns na idade avan\u00e7ada dos pets \u00e9 a S\u00edndrome da Disfun\u00e7\u00e3o Cognitiva, mais conhecida como \u201cAlzheimer\u201d em <a href=\"https:\/\/www.acordacidade.com.br\/tag\/pets\/\">pets<\/a>. A doen\u00e7a afeta c\u00e3es e gatos, e em alguns casos, \u00e9 poss\u00edvel notar seus sinais a partir dos seis anos de idade.<\/p>\n<p>\u201cEssa \u00e9 a principal preocupa\u00e7\u00e3o dos tutores. A doen\u00e7a atinge o sistema nervoso central que acomete o c\u00e9rebro dos animais idosos, causando uma s\u00e9rie de altera\u00e7\u00f5es comportamentais, como dificuldade no aprendizado, a intera\u00e7\u00e3o e a resposta a est\u00edmulos, alerta Thiago.<\/p>\n<p>Para o m\u00e9dico veterin\u00e1rio, a Disfun\u00e7\u00e3o Cognitiva Canina (DCC), se assemelha ao Alzheimer em humanos. \u201cO processo de envelhecimento em c\u00e3es segue padr\u00f5es diversos, variando de acordo com o porte do animal. Quanto maior o pet, mais r\u00e1pido \u00e9 o seu processo de envelhecimento\u201d, explica.<\/p>\n<p>Thiago alerta ainda para que os tutores observem alguns pontos no comportamento do c\u00e3o e, caso haja altera\u00e7\u00e3o no sono, xixi e coc\u00f4 em locais fora do comum, mudan\u00e7a de comportamento, esquecimento de comandos aprendidos e principalmente a diminui\u00e7\u00e3o da orienta\u00e7\u00e3o do animal, \u00e9 recomendado uma consulta com o especialista.<\/p>\n<p>\u201c\u00c9 uma doen\u00e7a n\u00e3o tem cura, por\u00e9m existem tratamentos para retardar a s\u00edndrome. O tratamento envolve ajustes na alimenta\u00e7\u00e3o, incorpora\u00e7\u00e3o de vitaminas espec\u00edficas e antioxidantes, al\u00e9m do uso de medicamentos para disfun\u00e7\u00e3o cognitiva canina, que promove melhorias na qualidade de vida do animal\u201d, alerta.<\/p>\n<p><strong>Por fim, o veterin\u00e1rio d\u00e1 7 dicas de cuidados com pets idosos. Confira:<\/strong><\/p>\n<p><strong>1-<\/strong> <strong>Alimenta\u00e7\u00e3o Adequada<\/strong>: A dieta dos pets idosos deve ser ajustada para atender \u00e0s suas novas necessidades nutricionais. Alimentos espec\u00edficos para a terceira idade ajudam a manter a sa\u00fade das articula\u00e7\u00f5es, controlar o peso e fornecer os nutrientes essenciais;<\/p>\n<p><strong>2 \u2013 Exames Regulares: <\/strong>Consultas veterin\u00e1rias regulares s\u00e3o cruciais para monitorar a sa\u00fade dos pets idosos. Exames de sangue, check-ups dent\u00e1rios e avalia\u00e7\u00f5es f\u00edsicas ajudam a detectar precocemente qualquer problema de sa\u00fade;<\/p>\n<p><strong>3 \u2013<\/strong> <strong>Exerc\u00edcios Moderados:<\/strong> Manter uma rotina de exerc\u00edcios moderados \u00e9 importante para a sa\u00fade f\u00edsica e mental dos pets idosos. Caminhadas leves e brincadeiras adequadas \u00e0 idade ajudam a manter a mobilidade e a evitar o ganho de peso;<\/p>\n<p><strong>4 \u2013<\/strong> <strong>Conforto e Acessibilidade:<\/strong> Proporcionar um ambiente confort\u00e1vel e acess\u00edvel \u00e9 essencial. Camas ortop\u00e9dicas, rampas e superf\u00edcies antiderrapantes ajudam a prevenir les\u00f5es e proporcionam um espa\u00e7o seguro para os pets idosos;<\/p>\n<p><strong>5 \u2013<\/strong> <strong>Hidrata\u00e7\u00e3o: <\/strong>A hidrata\u00e7\u00e3o \u00e9 fundamental para a sa\u00fade dos pets idosos. Certifique-se de que eles tenham acesso f\u00e1cil a \u00e1gua fresca e limpa em todos os momentos;<\/p>\n<p><strong>6 \u2013<\/strong> <strong>Aten\u00e7\u00e3o aos Sinais de Dor:<\/strong> Os pets idosos podem sofrer de condi\u00e7\u00f5es dolorosas, como artrite. Fique atento a sinais de desconforto, como dificuldade para se levantar, relut\u00e2ncia em se mover ou mudan\u00e7as de comportamento, e consulte um veterin\u00e1rio para o manejo adequado da dor;<\/p>\n<p><strong>7 \u2013 Estimula\u00e7\u00e3o Mental: <\/strong>A estimula\u00e7\u00e3o mental \u00e9 t\u00e3o importante quanto a f\u00edsica. Brinquedos interativos, jogos de olfato e atividades que desafiem a mente ajudam a manter os pets idosos mentalmente ativos e felizes.<\/p>\n<p><em>Siga o Acorda Cidade no<\/em><a href=\"https:\/\/news.google.com\/search?q=acorda%20cidade&amp;hl=pt-BR&amp;gl=BR&amp;ceid=BR%3Apt-419\"><strong><em>\u00a0Google Not\u00edcias<\/em><\/strong><\/a><em>\u00a0e receba os principais destaques do dia. Participe tamb\u00e9m dos nossos canais no\u00a0<\/em><a href=\"https:\/\/whatsapp.com\/channel\/0029Va6Rb4v3WHTNnsh8WI3N\"><strong><em>WhatsApp<\/em><\/strong><\/a><em>\u00a0e\u00a0<\/em><a href=\"https:\/\/www.youtube.com\/@acordacidadenoticias\/videos\"><strong>YouTube<\/strong><\/a><em>\u00a0e do grupo no\u00a0<\/em><a href=\"https:\/\/t.me\/+sSz0khrgARA0ZmRh\"><strong><em>Telegram<\/em><\/strong><\/a><em>.<\/em><\/p>\n<\/div>\n","protected":false},"excerpt":{"rendered":"<div>\n<div>\n<figure><img decoding=\"async\" src=\"https:\/\/uploads.acordacidade.com.br\/2024\/12\/PET-PIXABAY.jpg\" alt=\"Veterin\u00e1rio Pets fogos\"><figcaption>Foto: Pixabay<\/figcaption><\/figure>\n<\/div>\n<p>Um dos problemas mais comuns na idade avan\u00e7ada dos pets \u00e9 a S\u00edndrome da Disfun\u00e7\u00e3o Cognitiva, mais conhecida como \u201cAlzheimer\u201d em pets.<\/p><\/div>\n","protected":false},"author":1,"featured_media":80693,"comment_status":"closed","ping_status":"closed","sticky":false,"template":"","format":"gallery","meta":{"footnotes":""},"categories":[8,9,6,57,56,10],"tags":[],"class_list":["post-80692","post","type-post","status-publish","format-gallery","has-post-thumbnail","hentry","category-bahia","category-brasil","category-feira-de-santana","category-mundo","category-policia","category-politica","post_format-post-format-gallery"],"featured_image_urls":{"full":["https:\/\/noticiasbahia360.com.br\/wp-content\/uploads\/2025\/04\/PET-PIXABAY.jpg",1280,853,false],"thumbnail":["https:\/\/noticiasbahia360.com.br\/wp-content\/uploads\/2025\/04\/PET-PIXABAY-150x150.jpg",150,150,true],"medium":["https:\/\/noticiasbahia360.com.br\/wp-content\/uploads\/2025\/04\/PET-PIXABAY-300x200.jpg",300,200,true],"medium_large":["https:\/\/noticiasbahia360.com.br\/wp-content\/uploads\/2025\/04\/PET-PIXABAY-768x512.jpg",640,427,true],"large":["https:\/\/noticiasbahia360.com.br\/wp-content\/uploads\/2025\/04\/PET-PIXABAY-1024x682.jpg",640,426,true],"1536x1536":["https:\/\/noticiasbahia360.com.br\/wp-content\/uploads\/2025\/04\/PET-PIXABAY.jpg",1280,853,false],"2048x2048":["https:\/\/noticiasbahia360.com.br\/wp-content\/uploads\/2025\/04\/PET-PIXABAY.jpg",1280,853,false],"chromenews-featured":["https:\/\/noticiasbahia360.com.br\/wp-content\/uploads\/2025\/04\/PET-PIXABAY-1024x682.jpg",1024,682,true],"chromenews-large":["https:\/\/noticiasbahia360.com.br\/wp-content\/uploads\/2025\/04\/PET-PIXABAY-825x575.jpg",825,575,true],"chromenews-medium":["https:\/\/noticiasbahia360.com.br\/wp-content\/uploads\/2025\/04\/PET-PIXABAY-590x410.jpg",590,410,true]},"author_info":{"display_name":"noticiasbahia360.com.br","author_link":"https:\/\/noticiasbahia360.com.br\/?author=1"},"category_info":"<a href=\"https:\/\/noticiasbahia360.com.br\/?cat=8\" rel=\"category\">Bahia<\/a> <a href=\"https:\/\/noticiasbahia360.com.br\/?cat=9\" rel=\"category\">Brasil<\/a> <a href=\"https:\/\/noticiasbahia360.com.br\/?cat=6\" rel=\"category\">Feira de Santana<\/a> <a href=\"https:\/\/noticiasbahia360.com.br\/?cat=57\" rel=\"category\">Mundo<\/a> <a href=\"https:\/\/noticiasbahia360.com.br\/?cat=56\" rel=\"category\">Pol\u00edcia<\/a> <a href=\"https:\/\/noticiasbahia360.com.br\/?cat=10\" rel=\"category\">Pol\u00edtica<\/a>","tag_info":"Pol\u00edtica","comment_count":"0","_links":{"self":[{"href":"https:\/\/noticiasbahia360.com.br\/index.php?rest_route=\/wp\/v2\/posts\/80692","targetHints":{"allow":["GET"]}}],"collection":[{"href":"https:\/\/noticiasbahia360.com.br\/index.php?rest_route=\/wp\/v2\/posts"}],"about":[{"href":"https:\/\/noticiasbahia360.com.br\/index.php?rest_route=\/wp\/v2\/types\/post"}],"author":[{"embeddable":true,"href":"https:\/\/noticiasbahia360.com.br\/index.php?rest_route=\/wp\/v2\/users\/1"}],"replies":[{"embeddable":true,"href":"https:\/\/noticiasbahia360.com.br\/index.php?rest_route=%2Fwp%2Fv2%2Fcomments&post=80692"}],"version-history":[{"count":0,"href":"https:\/\/noticiasbahia360.com.br\/index.php?rest_route=\/wp\/v2\/posts\/80692\/revisions"}],"wp:featuredmedia":[{"embeddable":true,"href":"https:\/\/noticiasbahia360.com.br\/index.php?rest_route=\/wp\/v2\/media\/80693"}],"wp:attachment":[{"href":"https:\/\/noticiasbahia360.com.br\/index.php?rest_route=%2Fwp%2Fv2%2Fmedia&parent=80692"}],"wp:term":[{"taxonomy":"category","embeddable":true,"href":"https:\/\/noticiasbahia360.com.br\/index.php?rest_route=%2Fwp%2Fv2%2Fcategories&post=80692"},{"taxonomy":"post_tag","embeddable":true,"href":"https:\/\/noticiasbahia360.com.br\/index.php?rest_route=%2Fwp%2Fv2%2Ftags&post=80692"}],"curies":[{"name":"wp","href":"https:\/\/api.w.org\/{rel}","templated":true}]}}