{"id":80694,"date":"2025-04-01T15:57:52","date_gmt":"2025-04-01T18:57:52","guid":{"rendered":"https:\/\/noticiasbahia360.com.br\/?p=80694"},"modified":"2025-04-01T15:57:52","modified_gmt":"2025-04-01T18:57:52","slug":"dia-da-mentira-quando-uma-brincadeira-pode-virar-crime","status":"publish","type":"post","link":"https:\/\/noticiasbahia360.com.br\/?p=80694","title":{"rendered":"Dia da Mentira: quando uma brincadeira pode virar crime"},"content":{"rendered":"<div>\n<div>\n<figure><img decoding=\"async\" src=\"http:\/\/noticiasbahia360.com.br\/wp-content\/uploads\/2025\/04\/pinoquio-mentira-Pixabay.jpg\" alt=\"Dia da Mentira pin\u00f3quio - mentira\"><figcaption>Foto: JackMac34\/Pixabay<\/figcaption><\/figure>\n<\/div>\n<p>Nesta ter\u00e7a-feira, dia 01 de abril, ser\u00e1 celebrado o Dia da Mentira, data anual em alguns pa\u00edses europeus e ocidentais em que \u00e9 comum fazer brincadeiras e pegadinhas para comemorar. Mas quando uma mentira se torna crime? Pr\u00e1ticas aparentemente inofensivas, com mentiras e pegadinhas, em alguns casos ultrapassam os limites legais e ferem o C\u00f3digo Penal Brasileiro. A liberdade de express\u00e3o, embora constitucionalmente assegurada, n\u00e3o \u00e9 absoluta e encontra limites claros no respeito \u00e0 honra, \u00e0 dignidade e \u00e0 imagem das pessoas.\u00a0<\/p>\n<p>A mentira, ainda que dita em tom de brincadeira, torna-se inaceit\u00e1vel no momento em que passa a causar danos concretos \u00e0 reputa\u00e7\u00e3o ou integridade moral de algu\u00e9m, configurando, assim, crimes contra a honra. \u201cEntre esses crimes, destacam-se principalmente a cal\u00fania, a difama\u00e7\u00e3o e a inj\u00faria, e \u00e9 essencial compreender as diferen\u00e7as entre eles\u201d, explica oadvogado criminalista Vin\u00edcios Cardozo, do GMP|G&amp;C Advogados Associados.<\/p>\n<figure class=\"wp-block-image size-large\"><img fetchpriority=\"high\" decoding=\"async\" width=\"1024\" height=\"683\" src=\"http:\/\/noticiasbahia360.com.br\/wp-content\/uploads\/2025\/04\/fi6hqaKU-Vinicios-Cardozo-foto-divulgacao-1024x683-1.webp\" alt=\"\" class=\"wp-image-517672\" srcset=\"https:\/\/uploads.acordacidade.com.br\/2025\/04\/fi6hqaKU-Vinicios-Cardozo-foto-divulgacao--300x200.webp 300w, http:\/\/noticiasbahia360.com.br\/wp-content\/uploads\/2025\/04\/fi6hqaKU-Vinicios-Cardozo-foto-divulgacao-1024x683-1.webp 1024w, https:\/\/uploads.acordacidade.com.br\/2025\/04\/fi6hqaKU-Vinicios-Cardozo-foto-divulgacao--768x512.webp 768w, https:\/\/uploads.acordacidade.com.br\/2025\/04\/fi6hqaKU-Vinicios-Cardozo-foto-divulgacao--1536x1024.webp 1536w, https:\/\/uploads.acordacidade.com.br\/2025\/04\/fi6hqaKU-Vinicios-Cardozo-foto-divulgacao--150x100.webp 150w, https:\/\/uploads.acordacidade.com.br\/2025\/04\/fi6hqaKU-Vinicios-Cardozo-foto-divulgacao-.webp 1600w\" sizes=\"(max-width: 1024px) 100vw, 1024px\"><figcaption class=\"wp-element-caption\">Foto: Divulga\u00e7\u00e3o <\/figcaption><\/figure>\n<p>A cal\u00fania (art. 138 do C\u00f3digo Penal) ocorre quando algu\u00e9m atribui falsamente \u00e0 outra pessoa a pr\u00e1tica de um crime, sabendo que essa acusa\u00e7\u00e3o n\u00e3o \u00e9 verdadeira. A pena prevista \u00e9 de deten\u00e7\u00e3o de seis meses a dois anos, al\u00e9m de multa. \u201cJ\u00e1 a difama\u00e7\u00e3o (art. 139 do C\u00f3digo Penal) consiste em atribuir a algu\u00e9m um fato ofensivo \u00e0 sua reputa\u00e7\u00e3o, mesmo que este fato seja verdadeiro. O que importa \u00e9 que tal atribui\u00e7\u00e3o prejudique a imagem social ou profissional da v\u00edtima perante terceiros\u201d, detalha Cardozo. A pena para difama\u00e7\u00e3o \u00e9 de tr\u00eas meses a um ano de deten\u00e7\u00e3o, acrescida de multa.<\/p>\n<p>A inj\u00faria (art. 140 do C\u00f3digo Penal) caracteriza-se pela ofensa direta \u00e0 dignidade ou ao decoro da v\u00edtima, sem necessidade de divulga\u00e7\u00e3o a terceiros. Trata-se de uma agress\u00e3o moral direta entre ofensor e v\u00edtima, cuja pena \u00e9 semelhante \u00e0 da difama\u00e7\u00e3o: tr\u00eas meses a um ano de deten\u00e7\u00e3o e multa. No contexto digital atual, esses crimes contra a honra t\u00eam se tornado cada vez mais frequentes, especialmente em raz\u00e3o do uso das redes sociais e aplicativos de mensagens instant\u00e2neas, nos quais informa\u00e7\u00f5es falsas ou ofensivas rapidamente ganham grande alcance e repercuss\u00e3o.<\/p>\n<p>\u201cJustamente por isso, o C\u00f3digo Penal prev\u00ea uma circunst\u00e2ncia majorante espec\u00edfica para situa\u00e7\u00f5es em que a ofensa \u00e9 praticada por meio que facilite sua divulga\u00e7\u00e3o ou permita que atinja um n\u00famero indeterminado de pessoas, como \u00e9 o caso das redes sociais, da internet, da imprensa ou de outros meios de comunica\u00e7\u00e3o em massa\u201d, avalia o advogado. Prevista no artigo 141, inciso III do C\u00f3digo Penal, ela eleva a pena dos crimes contra a honra em um ter\u00e7o, reconhecendo que a utiliza\u00e7\u00e3o de meios amplos potencializa o dano moral e intensifica a gravidade do crime praticado.<\/p>\n<p>\u201cNestes casos, \u00e9 imprescind\u00edvel que a pessoa atingida busque assist\u00eancia jur\u00eddica imediatamente. O prazo para ingressar com uma queixa-crime \u00e9 de at\u00e9 seis meses ap\u00f3s o conhecimento da ofensa. Paralelamente \u00e0 a\u00e7\u00e3o penal, a v\u00edtima tamb\u00e9m poder\u00e1 pleitear judicialmente uma indeniza\u00e7\u00e3o por danos morais na esfera c\u00edvel, como forma de repara\u00e7\u00e3o adicional pelos preju\u00edzos sofridos\u201d, completa o especialista.<\/p>\n<p><em>Siga o Acorda Cidade no<\/em><a href=\"https:\/\/news.google.com\/search?q=acorda%20cidade&amp;hl=pt-BR&amp;gl=BR&amp;ceid=BR%3Apt-419\"><strong><em>\u00a0Google Not\u00edcias<\/em><\/strong><\/a><em>\u00a0e receba os principais destaques do dia. Participe tamb\u00e9m dos nossos canais no\u00a0<\/em><a href=\"https:\/\/whatsapp.com\/channel\/0029Va6Rb4v3WHTNnsh8WI3N\"><strong><em>WhatsApp<\/em><\/strong><\/a><em>\u00a0e\u00a0<\/em><a href=\"https:\/\/www.youtube.com\/@acordacidadenoticias\/videos\"><strong>YouTube<\/strong><\/a><em>\u00a0e do grupo no\u00a0<\/em><a href=\"https:\/\/t.me\/+sSz0khrgARA0ZmRh\"><strong><em>Telegram<\/em><\/strong><\/a><em>.<\/em><\/p>\n<\/div>\n","protected":false},"excerpt":{"rendered":"<div>\n<div>\n<figure><img decoding=\"async\" src=\"https:\/\/uploads.acordacidade.com.br\/wp-content\/uploads\/2024\/04\/01073727\/pinoquio-mentira-Pixabay.jpg\" alt=\"Dia da Mentira pin\u00f3quio - mentira\"><figcaption>Foto: JackMac34\/Pixabay<\/figcaption><\/figure>\n<\/div>\n<p>A liberdade de express\u00e3o, embora constitucionalmente assegurada, n\u00e3o \u00e9 absoluta e encontra limites claros no respeito \u00e0 honra.<\/p><\/div>\n","protected":false},"author":1,"featured_media":80695,"comment_status":"closed","ping_status":"closed","sticky":false,"template":"","format":"gallery","meta":{"footnotes":""},"categories":[8,9,6,57,56,10],"tags":[],"class_list":["post-80694","post","type-post","status-publish","format-gallery","has-post-thumbnail","hentry","category-bahia","category-brasil","category-feira-de-santana","category-mundo","category-policia","category-politica","post_format-post-format-gallery"],"featured_image_urls":{"full":["https:\/\/noticiasbahia360.com.br\/wp-content\/uploads\/2025\/04\/pinoquio-mentira-Pixabay.jpg",640,437,false],"thumbnail":["https:\/\/noticiasbahia360.com.br\/wp-content\/uploads\/2025\/04\/pinoquio-mentira-Pixabay-150x150.jpg",150,150,true],"medium":["https:\/\/noticiasbahia360.com.br\/wp-content\/uploads\/2025\/04\/pinoquio-mentira-Pixabay-300x205.jpg",300,205,true],"medium_large":["https:\/\/noticiasbahia360.com.br\/wp-content\/uploads\/2025\/04\/pinoquio-mentira-Pixabay.jpg",640,437,false],"large":["https:\/\/noticiasbahia360.com.br\/wp-content\/uploads\/2025\/04\/pinoquio-mentira-Pixabay.jpg",640,437,false],"1536x1536":["https:\/\/noticiasbahia360.com.br\/wp-content\/uploads\/2025\/04\/pinoquio-mentira-Pixabay.jpg",640,437,false],"2048x2048":["https:\/\/noticiasbahia360.com.br\/wp-content\/uploads\/2025\/04\/pinoquio-mentira-Pixabay.jpg",640,437,false],"chromenews-featured":["https:\/\/noticiasbahia360.com.br\/wp-content\/uploads\/2025\/04\/pinoquio-mentira-Pixabay.jpg",640,437,false],"chromenews-large":["https:\/\/noticiasbahia360.com.br\/wp-content\/uploads\/2025\/04\/pinoquio-mentira-Pixabay.jpg",640,437,false],"chromenews-medium":["https:\/\/noticiasbahia360.com.br\/wp-content\/uploads\/2025\/04\/pinoquio-mentira-Pixabay-590x410.jpg",590,410,true]},"author_info":{"display_name":"noticiasbahia360.com.br","author_link":"https:\/\/noticiasbahia360.com.br\/?author=1"},"category_info":"<a href=\"https:\/\/noticiasbahia360.com.br\/?cat=8\" rel=\"category\">Bahia<\/a> <a href=\"https:\/\/noticiasbahia360.com.br\/?cat=9\" rel=\"category\">Brasil<\/a> <a href=\"https:\/\/noticiasbahia360.com.br\/?cat=6\" rel=\"category\">Feira de Santana<\/a> <a href=\"https:\/\/noticiasbahia360.com.br\/?cat=57\" rel=\"category\">Mundo<\/a> <a href=\"https:\/\/noticiasbahia360.com.br\/?cat=56\" rel=\"category\">Pol\u00edcia<\/a> <a href=\"https:\/\/noticiasbahia360.com.br\/?cat=10\" rel=\"category\">Pol\u00edtica<\/a>","tag_info":"Pol\u00edtica","comment_count":"0","_links":{"self":[{"href":"https:\/\/noticiasbahia360.com.br\/index.php?rest_route=\/wp\/v2\/posts\/80694","targetHints":{"allow":["GET"]}}],"collection":[{"href":"https:\/\/noticiasbahia360.com.br\/index.php?rest_route=\/wp\/v2\/posts"}],"about":[{"href":"https:\/\/noticiasbahia360.com.br\/index.php?rest_route=\/wp\/v2\/types\/post"}],"author":[{"embeddable":true,"href":"https:\/\/noticiasbahia360.com.br\/index.php?rest_route=\/wp\/v2\/users\/1"}],"replies":[{"embeddable":true,"href":"https:\/\/noticiasbahia360.com.br\/index.php?rest_route=%2Fwp%2Fv2%2Fcomments&post=80694"}],"version-history":[{"count":0,"href":"https:\/\/noticiasbahia360.com.br\/index.php?rest_route=\/wp\/v2\/posts\/80694\/revisions"}],"wp:featuredmedia":[{"embeddable":true,"href":"https:\/\/noticiasbahia360.com.br\/index.php?rest_route=\/wp\/v2\/media\/80695"}],"wp:attachment":[{"href":"https:\/\/noticiasbahia360.com.br\/index.php?rest_route=%2Fwp%2Fv2%2Fmedia&parent=80694"}],"wp:term":[{"taxonomy":"category","embeddable":true,"href":"https:\/\/noticiasbahia360.com.br\/index.php?rest_route=%2Fwp%2Fv2%2Fcategories&post=80694"},{"taxonomy":"post_tag","embeddable":true,"href":"https:\/\/noticiasbahia360.com.br\/index.php?rest_route=%2Fwp%2Fv2%2Ftags&post=80694"}],"curies":[{"name":"wp","href":"https:\/\/api.w.org\/{rel}","templated":true}]}} 