{"id":80700,"date":"2025-04-01T16:05:14","date_gmt":"2025-04-01T19:05:14","guid":{"rendered":"https:\/\/noticiasbahia360.com.br\/?p=80700"},"modified":"2025-04-01T16:05:14","modified_gmt":"2025-04-01T19:05:14","slug":"camara-faz-minuto-de-silencio-em-homenagem-a-vitimas-de-acidente-de-rui-barbosa","status":"publish","type":"post","link":"https:\/\/noticiasbahia360.com.br\/?p=80700","title":{"rendered":"C\u00e2mara faz minuto de sil\u00eancio em homenagem a v\u00edtimas de acidente de Rui Barbosa\u00a0"},"content":{"rendered":"<div>\n<div>\n<figure><img decoding=\"async\" src=\"http:\/\/noticiasbahia360.com.br\/wp-content\/uploads\/2025\/04\/M0NEri7p-Audiencia-publica-na-Camara-Municipal-sobre-o-aeroporto-ft-Paulo-Jose-acorda-cidade4.webp\" alt=\"Audi\u00eancia p\u00fablica na C\u00e2mara Municipal - sobre o aeroporto de Feira\"><figcaption>Foto: Paulo Jos\u00e9\/Acorda Cidade<\/figcaption><\/figure>\n<\/div>\n<p>Em solidariedade \u00e0s v\u00edtimas do acidente ocorrido pr\u00f3ximo a Itaberaba, onde morreram 11 pessoas do munic\u00edpio de Rui Barbosa, no \u00faltimo domingo (30), a C\u00e2mara Municipal cumpriu um minuto de sil\u00eancio na sess\u00e3o desta ter\u00e7a (1). O presidente do Legislativo, Marcos Lima (UB), lamentou o fato tr\u00e1gico e ressaltou que toda a Feira de Santana se comoveu com a not\u00edcia. <\/p>\n<p>Autor do pedido da homenagem, o vereador Edvaldo Lima (UB), que \u00e9 natural daquela cidade, prestou condol\u00eancias \u00e0s fam\u00edlias de seus conterr\u00e2neos. No acidente, provocado pela colis\u00e3o entre uma van de passageiros e uma carreta, 9 das 11 pessoas que perderam a vida eram da mesma fam\u00edlia. O que deixou mais abalada toda a regi\u00e3o, conforme ressaltou Silvio Dias (PT), ao destacar a imensid\u00e3o da dor na cidade.<\/p>\n<p>Ainda, foram prestadas homenagens aos familiares do senhor Reginaldo, residente no bairro Rua Nova e de \u201cNega Pel\u00e9\u201d, do Barro Vermelho, a pedido do vereador Ismael Bastos (PL). E a pedido do vereador Lulinha, o minuto de sil\u00eancio homenageou tamb\u00e9m Ingrid Vit\u00f3ria, caso que ganhou notoriedade nacional pela jovem ter sido vitimada por um amigo da fam\u00edlia.<\/p>\n<p><em>Fonte: C\u00e2mara de Vereadores de Feira de Santana <\/em><\/p>\n<p><em>Siga o Acorda Cidade no<\/em><a href=\"https:\/\/news.google.com\/search?q=acorda%20cidade&amp;hl=pt-BR&amp;gl=BR&amp;ceid=BR%3Apt-419\"><strong><em>\u00a0Google Not\u00edcias<\/em><\/strong><\/a><em>\u00a0e receba os principais destaques do dia. Participe tamb\u00e9m dos nossos canais no\u00a0<\/em><a href=\"https:\/\/whatsapp.com\/channel\/0029Va6Rb4v3WHTNnsh8WI3N\"><strong><em>WhatsApp<\/em><\/strong><\/a><em>\u00a0e\u00a0<\/em><a href=\"https:\/\/www.youtube.com\/@acordacidadenoticias\/videos\"><strong>YouTube<\/strong><\/a><em>\u00a0e do grupo no\u00a0<\/em><a href=\"https:\/\/t.me\/+sSz0khrgARA0ZmRh\"><strong><em>Telegram<\/em><\/strong><\/a><em>.<\/em><\/p>\n<\/div>\n","protected":false},"excerpt":{"rendered":"<div>\n<div>\n<figure><img decoding=\"async\" src=\"https:\/\/uploads.acordacidade.com.br\/2025\/03\/M0NEri7p-Audiencia-publica-na-Camara-Municipal-sobre-o-aeroporto-ft-Paulo-Jose-acorda-cidade4.webp\" alt=\"Audi\u00eancia p\u00fablica na C\u00e2mara Municipal - sobre o aeroporto de Feira\"><figcaption>Foto: Paulo Jos\u00e9\/Acorda Cidade<\/figcaption><\/figure>\n<\/div>\n<p>A C\u00e2mara Municipal de Vereadores de Feira de Santana cumpriu um minuto de sil\u00eancio na sess\u00e3o desta ter\u00e7a (1).<\/p><\/div>\n","protected":false},"author":1,"featured_media":80701,"comment_status":"closed","ping_status":"closed","sticky":false,"template":"","format":"gallery","meta":{"footnotes":""},"categories":[8,9,6,57,56,10],"tags":[],"class_list":["post-80700","post","type-post","status-publish","format-gallery","has-post-thumbnail","hentry","category-bahia","category-brasil","category-feira-de-santana","category-mundo","category-policia","category-politica","post_format-post-format-gallery"],"featured_image_urls":{"full":["https:\/\/noticiasbahia360.com.br\/wp-content\/uploads\/2025\/04\/M0NEri7p-Audiencia-publica-na-Camara-Municipal-sobre-o-aeroporto-ft-Paulo-Jose-acorda-cidade4.webp",1200,564,false],"thumbnail":["https:\/\/noticiasbahia360.com.br\/wp-content\/uploads\/2025\/04\/M0NEri7p-Audiencia-publica-na-Camara-Municipal-sobre-o-aeroporto-ft-Paulo-Jose-acorda-cidade4-150x150.webp",150,150,true],"medium":["https:\/\/noticiasbahia360.com.br\/wp-content\/uploads\/2025\/04\/M0NEri7p-Audiencia-publica-na-Camara-Municipal-sobre-o-aeroporto-ft-Paulo-Jose-acorda-cidade4-300x141.webp",300,141,true],"medium_large":["https:\/\/noticiasbahia360.com.br\/wp-content\/uploads\/2025\/04\/M0NEri7p-Audiencia-publica-na-Camara-Municipal-sobre-o-aeroporto-ft-Paulo-Jose-acorda-cidade4-768x361.webp",640,301,true],"large":["https:\/\/noticiasbahia360.com.br\/wp-content\/uploads\/2025\/04\/M0NEri7p-Audiencia-publica-na-Camara-Municipal-sobre-o-aeroporto-ft-Paulo-Jose-acorda-cidade4-1024x481.webp",640,301,true],"1536x1536":["https:\/\/noticiasbahia360.com.br\/wp-content\/uploads\/2025\/04\/M0NEri7p-Audiencia-publica-na-Camara-Municipal-sobre-o-aeroporto-ft-Paulo-Jose-acorda-cidade4.webp",1200,564,false],"2048x2048":["https:\/\/noticiasbahia360.com.br\/wp-content\/uploads\/2025\/04\/M0NEri7p-Audiencia-publica-na-Camara-Municipal-sobre-o-aeroporto-ft-Paulo-Jose-acorda-cidade4.webp",1200,564,false],"chromenews-featured":["https:\/\/noticiasbahia360.com.br\/wp-content\/uploads\/2025\/04\/M0NEri7p-Audiencia-publica-na-Camara-Municipal-sobre-o-aeroporto-ft-Paulo-Jose-acorda-cidade4-1024x481.webp",1024,481,true],"chromenews-large":["https:\/\/noticiasbahia360.com.br\/wp-content\/uploads\/2025\/04\/M0NEri7p-Audiencia-publica-na-Camara-Municipal-sobre-o-aeroporto-ft-Paulo-Jose-acorda-cidade4-825x564.webp",825,564,true],"chromenews-medium":["https:\/\/noticiasbahia360.com.br\/wp-content\/uploads\/2025\/04\/M0NEri7p-Audiencia-publica-na-Camara-Municipal-sobre-o-aeroporto-ft-Paulo-Jose-acorda-cidade4-590x410.webp",590,410,true]},"author_info":{"display_name":"noticiasbahia360.com.br","author_link":"https:\/\/noticiasbahia360.com.br\/?author=1"},"category_info":"<a href=\"https:\/\/noticiasbahia360.com.br\/?cat=8\" rel=\"category\">Bahia<\/a> <a href=\"https:\/\/noticiasbahia360.com.br\/?cat=9\" rel=\"category\">Brasil<\/a> <a href=\"https:\/\/noticiasbahia360.com.br\/?cat=6\" rel=\"category\">Feira de Santana<\/a> <a href=\"https:\/\/noticiasbahia360.com.br\/?cat=57\" rel=\"category\">Mundo<\/a> <a href=\"https:\/\/noticiasbahia360.com.br\/?cat=56\" rel=\"category\">Pol\u00edcia<\/a> <a href=\"https:\/\/noticiasbahia360.com.br\/?cat=10\" rel=\"category\">Pol\u00edtica<\/a>","tag_info":"Pol\u00edtica","comment_count":"0","_links":{"self":[{"href":"https:\/\/noticiasbahia360.com.br\/index.php?rest_route=\/wp\/v2\/posts\/80700","targetHints":{"allow":["GET"]}}],"collection":[{"href":"https:\/\/noticiasbahia360.com.br\/index.php?rest_route=\/wp\/v2\/posts"}],"about":[{"href":"https:\/\/noticiasbahia360.com.br\/index.php?rest_route=\/wp\/v2\/types\/post"}],"author":[{"embeddable":true,"href":"https:\/\/noticiasbahia360.com.br\/index.php?rest_route=\/wp\/v2\/users\/1"}],"replies":[{"embeddable":true,"href":"https:\/\/noticiasbahia360.com.br\/index.php?rest_route=%2Fwp%2Fv2%2Fcomments&post=80700"}],"version-history":[{"count":0,"href":"https:\/\/noticiasbahia360.com.br\/index.php?rest_route=\/wp\/v2\/posts\/80700\/revisions"}],"wp:featuredmedia":[{"embeddable":true,"href":"https:\/\/noticiasbahia360.com.br\/index.php?rest_route=\/wp\/v2\/media\/80701"}],"wp:attachment":[{"href":"https:\/\/noticiasbahia360.com.br\/index.php?rest_route=%2Fwp%2Fv2%2Fmedia&parent=80700"}],"wp:term":[{"taxonomy":"category","embeddable":true,"href":"https:\/\/noticiasbahia360.com.br\/index.php?rest_route=%2Fwp%2Fv2%2Fcategories&post=80700"},{"taxonomy":"post_tag","embeddable":true,"href":"https:\/\/noticiasbahia360.com.br\/index.php?rest_route=%2Fwp%2Fv2%2Ftags&post=80700"}],"curies":[{"name":"wp","href":"https:\/\/api.w.org\/{rel}","templated":true}]}}