{"id":80702,"date":"2025-04-01T16:05:18","date_gmt":"2025-04-01T19:05:18","guid":{"rendered":"https:\/\/noticiasbahia360.com.br\/?p=80702"},"modified":"2025-04-01T16:05:18","modified_gmt":"2025-04-01T19:05:18","slug":"protesto-contra-blitz-do-ipva-sera-realizado-em-feira-de-santana","status":"publish","type":"post","link":"https:\/\/noticiasbahia360.com.br\/?p=80702","title":{"rendered":"Protesto contra \u201cblitz do IPVA\u201d ser\u00e1 realizado em Feira de Santana"},"content":{"rendered":"<div>\n<div>\n<figure><img decoding=\"async\" src=\"http:\/\/noticiasbahia360.com.br\/wp-content\/uploads\/2025\/04\/blitz-pm-detran-micareta-de-feira-foto-2023-foto-joas.jpg\" alt=\"blitz pm Detran - rateio da taxa de remo\u00e7\u00e3o de ve\u00edculos\"><figcaption>Fotos: Jo\u00e1 Souza\/GOVBA<\/figcaption><\/figure>\n<\/div>\n<p>Est\u00e1 previsto para o pr\u00f3ximo dia 21 de abril, segundo informou nesta ter\u00e7a-feira (1\u00ba), na C\u00e2mara, o vereador Lulinha (UB), a organiza\u00e7\u00e3o de uma \u201cgrande manifesta\u00e7\u00e3o\u201d contra a denominada \u201cblitz do IPVA\u201d, em <a href=\"https:\/\/www.acordacidade.com.br\/tag\/feira-de-santana\/\">Feira de Santana<\/a>. <\/p>\n<p>Ele disse que trabalhadores ligados a plataformas de transporte por meio de aplicativos, est\u00e3o convocando a categoria e toda a popula\u00e7\u00e3o para participar. Ser\u00e1 no final da Avenida Fraga Maia, \u00e0s 9h. <\/p>\n<p>\u201cFui convidado para este ato, com posicionamento contra a persegui\u00e7\u00e3o que os trabalhadores v\u00eam sofrendo. E penso que devemos fazer tamb\u00e9m uma audi\u00eancia nesta Casa e convidar as autoridades competentes, a fim de discutirmos o fim destas blitzes em Feira\u201d, disse o vereador.<\/p>\n<p>Lulinha disse que, no intuito de fazer press\u00e3o contra a realiza\u00e7\u00e3o das chamadas \u201cblitzes do IPVA\u201d, algumas C\u00e2maras Municipais da Bahia est\u00e3o se movimentando para solicitar o fim das referidas opera\u00e7\u00f5es. Segundo ele, al\u00e9m de manifesta\u00e7\u00f5es que t\u00eam ocorrido no Legislativo de Feira de Santana, abordando a quest\u00e3o, a\u00e7\u00f5es e audi\u00eancias p\u00fablicas j\u00e1 est\u00e3o acontecendo em cidades como Juazeiro, localizada no extremo norte do Estado, com o mesmo prop\u00f3sito.<\/p>\n<p><em>As informa\u00e7\u00f5es s\u00e3o da C\u00e2mara Municipal de Feira de Santana<\/em><\/p>\n<p><em>Siga o Acorda Cidade no<\/em><a href=\"https:\/\/news.google.com\/search?q=acorda%20cidade&amp;hl=pt-BR&amp;gl=BR&amp;ceid=BR%3Apt-419\"><strong><em> Google Not\u00edcias<\/em><\/strong><\/a><em> e receba os principais destaques do dia. Participe tamb\u00e9m dos nossos canais no <\/em><a href=\"https:\/\/whatsapp.com\/channel\/0029Va6Rb4v3WHTNnsh8WI3N\"><strong><em>WhatsApp<\/em><\/strong><\/a><em> e <\/em><a href=\"https:\/\/www.youtube.com\/@acordacidadenoticias\/videos\"><strong>Youtube<\/strong><\/a><em> e grupo de <\/em><a href=\"https:\/\/t.me\/+sSz0khrgARA0ZmRh\"><strong><em>Telegram<\/em><\/strong><\/a><em>.<\/em><\/p>\n<\/div>\n","protected":false},"excerpt":{"rendered":"<div>\n<div>\n<figure><img decoding=\"async\" src=\"https:\/\/uploads.acordacidade.com.br\/wp-content\/uploads\/2023\/04\/23201913\/blitz-pm-detran-micareta-de-feira-foto-2023-foto-joas.jpg\" alt=\"blitz pm Detran - rateio da taxa de remo\u00e7\u00e3o de ve\u00edculos\"><figcaption>Fotos: Jo\u00e1 Souza\/GOVBA<\/figcaption><\/figure>\n<\/div>\n<p>Est\u00e1 previsto para o pr\u00f3ximo dia 21 de abril, segundo informou nesta ter\u00e7a-feira (1\u00ba), na C\u00e2mara, o vereador Lulinha (UB), a organiza\u00e7\u00e3o de uma \u201cgrande manifesta\u00e7\u00e3o\u201d contra a denominada \u201cblitz do IPVA\u201d, em Feira de Santana. Ele disse que trabalhadores ligados a plataformas de transporte por meio de aplicativos, est\u00e3o convocando a categoria e toda [\u2026]<\/p><\/div>\n","protected":false},"author":1,"featured_media":80703,"comment_status":"closed","ping_status":"closed","sticky":false,"template":"","format":"gallery","meta":{"footnotes":""},"categories":[8,9,6,57,56,10],"tags":[],"class_list":["post-80702","post","type-post","status-publish","format-gallery","has-post-thumbnail","hentry","category-bahia","category-brasil","category-feira-de-santana","category-mundo","category-policia","category-politica","post_format-post-format-gallery"],"featured_image_urls":{"full":["https:\/\/noticiasbahia360.com.br\/wp-content\/uploads\/2025\/04\/blitz-pm-detran-micareta-de-feira-foto-2023-foto-joas.jpg",717,458,false],"thumbnail":["https:\/\/noticiasbahia360.com.br\/wp-content\/uploads\/2025\/04\/blitz-pm-detran-micareta-de-feira-foto-2023-foto-joas-150x150.jpg",150,150,true],"medium":["https:\/\/noticiasbahia360.com.br\/wp-content\/uploads\/2025\/04\/blitz-pm-detran-micareta-de-feira-foto-2023-foto-joas-300x192.jpg",300,192,true],"medium_large":["https:\/\/noticiasbahia360.com.br\/wp-content\/uploads\/2025\/04\/blitz-pm-detran-micareta-de-feira-foto-2023-foto-joas.jpg",640,409,false],"large":["https:\/\/noticiasbahia360.com.br\/wp-content\/uploads\/2025\/04\/blitz-pm-detran-micareta-de-feira-foto-2023-foto-joas.jpg",640,409,false],"1536x1536":["https:\/\/noticiasbahia360.com.br\/wp-content\/uploads\/2025\/04\/blitz-pm-detran-micareta-de-feira-foto-2023-foto-joas.jpg",717,458,false],"2048x2048":["https:\/\/noticiasbahia360.com.br\/wp-content\/uploads\/2025\/04\/blitz-pm-detran-micareta-de-feira-foto-2023-foto-joas.jpg",717,458,false],"chromenews-featured":["https:\/\/noticiasbahia360.com.br\/wp-content\/uploads\/2025\/04\/blitz-pm-detran-micareta-de-feira-foto-2023-foto-joas.jpg",717,458,false],"chromenews-large":["https:\/\/noticiasbahia360.com.br\/wp-content\/uploads\/2025\/04\/blitz-pm-detran-micareta-de-feira-foto-2023-foto-joas.jpg",717,458,false],"chromenews-medium":["https:\/\/noticiasbahia360.com.br\/wp-content\/uploads\/2025\/04\/blitz-pm-detran-micareta-de-feira-foto-2023-foto-joas-590x410.jpg",590,410,true]},"author_info":{"display_name":"noticiasbahia360.com.br","author_link":"https:\/\/noticiasbahia360.com.br\/?author=1"},"category_info":"<a href=\"https:\/\/noticiasbahia360.com.br\/?cat=8\" rel=\"category\">Bahia<\/a> <a href=\"https:\/\/noticiasbahia360.com.br\/?cat=9\" rel=\"category\">Brasil<\/a> <a href=\"https:\/\/noticiasbahia360.com.br\/?cat=6\" rel=\"category\">Feira de Santana<\/a> <a href=\"https:\/\/noticiasbahia360.com.br\/?cat=57\" rel=\"category\">Mundo<\/a> <a href=\"https:\/\/noticiasbahia360.com.br\/?cat=56\" rel=\"category\">Pol\u00edcia<\/a> <a href=\"https:\/\/noticiasbahia360.com.br\/?cat=10\" rel=\"category\">Pol\u00edtica<\/a>","tag_info":"Pol\u00edtica","comment_count":"0","_links":{"self":[{"href":"https:\/\/noticiasbahia360.com.br\/index.php?rest_route=\/wp\/v2\/posts\/80702","targetHints":{"allow":["GET"]}}],"collection":[{"href":"https:\/\/noticiasbahia360.com.br\/index.php?rest_route=\/wp\/v2\/posts"}],"about":[{"href":"https:\/\/noticiasbahia360.com.br\/index.php?rest_route=\/wp\/v2\/types\/post"}],"author":[{"embeddable":true,"href":"https:\/\/noticiasbahia360.com.br\/index.php?rest_route=\/wp\/v2\/users\/1"}],"replies":[{"embeddable":true,"href":"https:\/\/noticiasbahia360.com.br\/index.php?rest_route=%2Fwp%2Fv2%2Fcomments&post=80702"}],"version-history":[{"count":0,"href":"https:\/\/noticiasbahia360.com.br\/index.php?rest_route=\/wp\/v2\/posts\/80702\/revisions"}],"wp:featuredmedia":[{"embeddable":true,"href":"https:\/\/noticiasbahia360.com.br\/index.php?rest_route=\/wp\/v2\/media\/80703"}],"wp:attachment":[{"href":"https:\/\/noticiasbahia360.com.br\/index.php?rest_route=%2Fwp%2Fv2%2Fmedia&parent=80702"}],"wp:term":[{"taxonomy":"category","embeddable":true,"href":"https:\/\/noticiasbahia360.com.br\/index.php?rest_route=%2Fwp%2Fv2%2Fcategories&post=80702"},{"taxonomy":"post_tag","embeddable":true,"href":"https:\/\/noticiasbahia360.com.br\/index.php?rest_route=%2Fwp%2Fv2%2Ftags&post=80702"}],"curies":[{"name":"wp","href":"https:\/\/api.w.org\/{rel}","templated":true}]}}