{"id":80704,"date":"2025-04-01T16:11:04","date_gmt":"2025-04-01T19:11:04","guid":{"rendered":"https:\/\/noticiasbahia360.com.br\/?p=80704"},"modified":"2025-04-01T16:11:04","modified_gmt":"2025-04-01T19:11:04","slug":"eliana-boaventura-e-a-nova-presidente-do-psb-em-feira-de-santana","status":"publish","type":"post","link":"https:\/\/noticiasbahia360.com.br\/?p=80704","title":{"rendered":"Eliana Boaventura \u00e9 a nova presidente do PSB em Feira de Santana\u00a0"},"content":{"rendered":"<div>\n<div>\n<figure><img decoding=\"async\" src=\"http:\/\/noticiasbahia360.com.br\/wp-content\/uploads\/2025\/04\/Eliana-Boaventura-PSB-Feira.jpg\" alt=\"Eliana Boaventura\"><figcaption>Foto: Divulga\u00e7\u00e3o <\/figcaption><\/figure>\n<\/div>\n<p>Um nome que chega para fortalecer ainda mais o time. Assim o secret\u00e1rio de Desenvolvimento Econ\u00f4mico da Bahia definiu a elei\u00e7\u00e3o da ex-deputada estadual Eliana Boaventura para a presid\u00eancia do Partido Socialista Brasileiro (PSB) em Feira de Santana. Em conven\u00e7\u00e3o municipal realizada nesta segunda-feira (31), a importante lideran\u00e7a pol\u00edtica feminina da Bahia tomou posse como a nova presidente da sigla. \u201cEstou muito honrada e feliz com esse desafio e essa nova caminhada na pol\u00edtica. Estar ao lado da companheira L\u00eddice da Mata, uma mulher que tem lutado por uma Bahia cada vez melhor, me alegra e me orgulha. Tenho certeza de que ao lado de nomes como \u00c2ngelo Almeida e Roberto Tourinho continuaremos fazendo um valoroso trabalho\u201d, destacou Eliana durante a cerim\u00f4nia.\u00a0<\/p>\n<p>Diversos companheiros de partido participaram do ato. Roberto Tourinho, que presidiu a sigla nos \u00faltimos dois anos, reiterou a compet\u00eancia de Boaventura. \u201cFalar de Eliana dispensa coment\u00e1rios. Fomos vereador juntos. Ela dignifica a vida p\u00fablica e engrandece o partido. Nos d\u00e1 a certeza de que quando somos pol\u00edticos e estamos ao lado de pessoas corretas estamos no caminho certo. Eliana foi uma grande deputada estadual, que brigava por Feira de Santana, defendia os interesses da cidade e tenho certeza que \u00e9 uma excelente escolha para dar continuidade ao trabalho desenvolvido pelo partido socialista brasileiro\u201d, pontuou Tourinho.\u00a0<\/p>\n<p>Durante a conven\u00e7\u00e3o, Angelo agradeceu o trabalho e companheirismo de Beto Tourinho \u00e0 frente da sigla e externou a alegria com a posse de Eliana. \u201cQuero agradecer a Beto por tudo que ele fez at\u00e9 aqui. Sua experi\u00eancia, sua hist\u00f3ria e sua capacidade de trabalho s\u00f3 fortaleceu a nossa sigla. Aprendemos muito com ele. N\u00f3s j\u00e1 temos no comando estadual uma mulher aguerrida, com uma trajet\u00f3ria brilhante que \u00e9 a nossa companheira L\u00eddice da Mata. E agora, tamb\u00e9m teremos no comando municipal uma mulher competente, de fibra, cuja hist\u00f3ria tamb\u00e9m orgulha Feira de Santana. T\u00ea-la conosco \u00e9 motivo de orgulho\u201d, frisou Almeida.\u00a0<\/p>\n<figure class=\"wp-block-image size-large\"><img fetchpriority=\"high\" fetchpriority=\"high\" decoding=\"async\" width=\"1024\" height=\"576\" src=\"http:\/\/noticiasbahia360.com.br\/wp-content\/uploads\/2025\/04\/44kN0Vzu-Eliana-Boaventura.-PSB-Feira-2-1024x576-1.webp\" alt=\"Eliana Boaventura\" class=\"wp-image-517698\" srcset=\"https:\/\/uploads.acordacidade.com.br\/2025\/04\/44kN0Vzu-Eliana-Boaventura.-PSB-Feira-2-300x169.webp 300w, http:\/\/noticiasbahia360.com.br\/wp-content\/uploads\/2025\/04\/44kN0Vzu-Eliana-Boaventura.-PSB-Feira-2-1024x576-1.webp 1024w, https:\/\/uploads.acordacidade.com.br\/2025\/04\/44kN0Vzu-Eliana-Boaventura.-PSB-Feira-2-768x432.webp 768w, https:\/\/uploads.acordacidade.com.br\/2025\/04\/44kN0Vzu-Eliana-Boaventura.-PSB-Feira-2-1536x864.webp 1536w, https:\/\/uploads.acordacidade.com.br\/2025\/04\/44kN0Vzu-Eliana-Boaventura.-PSB-Feira-2-150x84.webp 150w, https:\/\/uploads.acordacidade.com.br\/2025\/04\/44kN0Vzu-Eliana-Boaventura.-PSB-Feira-2.webp 1920w\" sizes=\"(max-width: 1024px) 100vw, 1024px\"><figcaption class=\"wp-element-caption\">Foto: Divulga\u00e7\u00e3o <\/figcaption><\/figure>\n<p>J\u00e1 empossada, Eliana refor\u00e7ou o compromisso em fazer o partido crescer e se consolidar ainda mais na cidade. \u201cEu quero agradecer a Deus por mais uma oportunidade de exercer a pol\u00edtica dessa maneira. Substituir Roberto \u00e9 uma grande honra. Eu quero a opini\u00e3o de todos que comp\u00f5em o partido, eu quero companheirismo, para estarmos unidos e lutando para fazer o melhor pelo partido e pela cidade\u201d, finalizou Eliana.<\/p>\n<p><em>Siga o Acorda Cidade no<\/em><a href=\"https:\/\/news.google.com\/search?q=acorda%20cidade&amp;hl=pt-BR&amp;gl=BR&amp;ceid=BR%3Apt-419\"><strong><em>\u00a0Google Not\u00edcias<\/em><\/strong><\/a><em>\u00a0e receba os principais destaques do dia. Participe tamb\u00e9m dos nossos canais no\u00a0<\/em><a href=\"https:\/\/whatsapp.com\/channel\/0029Va6Rb4v3WHTNnsh8WI3N\"><strong><em>WhatsApp<\/em><\/strong><\/a><em>\u00a0e\u00a0<\/em><a href=\"https:\/\/www.youtube.com\/@acordacidadenoticias\/videos\"><strong>YouTube<\/strong><\/a><em>\u00a0e do grupo no\u00a0<\/em><a href=\"https:\/\/t.me\/+sSz0khrgARA0ZmRh\"><strong><em>Telegram<\/em><\/strong><\/a><em>.<\/em><\/p>\n<\/div>\n","protected":false},"excerpt":{"rendered":"<div>\n<div>\n<figure><img decoding=\"async\" src=\"https:\/\/uploads.acordacidade.com.br\/2025\/04\/Eliana-Boaventura-PSB-Feira.jpg\" alt=\"Eliana Boaventura\"><figcaption>Foto: Divulga\u00e7\u00e3o <\/figcaption><\/figure>\n<\/div>\n<p>\u201cEstou muito honrada e feliz com esse desafio. Estar ao lado L\u00eddice da Mata me alegra e me orgulha&#8221;, disse Eliana Boaventura.<\/p><\/div>\n","protected":false},"author":1,"featured_media":80705,"comment_status":"closed","ping_status":"closed","sticky":false,"template":"","format":"gallery","meta":{"footnotes":""},"categories":[8,9,6,57,56,10],"tags":[],"class_list":["post-80704","post","type-post","status-publish","format-gallery","has-post-thumbnail","hentry","category-bahia","category-brasil","category-feira-de-santana","category-mundo","category-policia","category-politica","post_format-post-format-gallery"],"featured_image_urls":{"full":["https:\/\/noticiasbahia360.com.br\/wp-content\/uploads\/2025\/04\/Eliana-Boaventura-PSB-Feira.jpg",1920,1080,false],"thumbnail":["https:\/\/noticiasbahia360.com.br\/wp-content\/uploads\/2025\/04\/Eliana-Boaventura-PSB-Feira-150x150.jpg",150,150,true],"medium":["https:\/\/noticiasbahia360.com.br\/wp-content\/uploads\/2025\/04\/Eliana-Boaventura-PSB-Feira-300x169.jpg",300,169,true],"medium_large":["https:\/\/noticiasbahia360.com.br\/wp-content\/uploads\/2025\/04\/Eliana-Boaventura-PSB-Feira-768x432.jpg",640,360,true],"large":["https:\/\/noticiasbahia360.com.br\/wp-content\/uploads\/2025\/04\/Eliana-Boaventura-PSB-Feira-1024x576.jpg",640,360,true],"1536x1536":["https:\/\/noticiasbahia360.com.br\/wp-content\/uploads\/2025\/04\/Eliana-Boaventura-PSB-Feira-1536x864.jpg",1536,864,true],"2048x2048":["https:\/\/noticiasbahia360.com.br\/wp-content\/uploads\/2025\/04\/Eliana-Boaventura-PSB-Feira.jpg",1920,1080,false],"chromenews-featured":["https:\/\/noticiasbahia360.com.br\/wp-content\/uploads\/2025\/04\/Eliana-Boaventura-PSB-Feira-1024x576.jpg",1024,576,true],"chromenews-large":["https:\/\/noticiasbahia360.com.br\/wp-content\/uploads\/2025\/04\/Eliana-Boaventura-PSB-Feira-825x575.jpg",825,575,true],"chromenews-medium":["https:\/\/noticiasbahia360.com.br\/wp-content\/uploads\/2025\/04\/Eliana-Boaventura-PSB-Feira-590x410.jpg",590,410,true]},"author_info":{"display_name":"noticiasbahia360.com.br","author_link":"https:\/\/noticiasbahia360.com.br\/?author=1"},"category_info":"<a href=\"https:\/\/noticiasbahia360.com.br\/?cat=8\" rel=\"category\">Bahia<\/a> <a href=\"https:\/\/noticiasbahia360.com.br\/?cat=9\" rel=\"category\">Brasil<\/a> <a href=\"https:\/\/noticiasbahia360.com.br\/?cat=6\" rel=\"category\">Feira de Santana<\/a> <a href=\"https:\/\/noticiasbahia360.com.br\/?cat=57\" rel=\"category\">Mundo<\/a> <a href=\"https:\/\/noticiasbahia360.com.br\/?cat=56\" rel=\"category\">Pol\u00edcia<\/a> <a href=\"https:\/\/noticiasbahia360.com.br\/?cat=10\" rel=\"category\">Pol\u00edtica<\/a>","tag_info":"Pol\u00edtica","comment_count":"0","_links":{"self":[{"href":"https:\/\/noticiasbahia360.com.br\/index.php?rest_route=\/wp\/v2\/posts\/80704","targetHints":{"allow":["GET"]}}],"collection":[{"href":"https:\/\/noticiasbahia360.com.br\/index.php?rest_route=\/wp\/v2\/posts"}],"about":[{"href":"https:\/\/noticiasbahia360.com.br\/index.php?rest_route=\/wp\/v2\/types\/post"}],"author":[{"embeddable":true,"href":"https:\/\/noticiasbahia360.com.br\/index.php?rest_route=\/wp\/v2\/users\/1"}],"replies":[{"embeddable":true,"href":"https:\/\/noticiasbahia360.com.br\/index.php?rest_route=%2Fwp%2Fv2%2Fcomments&post=80704"}],"version-history":[{"count":0,"href":"https:\/\/noticiasbahia360.com.br\/index.php?rest_route=\/wp\/v2\/posts\/80704\/revisions"}],"wp:featuredmedia":[{"embeddable":true,"href":"https:\/\/noticiasbahia360.com.br\/index.php?rest_route=\/wp\/v2\/media\/80705"}],"wp:attachment":[{"href":"https:\/\/noticiasbahia360.com.br\/index.php?rest_route=%2Fwp%2Fv2%2Fmedia&parent=80704"}],"wp:term":[{"taxonomy":"category","embeddable":true,"href":"https:\/\/noticiasbahia360.com.br\/index.php?rest_route=%2Fwp%2Fv2%2Fcategories&post=80704"},{"taxonomy":"post_tag","embeddable":true,"href":"https:\/\/noticiasbahia360.com.br\/index.php?rest_route=%2Fwp%2Fv2%2Ftags&post=80704"}],"curies":[{"name":"wp","href":"https:\/\/api.w.org\/{rel}","templated":true}]}}