{"id":80707,"date":"2025-04-01T16:16:30","date_gmt":"2025-04-01T19:16:30","guid":{"rendered":"https:\/\/noticiasbahia360.com.br\/?p=80707"},"modified":"2025-04-01T16:16:30","modified_gmt":"2025-04-01T19:16:30","slug":"igor-rodrigues-representa-a-bahia-na-sp-arte-com-primeira-mostra-individual","status":"publish","type":"post","link":"https:\/\/noticiasbahia360.com.br\/?p=80707","title":{"rendered":"Igor Rodrigues representa a Bahia na SP-Arte com primeira mostra individual"},"content":{"rendered":"<div>\n<div>\n<figure><img decoding=\"async\" src=\"http:\/\/noticiasbahia360.com.br\/wp-content\/uploads\/2025\/04\/1QQ3atZY-Igor-Rodrigues-Foto-Renan-Benedito.webp\" alt=\"IGOR RODRIGUES\"><figcaption>Foto: Arquivo Pessoal <\/figcaption><\/figure>\n<\/div>\n<p>Apontado como um dos destaques da SP-Arte \u2013 Rotas Brasileiras em 2022 e da ArtRio em 2023,\u00a0<strong>o baiano Igor Rodrigues leva para a pr\u00f3xima edi\u00e7\u00e3o da SP-Arte, a mostra \u201cRastro\u201d.<\/strong>\u00a0\u00c9 a primeira vez que o artista, natural de Feira de Santana, participa com um projeto solo na maior feira de arte da Am\u00e9rica Latina,\u00a0<strong>de 2 a 6 de abril<\/strong>, no Pavilh\u00e3o da\u00a0Bienal,\u00a0em\u00a0S\u00e3o Paulo.<\/p>\n<p>Na mostra, Igor Rodrigues, representado pela\u00a0<strong>Acervo Galeria de Arte<\/strong>, em Salvador, volta a perceber na natureza uma for\u00e7a que inspira diversas reflex\u00f5es, desta vez de forma a evidenciar, de maneira ainda mais n\u00edtida, a rela\u00e7\u00e3o do corpo negro com o et\u00e9reo e a transi\u00e7\u00e3o entre as dimens\u00f5es do tempo.<\/p>\n<figure class=\"wp-block-image size-large\"><img fetchpriority=\"high\" fetchpriority=\"high\" decoding=\"async\" width=\"1024\" height=\"762\" src=\"http:\/\/noticiasbahia360.com.br\/wp-content\/uploads\/2025\/04\/nD8r3MDF-IGOR-RODRIGUES-REVOADA-1024x762-1.webp\" alt=\"IGOR RODRIGUES\" class=\"wp-image-517695\" srcset=\"https:\/\/uploads.acordacidade.com.br\/2025\/04\/nD8r3MDF-IGOR-RODRIGUES-REVOADA-300x223.webp 300w, http:\/\/noticiasbahia360.com.br\/wp-content\/uploads\/2025\/04\/nD8r3MDF-IGOR-RODRIGUES-REVOADA-1024x762-1.webp 1024w, https:\/\/uploads.acordacidade.com.br\/2025\/04\/nD8r3MDF-IGOR-RODRIGUES-REVOADA-768x572.webp 768w, https:\/\/uploads.acordacidade.com.br\/2025\/04\/nD8r3MDF-IGOR-RODRIGUES-REVOADA-150x112.webp 150w, https:\/\/uploads.acordacidade.com.br\/2025\/04\/nD8r3MDF-IGOR-RODRIGUES-REVOADA.webp 1200w\" sizes=\"(max-width: 1024px) 100vw, 1024px\"><figcaption class=\"wp-element-caption\">Foto: Arquivo Pessoal <\/figcaption><\/figure>\n<p>\u201cEscolhi a palavra \u2018rastro\u2019 porque estava pensando muito sobre o meu passado, onde estou agora e aonde quero chegar. Comecei a refletir nesse processo de metamorfose, de transforma\u00e7\u00e3o e a palavra surgiu, porque \u2018rastro\u2019 \u00e9 algo que indica movimento, um caminho, tanto o caminho por onde voc\u00ea j\u00e1 passou, quanto o lugar onde est\u00e1 e a dire\u00e7\u00e3o para a qual est\u00e1 indo\u201d, reflete o artista, que, em novembro do ano passado, na pr\u00f3pria Acervo Galeria de Arte, apresentou uma s\u00e9rie de trabalhos que tinham a \u00e1gua do mar, a sensa\u00e7\u00e3o de bem-estar, e a liberdade\/familiaridade como pilares centrais.<\/p>\n<figure class=\"wp-block-image size-large\"><img decoding=\"async\" width=\"1024\" height=\"751\" src=\"http:\/\/noticiasbahia360.com.br\/wp-content\/uploads\/2025\/04\/ixbkPtt5-IGOR-RODRIGUES-ASAS-DA-MEMORIA-1024x751-1.webp\" alt=\"IGOR RODRIGUES\" class=\"wp-image-517694\" srcset=\"https:\/\/uploads.acordacidade.com.br\/2025\/04\/ixbkPtt5-IGOR-RODRIGUES-ASAS-DA-MEMORIA-300x220.webp 300w, http:\/\/noticiasbahia360.com.br\/wp-content\/uploads\/2025\/04\/ixbkPtt5-IGOR-RODRIGUES-ASAS-DA-MEMORIA-1024x751-1.webp 1024w, https:\/\/uploads.acordacidade.com.br\/2025\/04\/ixbkPtt5-IGOR-RODRIGUES-ASAS-DA-MEMORIA-768x563.webp 768w, https:\/\/uploads.acordacidade.com.br\/2025\/04\/ixbkPtt5-IGOR-RODRIGUES-ASAS-DA-MEMORIA-150x110.webp 150w, https:\/\/uploads.acordacidade.com.br\/2025\/04\/ixbkPtt5-IGOR-RODRIGUES-ASAS-DA-MEMORIA.webp 1200w\" sizes=\"(max-width: 1024px) 100vw, 1024px\"><figcaption class=\"wp-element-caption\">Foto: Arquivo Pessoal <\/figcaption><\/figure>\n<p>Para o artista, a ideia do\u00a0<strong>\u201crastro\u201d remete ao Sankofa, ideograma africano que representa a import\u00e2ncia de aprender com o passado para construir um futuro mais consciente.<\/strong>\u00a0\u201cA minha ideia com esse projeto \u00e9 falar sobre a transforma\u00e7\u00e3o e sobre como n\u00e3o \u00e9 poss\u00edvel apagar completamente aquilo que fomos, pois isso faz parte da nossa constru\u00e7\u00e3o enquanto sujeitos\u201d, explica.<\/p>\n<p>Na exposi\u00e7\u00e3o,\u00a0<strong>Igor Rodrigues apresenta ainda a s\u00e9rie \u201cBrasa\u201d, que destaca a presen\u00e7a do fogo como express\u00e3o da transforma\u00e7\u00e3o (combust\u00e3o) e da finitude (carboniza\u00e7\u00e3o), manifestadas na vitalidade rubra dos impulsos e movimentos<\/strong>. \u201cVermelho me remete \u00e0 vida. Me remete ao sangue, \u00e0 vitalidade. Tudo aquilo que \u00e9 visceral\u201d, conta o artista sobre o vermelho presente nas obras, que se torna o motor dos movimentos presentes na exist\u00eancia de tudo.<\/p>\n<figure class=\"wp-block-image size-large\"><img decoding=\"async\" width=\"1024\" height=\"780\" src=\"http:\/\/noticiasbahia360.com.br\/wp-content\/uploads\/2025\/04\/irmrT9rV-IGOR-RODRIGUES-SUTURA-1024x780-1.webp\" alt=\"IGOR RODRIGUES\" class=\"wp-image-517693\" srcset=\"https:\/\/uploads.acordacidade.com.br\/2025\/04\/irmrT9rV-IGOR-RODRIGUES-SUTURA-300x229.webp 300w, http:\/\/noticiasbahia360.com.br\/wp-content\/uploads\/2025\/04\/irmrT9rV-IGOR-RODRIGUES-SUTURA-1024x780-1.webp 1024w, https:\/\/uploads.acordacidade.com.br\/2025\/04\/irmrT9rV-IGOR-RODRIGUES-SUTURA-768x585.webp 768w, https:\/\/uploads.acordacidade.com.br\/2025\/04\/irmrT9rV-IGOR-RODRIGUES-SUTURA-150x114.webp 150w, https:\/\/uploads.acordacidade.com.br\/2025\/04\/irmrT9rV-IGOR-RODRIGUES-SUTURA.webp 1200w\" sizes=\"(max-width: 1024px) 100vw, 1024px\"><figcaption class=\"wp-element-caption\">Foto: Arquivo Pessoal <\/figcaption><\/figure>\n<p>Do ponto de vista t\u00e9cnico, o artista utiliza, pela primeira vez e com destreza, o carv\u00e3o branco, dando \u00e0s suas obras uma dimens\u00e3o, ao mesmo tempo, on\u00edrica e realista. \u201cMesmo possuindo um controle t\u00e9cnico preciso, a produ\u00e7\u00e3o de Rodrigues carrega uma heran\u00e7a que n\u00e3o se pode negar: o artesanato praticado por sua av\u00f3. Se pensarmos, por exemplo, no artesanato medieval, ele \u00e9 o resultado de um legado, um aprendizado do passado transmitido de gera\u00e7\u00e3o em gera\u00e7\u00e3o\u201d, conceitua Jo\u00e3o Victor Guimar\u00e3es, cr\u00edtico de Arte, curador e pesquisador.<\/p>\n<figure class=\"wp-block-image size-large\"><img decoding=\"async\" width=\"1024\" height=\"712\" src=\"http:\/\/noticiasbahia360.com.br\/wp-content\/uploads\/2025\/04\/zhjLZ7Pn-IGOR-RODRIGUES-AINDA-ESTOU-AQUI-1024x712-1.webp\" alt=\"IGOR RODRIGUES\" class=\"wp-image-517692\" srcset=\"https:\/\/uploads.acordacidade.com.br\/2025\/04\/zhjLZ7Pn-IGOR-RODRIGUES-AINDA-ESTOU-AQUI-300x209.webp 300w, http:\/\/noticiasbahia360.com.br\/wp-content\/uploads\/2025\/04\/zhjLZ7Pn-IGOR-RODRIGUES-AINDA-ESTOU-AQUI-1024x712-1.webp 1024w, https:\/\/uploads.acordacidade.com.br\/2025\/04\/zhjLZ7Pn-IGOR-RODRIGUES-AINDA-ESTOU-AQUI-768x534.webp 768w, https:\/\/uploads.acordacidade.com.br\/2025\/04\/zhjLZ7Pn-IGOR-RODRIGUES-AINDA-ESTOU-AQUI-150x104.webp 150w, https:\/\/uploads.acordacidade.com.br\/2025\/04\/zhjLZ7Pn-IGOR-RODRIGUES-AINDA-ESTOU-AQUI.webp 1200w\" sizes=\"(max-width: 1024px) 100vw, 1024px\"><figcaption class=\"wp-element-caption\">Foto: Arquivo Pessoal <\/figcaption><\/figure>\n<p>No centro imag\u00e9tico e conceitual da produ\u00e7\u00e3o de Igor Rodrigues est\u00e1 o sujeito e a transitoriedade se revela como fator-guia na constru\u00e7\u00e3o da subjetividade de cada um.\u00a0<strong>\u201cN\u00e3o se trata de transforma\u00e7\u00e3o como um desligamento do passado, mas de um movimento poss\u00edvel somente em raz\u00e3o das condi\u00e7\u00f5es fornecidas por aquele passado\u201d<\/strong>, explica o curador, em coro ao artista que acredita que \u201ca gente se constr\u00f3i a partir de algo que j\u00e1 existe\u201d.<\/p>\n<p><strong>Servi\u00e7o:<\/strong><\/p>\n<p><strong>\u201cRastro\u201d por Igor Rodrigues<\/strong><\/p>\n<p>SP-Arte, de 2 a 6 de abril<\/p>\n<p>Stand E10, Pavilh\u00e3o da\u00a0Bienal,\u00a0S\u00e3o Paulo<\/p>\n<p><em>Siga o Acorda Cidade no<\/em><a href=\"https:\/\/news.google.com\/search?q=acorda%20cidade&amp;hl=pt-BR&amp;gl=BR&amp;ceid=BR%3Apt-419\"><strong><em>\u00a0Google Not\u00edcias<\/em><\/strong><\/a><em>\u00a0e receba os principais destaques do dia. Participe tamb\u00e9m dos nossos canais no\u00a0<\/em><a href=\"https:\/\/whatsapp.com\/channel\/0029Va6Rb4v3WHTNnsh8WI3N\"><strong><em>WhatsApp<\/em><\/strong><\/a><em>\u00a0e\u00a0<\/em><a href=\"https:\/\/www.youtube.com\/@acordacidadenoticias\/videos\"><strong>Youtube<\/strong><\/a><em>\u00a0e grupo de\u00a0<\/em><a href=\"https:\/\/t.me\/+sSz0khrgARA0ZmRh\"><strong><em>Telegram<\/em><\/strong><\/a><em>.<\/em><\/p>\n<\/div>\n","protected":false},"excerpt":{"rendered":"<div>\n<div>\n<figure><img decoding=\"async\" src=\"https:\/\/uploads.acordacidade.com.br\/2025\/04\/1QQ3atZY-Igor-Rodrigues-Foto-Renan-Benedito.webp\" alt=\"IGOR RODRIGUES\"><figcaption>Foto: Arquivo Pessoal <\/figcaption><\/figure>\n<\/div>\n<p>O baiano leva para a pr\u00f3xima edi\u00e7\u00e3o da SP-Arte, a mostra &#8220;Rastro&#8221;.<\/p><\/div>\n","protected":false},"author":1,"featured_media":80708,"comment_status":"closed","ping_status":"closed","sticky":false,"template":"","format":"gallery","meta":{"footnotes":""},"categories":[8,9,6,57,56,10],"tags":[],"class_list":["post-80707","post","type-post","status-publish","format-gallery","has-post-thumbnail","hentry","category-bahia","category-brasil","category-feira-de-santana","category-mundo","category-policia","category-politica","post_format-post-format-gallery"],"featured_image_urls":{"full":["https:\/\/noticiasbahia360.com.br\/wp-content\/uploads\/2025\/04\/1QQ3atZY-Igor-Rodrigues-Foto-Renan-Benedito.webp",1200,750,false],"thumbnail":["https:\/\/noticiasbahia360.com.br\/wp-content\/uploads\/2025\/04\/1QQ3atZY-Igor-Rodrigues-Foto-Renan-Benedito-150x150.webp",150,150,true],"medium":["https:\/\/noticiasbahia360.com.br\/wp-content\/uploads\/2025\/04\/1QQ3atZY-Igor-Rodrigues-Foto-Renan-Benedito-300x188.webp",300,188,true],"medium_large":["https:\/\/noticiasbahia360.com.br\/wp-content\/uploads\/2025\/04\/1QQ3atZY-Igor-Rodrigues-Foto-Renan-Benedito-768x480.webp",640,400,true],"large":["https:\/\/noticiasbahia360.com.br\/wp-content\/uploads\/2025\/04\/1QQ3atZY-Igor-Rodrigues-Foto-Renan-Benedito-1024x640.webp",640,400,true],"1536x1536":["https:\/\/noticiasbahia360.com.br\/wp-content\/uploads\/2025\/04\/1QQ3atZY-Igor-Rodrigues-Foto-Renan-Benedito.webp",1200,750,false],"2048x2048":["https:\/\/noticiasbahia360.com.br\/wp-content\/uploads\/2025\/04\/1QQ3atZY-Igor-Rodrigues-Foto-Renan-Benedito.webp",1200,750,false],"chromenews-featured":["https:\/\/noticiasbahia360.com.br\/wp-content\/uploads\/2025\/04\/1QQ3atZY-Igor-Rodrigues-Foto-Renan-Benedito-1024x640.webp",1024,640,true],"chromenews-large":["https:\/\/noticiasbahia360.com.br\/wp-content\/uploads\/2025\/04\/1QQ3atZY-Igor-Rodrigues-Foto-Renan-Benedito-825x575.webp",825,575,true],"chromenews-medium":["https:\/\/noticiasbahia360.com.br\/wp-content\/uploads\/2025\/04\/1QQ3atZY-Igor-Rodrigues-Foto-Renan-Benedito-590x410.webp",590,410,true]},"author_info":{"display_name":"noticiasbahia360.com.br","author_link":"https:\/\/noticiasbahia360.com.br\/?author=1"},"category_info":"<a href=\"https:\/\/noticiasbahia360.com.br\/?cat=8\" rel=\"category\">Bahia<\/a> <a href=\"https:\/\/noticiasbahia360.com.br\/?cat=9\" rel=\"category\">Brasil<\/a> <a href=\"https:\/\/noticiasbahia360.com.br\/?cat=6\" rel=\"category\">Feira de Santana<\/a> <a href=\"https:\/\/noticiasbahia360.com.br\/?cat=57\" rel=\"category\">Mundo<\/a> <a href=\"https:\/\/noticiasbahia360.com.br\/?cat=56\" rel=\"category\">Pol\u00edcia<\/a> <a href=\"https:\/\/noticiasbahia360.com.br\/?cat=10\" rel=\"category\">Pol\u00edtica<\/a>","tag_info":"Pol\u00edtica","comment_count":"0","_links":{"self":[{"href":"https:\/\/noticiasbahia360.com.br\/index.php?rest_route=\/wp\/v2\/posts\/80707","targetHints":{"allow":["GET"]}}],"collection":[{"href":"https:\/\/noticiasbahia360.com.br\/index.php?rest_route=\/wp\/v2\/posts"}],"about":[{"href":"https:\/\/noticiasbahia360.com.br\/index.php?rest_route=\/wp\/v2\/types\/post"}],"author":[{"embeddable":true,"href":"https:\/\/noticiasbahia360.com.br\/index.php?rest_route=\/wp\/v2\/users\/1"}],"replies":[{"embeddable":true,"href":"https:\/\/noticiasbahia360.com.br\/index.php?rest_route=%2Fwp%2Fv2%2Fcomments&post=80707"}],"version-history":[{"count":0,"href":"https:\/\/noticiasbahia360.com.br\/index.php?rest_route=\/wp\/v2\/posts\/80707\/revisions"}],"wp:featuredmedia":[{"embeddable":true,"href":"https:\/\/noticiasbahia360.com.br\/index.php?rest_route=\/wp\/v2\/media\/80708"}],"wp:attachment":[{"href":"https:\/\/noticiasbahia360.com.br\/index.php?rest_route=%2Fwp%2Fv2%2Fmedia&parent=80707"}],"wp:term":[{"taxonomy":"category","embeddable":true,"href":"https:\/\/noticiasbahia360.com.br\/index.php?rest_route=%2Fwp%2Fv2%2Fcategories&post=80707"},{"taxonomy":"post_tag","embeddable":true,"href":"https:\/\/noticiasbahia360.com.br\/index.php?rest_route=%2Fwp%2Fv2%2Ftags&post=80707"}],"curies":[{"name":"wp","href":"https:\/\/api.w.org\/{rel}","templated":true}]}}