{"id":80713,"date":"2025-04-01T16:33:32","date_gmt":"2025-04-01T19:33:32","guid":{"rendered":"https:\/\/noticiasbahia360.com.br\/?p=80713"},"modified":"2025-04-01T16:33:32","modified_gmt":"2025-04-01T19:33:32","slug":"cine-cuca-exibe-musicais-classicos-durante-o-mes-da-danca","status":"publish","type":"post","link":"https:\/\/noticiasbahia360.com.br\/?p=80713","title":{"rendered":"Cine Cuca exibe musicais cl\u00e1ssicos durante o m\u00eas da dan\u00e7a"},"content":{"rendered":"<div>\n<div>\n<figure><img decoding=\"async\" src=\"http:\/\/noticiasbahia360.com.br\/wp-content\/uploads\/2025\/04\/Cuca-Uefs.jpg\" alt=\"Cuca - Uefs\"><figcaption>Foto: Divulga\u00e7\u00e3o\/Cuca-Uefs <\/figcaption><\/figure>\n<\/div>\n<p>O Cine Cuca 2025 apresenta programa especial para o m\u00eas da dan\u00e7a com filmes musicais em technicolor durante o m\u00eas de abril. O projeto exibe t\u00edtulos cl\u00e1ssicos do cinema mundial no Teatro Universit\u00e1rio do Cuca\/Uefs. Em abril, as sess\u00f5es s\u00e3o sempre \u00e0s ter\u00e7as-feiras, a partir das 19h. A entrada \u00e9 gratuita.<\/p>\n<p>No dia 1\u00ba, o primeiro t\u00edtulo da temporada ser\u00e1 a com\u00e9dia dram\u00e1tica \u201c<em>French Cancan<\/em>\u201d (Fran\u00e7a\/It\u00e1lia, 1954, Dir. Jean Renoir). O filme conta a hist\u00f3ria da abertura do Moulin Rouge \u00a0e a repercuss\u00e3o que o cancan causou na sociedade parisiense, em especial \u00e0 moralidade da \u00e9poca. O filme \u00e9 dirigido pelo diretor franc\u00eas Jean Renoir (\u201cA Grande Ilus\u00e3o\u201d, \u201cA Regra do Jogo\u201d), filho do pintor impressionista Pierre-Auguste Renoir, que tamb\u00e9m teve a dan\u00e7a e a Belle \u00c9poque francesa como algumas de suas inspira\u00e7\u00f5es. Contando com n\u00fameros musicais de artistas como \u00c9dith Piaf e sequ\u00eancias de dan\u00e7a de tirar o f\u00f4lego, French Cancan \u00e9 uma ode \u00e0 arte e \u00e0 performance.<\/p>\n<p>J\u00e1 no dia 8, ser\u00e1 exibido o musical \u201cSinfonia de Paris\u201d (<em>An American in Paris<\/em>. EUA, 1951, Dir. Vincente Minnelli). A obra traz o personagem t\u00edtulo de Gene Kelly (\u201cCantando na Chuva\u201d, \u201cDuas Garotas Rom\u00e2nticas\u201d) que, tentando fazer a vida como um pintor em Paris, se apaixona por uma francesa vivida por Leslie Caron (\u201cGigi\u201d). Cheio de sequ\u00eancias de bal\u00e9 e sapateado marcantes e cores espetaculares, esse cl\u00e1ssico em technicolor varreu o Oscar de 1952 e garantiu um lugar na hist\u00f3ria do cinema musical.<\/p>\n<p>Fechando a temporada de abril, no dia 15, ser\u00e1 apresentado o musical fant\u00e1stico \u201cOs Contos de Hoffmann\u201d (<em>The Tales of Hoffmann<\/em>. Reino Unido, 1951, Dir. Michael Powell &amp; Emeric Pressburger). Os mesmos diretores de \u201cOs Sapatinhos Vermelhos\u201d trazem outro filme centrado no bal\u00e9, desta vez inspirado na \u00f3pera de mesmo nome do franc\u00eas Jacques Offenbach. Na hist\u00f3ria, cada conto segue diferentes amores do tr\u00e1gico Hoffmann, conduzidos por dan\u00e7arinos em meio de cen\u00e1rios espetaculares montados num palco. A artificialidade primorosa deste filme inspirou cineastas como Martin Scorsese, que supervisionou a recente restaura\u00e7\u00e3o da obra.<\/p>\n<div class=\"wp-block-group\">\n<div class=\"wp-block-group__inner-container is-layout-constrained wp-block-group-is-layout-constrained\">\n<h2 class=\"wp-block-heading\" id=\"h-programacao-do-cine-cuca-2025-temporada-de-abril\">Programa\u00e7\u00e3o do Cine Cuca 2025 \u2013 Temporada de Abril<\/h2>\n<div style=\"--tabs-padding-item-x-desktop:8px;--tabs-padding-item-x-mobile:4px;--tabs-padding-item-y-desktop:8px;--tabs-padding-item-y-mobile:4px;--tabs-margin-bottom-desktop:32px;--tabs-margin-bottom-mobile:16px;--tabs-gap-desktop:16px;--tabs-gap-mobile:8px\" class=\"wp-block-publisher-tabs\" data-active-tab=\"0\" data-custom-color=\"false\" data-custom-bg=\"false\">\n<div class=\"wp-block-publisher-tabs__nav-links-scroller\">\n<ul class=\"wp-block-publisher-tabs__nav-links\"><\/ul>\n<\/div>\n<div class=\"wp-block-publisher-tabs__nav-link\"><span class=\"wp-block-publisher-tabs__title-wrapper \"><a href=\"https:\/\/www.acordacidade.com.br\/feira-de-santana\/cine-cuca-exibe-musicais-classicos-durante-o-mes-da-danca\/#\" class=\"wp-element-button\"><span class=\"wp-block-publisher-tabs__title has-small-font-size\">Dia 1\u00ba<\/span><\/a><\/span><\/div>\n<div class=\"wp-block-publisher-tabs__tab-content-wrapper\">\n<div class=\"wp-block-publisher-tabs__tab-content\">\n<p>19h00<br \/>Filme: \u201c<em>French Cancan<\/em>\u201d (Fran\u00e7a\/It\u00e1lia, 1954. COR, 102 min, \u00e1udio original, legendado, digital)<br \/>Dire\u00e7\u00e3o: Jean Renoir<br \/>Classifica\u00e7\u00e3o indicativa: 12 anos<\/p>\n<\/div>\n<\/div>\n<div class=\"wp-block-publisher-tabs__nav-link\"><span class=\"wp-block-publisher-tabs__title-wrapper \"><a href=\"https:\/\/www.acordacidade.com.br\/feira-de-santana\/cine-cuca-exibe-musicais-classicos-durante-o-mes-da-danca\/#\" class=\"wp-element-button\"><span class=\"wp-block-publisher-tabs__title has-small-font-size\">Dia 08<\/span><\/a><\/span><\/div>\n<div class=\"wp-block-publisher-tabs__tab-content-wrapper\">\n<div class=\"wp-block-publisher-tabs__tab-content\">\n<p>19h00<br \/>Filme: \u201cSinfonia de Paris\u201d (<em>An American in Paris<\/em>. EUA, 1951. COR, 113 min, \u00e1udio original, legendado, digital)<br \/>Dire\u00e7\u00e3o: Vincente Minnelli<br \/>Classifica\u00e7\u00e3o indicativa: livre<\/p>\n<\/div>\n<\/div>\n<div class=\"wp-block-publisher-tabs__nav-link\"><span class=\"wp-block-publisher-tabs__title-wrapper \"><a href=\"https:\/\/www.acordacidade.com.br\/feira-de-santana\/cine-cuca-exibe-musicais-classicos-durante-o-mes-da-danca\/#\" class=\"wp-element-button\"><span class=\"wp-block-publisher-tabs__title has-small-font-size\">Dia 15<\/span><\/a><\/span><\/div>\n<div class=\"wp-block-publisher-tabs__tab-content-wrapper\">\n<div class=\"wp-block-publisher-tabs__tab-content\">\n<p>19h00<br \/>Filme: \u201cOs Contos de Hoffmann\u201d (<em>The Tales of Hoffmann<\/em>. Reino Unido, 1951. COR, 127 min, \u00e1udio original, legendado, digital)<br \/>Dire\u00e7\u00e3o: Michael Powell &amp; Emeric Pressburger<br \/>Classifica\u00e7\u00e3o indicativa: 12 anos<\/p>\n<\/div>\n<\/div>\n<\/div>\n<\/div>\n<\/div>\n<p>Mais informa\u00e7\u00f5es <a href=\"https:\/\/www.instagram.com\/cuca_uefs\/\">aqui<\/a>.<\/p>\n<p><em>Siga o Acorda Cidade no<\/em><a href=\"https:\/\/news.google.com\/search?q=acorda%20cidade&amp;hl=pt-BR&amp;gl=BR&amp;ceid=BR%3Apt-419\"><strong><em>\u00a0Google Not\u00edcias<\/em><\/strong><\/a><em>\u00a0e receba os principais destaques do dia. Participe tamb\u00e9m dos nossos canais no\u00a0<\/em><a href=\"https:\/\/whatsapp.com\/channel\/0029Va6Rb4v3WHTNnsh8WI3N\"><strong><em>WhatsApp<\/em><\/strong><\/a><em>\u00a0e\u00a0<\/em><a href=\"https:\/\/www.youtube.com\/@acordacidadenoticias\/videos\"><strong>YouTube<\/strong><\/a><em>\u00a0e do grupo no\u00a0<\/em><a href=\"https:\/\/t.me\/+sSz0khrgARA0ZmRh\"><strong><em>Telegram<\/em><\/strong><\/a><em>.<\/em><\/p>\n<\/div>\n","protected":false},"excerpt":{"rendered":"<div>\n<div>\n<figure><img decoding=\"async\" src=\"https:\/\/uploads.acordacidade.com.br\/2025\/03\/Cuca-Uefs.jpg\" alt=\"Cuca - Uefs\"><figcaption>Foto: Divulga\u00e7\u00e3o\/Cuca-Uefs <\/figcaption><\/figure>\n<\/div>\n<p>O projeto Cine Cuca exibe t\u00edtulos cl\u00e1ssicos do cinema mundial no Teatro da Universidade Estadual de Feira de Santana (Uefs).<\/p><\/div>\n","protected":false},"author":1,"featured_media":80714,"comment_status":"closed","ping_status":"closed","sticky":false,"template":"","format":"gallery","meta":{"footnotes":""},"categories":[8,9,6,57,56,10],"tags":[],"class_list":["post-80713","post","type-post","status-publish","format-gallery","has-post-thumbnail","hentry","category-bahia","category-brasil","category-feira-de-santana","category-mundo","category-policia","category-politica","post_format-post-format-gallery"],"featured_image_urls":{"full":["https:\/\/noticiasbahia360.com.br\/wp-content\/uploads\/2025\/04\/Cuca-Uefs.jpg",1920,1080,false],"thumbnail":["https:\/\/noticiasbahia360.com.br\/wp-content\/uploads\/2025\/04\/Cuca-Uefs-150x150.jpg",150,150,true],"medium":["https:\/\/noticiasbahia360.com.br\/wp-content\/uploads\/2025\/04\/Cuca-Uefs-300x169.jpg",300,169,true],"medium_large":["https:\/\/noticiasbahia360.com.br\/wp-content\/uploads\/2025\/04\/Cuca-Uefs-768x432.jpg",640,360,true],"large":["https:\/\/noticiasbahia360.com.br\/wp-content\/uploads\/2025\/04\/Cuca-Uefs-1024x576.jpg",640,360,true],"1536x1536":["https:\/\/noticiasbahia360.com.br\/wp-content\/uploads\/2025\/04\/Cuca-Uefs-1536x864.jpg",1536,864,true],"2048x2048":["https:\/\/noticiasbahia360.com.br\/wp-content\/uploads\/2025\/04\/Cuca-Uefs.jpg",1920,1080,false],"chromenews-featured":["https:\/\/noticiasbahia360.com.br\/wp-content\/uploads\/2025\/04\/Cuca-Uefs-1024x576.jpg",1024,576,true],"chromenews-large":["https:\/\/noticiasbahia360.com.br\/wp-content\/uploads\/2025\/04\/Cuca-Uefs-825x575.jpg",825,575,true],"chromenews-medium":["https:\/\/noticiasbahia360.com.br\/wp-content\/uploads\/2025\/04\/Cuca-Uefs-590x410.jpg",590,410,true]},"author_info":{"display_name":"noticiasbahia360.com.br","author_link":"https:\/\/noticiasbahia360.com.br\/?author=1"},"category_info":"<a href=\"https:\/\/noticiasbahia360.com.br\/?cat=8\" rel=\"category\">Bahia<\/a> <a href=\"https:\/\/noticiasbahia360.com.br\/?cat=9\" rel=\"category\">Brasil<\/a> <a href=\"https:\/\/noticiasbahia360.com.br\/?cat=6\" rel=\"category\">Feira de Santana<\/a> <a href=\"https:\/\/noticiasbahia360.com.br\/?cat=57\" rel=\"category\">Mundo<\/a> <a href=\"https:\/\/noticiasbahia360.com.br\/?cat=56\" rel=\"category\">Pol\u00edcia<\/a> <a href=\"https:\/\/noticiasbahia360.com.br\/?cat=10\" rel=\"category\">Pol\u00edtica<\/a>","tag_info":"Pol\u00edtica","comment_count":"0","_links":{"self":[{"href":"https:\/\/noticiasbahia360.com.br\/index.php?rest_route=\/wp\/v2\/posts\/80713","targetHints":{"allow":["GET"]}}],"collection":[{"href":"https:\/\/noticiasbahia360.com.br\/index.php?rest_route=\/wp\/v2\/posts"}],"about":[{"href":"https:\/\/noticiasbahia360.com.br\/index.php?rest_route=\/wp\/v2\/types\/post"}],"author":[{"embeddable":true,"href":"https:\/\/noticiasbahia360.com.br\/index.php?rest_route=\/wp\/v2\/users\/1"}],"replies":[{"embeddable":true,"href":"https:\/\/noticiasbahia360.com.br\/index.php?rest_route=%2Fwp%2Fv2%2Fcomments&post=80713"}],"version-history":[{"count":0,"href":"https:\/\/noticiasbahia360.com.br\/index.php?rest_route=\/wp\/v2\/posts\/80713\/revisions"}],"wp:featuredmedia":[{"embeddable":true,"href":"https:\/\/noticiasbahia360.com.br\/index.php?rest_route=\/wp\/v2\/media\/80714"}],"wp:attachment":[{"href":"https:\/\/noticiasbahia360.com.br\/index.php?rest_route=%2Fwp%2Fv2%2Fmedia&parent=80713"}],"wp:term":[{"taxonomy":"category","embeddable":true,"href":"https:\/\/noticiasbahia360.com.br\/index.php?rest_route=%2Fwp%2Fv2%2Fcategories&post=80713"},{"taxonomy":"post_tag","embeddable":true,"href":"https:\/\/noticiasbahia360.com.br\/index.php?rest_route=%2Fwp%2Fv2%2Ftags&post=80713"}],"curies":[{"name":"wp","href":"https:\/\/api.w.org\/{rel}","templated":true}]}}