{"id":80718,"date":"2025-04-01T16:42:07","date_gmt":"2025-04-01T19:42:07","guid":{"rendered":"https:\/\/noticiasbahia360.com.br\/?p=80718"},"modified":"2025-04-01T16:42:07","modified_gmt":"2025-04-01T19:42:07","slug":"carreta-que-caiu-de-ponte-segue-submersa-no-rio-jiquirica","status":"publish","type":"post","link":"https:\/\/noticiasbahia360.com.br\/?p=80718","title":{"rendered":"Carreta que caiu de ponte segue submersa no Rio Jiquiri\u00e7\u00e1"},"content":{"rendered":"<div>\n<div>\n<figure><img decoding=\"async\" src=\"http:\/\/noticiasbahia360.com.br\/wp-content\/uploads\/2025\/04\/acidentecomcarreta_foto_pedrolessa-1.jpg\" alt=\"Acidente com Carreta\"><figcaption>Foto: Pedro Lessa<\/figcaption><\/figure>\n<\/div>\n<p>Uma carreta que despencou da Ponte do 70, sobre o Rio Jiquiri\u00e7\u00e1, na BR-116, trecho de Irajuba, permanece submersa at\u00e9 a tarde desta ter\u00e7a-feira (1\u00ba). <a href=\"https:\/\/www.acordacidade.com.br\/bahia\/acidente-carreta-cai-de-ponte-na-br-116-em-irajuba\/\">O acidente ocorreu na noite de segunda-feira (31), por volta das 20h<\/a>.<\/p>\n<figure class=\"wp-block-image size-large\"><img fetchpriority=\"high\" fetchpriority=\"high\" decoding=\"async\" width=\"1024\" height=\"473\" src=\"http:\/\/noticiasbahia360.com.br\/wp-content\/uploads\/2025\/04\/TFYdY6Y8-acidentecomcarreta_foto_pedrolessa-2-1024x473-1.webp\" alt=\"Acidente com Carreta\" class=\"wp-image-517721\" srcset=\"https:\/\/uploads.acordacidade.com.br\/2025\/04\/TFYdY6Y8-acidentecomcarreta_foto_pedrolessa-2-300x139.webp 300w, http:\/\/noticiasbahia360.com.br\/wp-content\/uploads\/2025\/04\/TFYdY6Y8-acidentecomcarreta_foto_pedrolessa-2-1024x473-1.webp 1024w, https:\/\/uploads.acordacidade.com.br\/2025\/04\/TFYdY6Y8-acidentecomcarreta_foto_pedrolessa-2-768x355.webp 768w, https:\/\/uploads.acordacidade.com.br\/2025\/04\/TFYdY6Y8-acidentecomcarreta_foto_pedrolessa-2-150x69.webp 150w, https:\/\/uploads.acordacidade.com.br\/2025\/04\/TFYdY6Y8-acidentecomcarreta_foto_pedrolessa-2.webp 1200w\" sizes=\"(max-width: 1024px) 100vw, 1024px\"><figcaption class=\"wp-element-caption\">Foto: Pedro Lessa<\/figcaption><\/figure>\n<p>Segundo informa\u00e7\u00f5es do Blog do Marcos Frahm, parceiro do Acorda Cidade, o motorista do ve\u00edculo foi resgatado pela equipe da Concession\u00e1ria ViaBahia e n\u00e3o sofreu ferimentos graves. Ele relatou que outra carreta teria fechado sua passagem, causando o acidente.<\/p>\n<p>O acidente causou lentid\u00e3o no tr\u00e2nsito, exigindo maior aten\u00e7\u00e3o dos condutores que trafegavam pela rodovia.<\/p>\n<p>A Ponte do 70 \u00e9 um dos trechos cr\u00edticos da BR-116, onde j\u00e1 foram registrados diversos acidentes, incluindo colis\u00f5es e tombamentos.<\/p>\n<p><strong>Leia tamb\u00e9m:<\/strong> <a href=\"https:\/\/www.acordacidade.com.br\/bahia\/acidente-carreta-cai-de-ponte-na-br-116-em-irajuba\/\">Acidente: carreta cai de ponte na BR-116 em Irajuba<\/a><\/p>\n<p><em>Siga o Acorda Cidade no<\/em><a href=\"https:\/\/news.google.com\/search?q=acorda%20cidade&amp;hl=pt-BR&amp;gl=BR&amp;ceid=BR%3Apt-419\"><strong><em> Google Not\u00edcias<\/em><\/strong><\/a><em> e receba os principais destaques do dia. Participe tamb\u00e9m dos nossos canais no <\/em><a href=\"https:\/\/whatsapp.com\/channel\/0029Va6Rb4v3WHTNnsh8WI3N\"><strong><em>WhatsApp<\/em><\/strong><\/a><em> e <\/em><a href=\"https:\/\/www.youtube.com\/@acordacidadenoticias\/videos\"><strong>Youtube<\/strong><\/a><em> e grupo de <\/em><a href=\"https:\/\/t.me\/+sSz0khrgARA0ZmRh\"><strong><em>Telegram<\/em><\/strong><\/a><em>.<\/em><\/p>\n<\/div>\n","protected":false},"excerpt":{"rendered":"<div>\n<div>\n<figure><img decoding=\"async\" src=\"https:\/\/uploads.acordacidade.com.br\/2025\/04\/acidentecomcarreta_foto_pedrolessa-1.jpg\" alt=\"Acidente com Carreta\"><figcaption>Foto: Pedro Lessa<\/figcaption><\/figure>\n<\/div>\n<p>Segundo o motorista, outra carreta teria fechado sua passagem, causando o acidente.<\/p><\/div>\n","protected":false},"author":1,"featured_media":80719,"comment_status":"closed","ping_status":"closed","sticky":false,"template":"","format":"gallery","meta":{"footnotes":""},"categories":[8,9,6,57,56,10],"tags":[],"class_list":["post-80718","post","type-post","status-publish","format-gallery","has-post-thumbnail","hentry","category-bahia","category-brasil","category-feira-de-santana","category-mundo","category-policia","category-politica","post_format-post-format-gallery"],"featured_image_urls":{"full":["https:\/\/noticiasbahia360.com.br\/wp-content\/uploads\/2025\/04\/acidentecomcarreta_foto_pedrolessa-1.jpg",1200,554,false],"thumbnail":["https:\/\/noticiasbahia360.com.br\/wp-content\/uploads\/2025\/04\/acidentecomcarreta_foto_pedrolessa-1-150x150.jpg",150,150,true],"medium":["https:\/\/noticiasbahia360.com.br\/wp-content\/uploads\/2025\/04\/acidentecomcarreta_foto_pedrolessa-1-300x139.jpg",300,139,true],"medium_large":["https:\/\/noticiasbahia360.com.br\/wp-content\/uploads\/2025\/04\/acidentecomcarreta_foto_pedrolessa-1-768x355.jpg",640,296,true],"large":["https:\/\/noticiasbahia360.com.br\/wp-content\/uploads\/2025\/04\/acidentecomcarreta_foto_pedrolessa-1-1024x473.jpg",640,296,true],"1536x1536":["https:\/\/noticiasbahia360.com.br\/wp-content\/uploads\/2025\/04\/acidentecomcarreta_foto_pedrolessa-1.jpg",1200,554,false],"2048x2048":["https:\/\/noticiasbahia360.com.br\/wp-content\/uploads\/2025\/04\/acidentecomcarreta_foto_pedrolessa-1.jpg",1200,554,false],"chromenews-featured":["https:\/\/noticiasbahia360.com.br\/wp-content\/uploads\/2025\/04\/acidentecomcarreta_foto_pedrolessa-1-1024x473.jpg",1024,473,true],"chromenews-large":["https:\/\/noticiasbahia360.com.br\/wp-content\/uploads\/2025\/04\/acidentecomcarreta_foto_pedrolessa-1-825x554.jpg",825,554,true],"chromenews-medium":["https:\/\/noticiasbahia360.com.br\/wp-content\/uploads\/2025\/04\/acidentecomcarreta_foto_pedrolessa-1-590x410.jpg",590,410,true]},"author_info":{"display_name":"noticiasbahia360.com.br","author_link":"https:\/\/noticiasbahia360.com.br\/?author=1"},"category_info":"<a href=\"https:\/\/noticiasbahia360.com.br\/?cat=8\" rel=\"category\">Bahia<\/a> <a href=\"https:\/\/noticiasbahia360.com.br\/?cat=9\" rel=\"category\">Brasil<\/a> <a href=\"https:\/\/noticiasbahia360.com.br\/?cat=6\" rel=\"category\">Feira de Santana<\/a> <a href=\"https:\/\/noticiasbahia360.com.br\/?cat=57\" rel=\"category\">Mundo<\/a> <a href=\"https:\/\/noticiasbahia360.com.br\/?cat=56\" rel=\"category\">Pol\u00edcia<\/a> <a href=\"https:\/\/noticiasbahia360.com.br\/?cat=10\" rel=\"category\">Pol\u00edtica<\/a>","tag_info":"Pol\u00edtica","comment_count":"0","_links":{"self":[{"href":"https:\/\/noticiasbahia360.com.br\/index.php?rest_route=\/wp\/v2\/posts\/80718","targetHints":{"allow":["GET"]}}],"collection":[{"href":"https:\/\/noticiasbahia360.com.br\/index.php?rest_route=\/wp\/v2\/posts"}],"about":[{"href":"https:\/\/noticiasbahia360.com.br\/index.php?rest_route=\/wp\/v2\/types\/post"}],"author":[{"embeddable":true,"href":"https:\/\/noticiasbahia360.com.br\/index.php?rest_route=\/wp\/v2\/users\/1"}],"replies":[{"embeddable":true,"href":"https:\/\/noticiasbahia360.com.br\/index.php?rest_route=%2Fwp%2Fv2%2Fcomments&post=80718"}],"version-history":[{"count":0,"href":"https:\/\/noticiasbahia360.com.br\/index.php?rest_route=\/wp\/v2\/posts\/80718\/revisions"}],"wp:featuredmedia":[{"embeddable":true,"href":"https:\/\/noticiasbahia360.com.br\/index.php?rest_route=\/wp\/v2\/media\/80719"}],"wp:attachment":[{"href":"https:\/\/noticiasbahia360.com.br\/index.php?rest_route=%2Fwp%2Fv2%2Fmedia&parent=80718"}],"wp:term":[{"taxonomy":"category","embeddable":true,"href":"https:\/\/noticiasbahia360.com.br\/index.php?rest_route=%2Fwp%2Fv2%2Fcategories&post=80718"},{"taxonomy":"post_tag","embeddable":true,"href":"https:\/\/noticiasbahia360.com.br\/index.php?rest_route=%2Fwp%2Fv2%2Ftags&post=80718"}],"curies":[{"name":"wp","href":"https:\/\/api.w.org\/{rel}","templated":true}]}} 