{"id":80721,"date":"2025-04-01T16:42:12","date_gmt":"2025-04-01T19:42:12","guid":{"rendered":"https:\/\/noticiasbahia360.com.br\/?p=80721"},"modified":"2025-04-01T16:42:12","modified_gmt":"2025-04-01T19:42:12","slug":"dia-do-beijo-saiba-como-evitar-a-transmissao-de-doencas-bucais","status":"publish","type":"post","link":"https:\/\/noticiasbahia360.com.br\/?p=80721","title":{"rendered":"Dia do Beijo: saiba como evitar a transmiss\u00e3o de doen\u00e7as bucais"},"content":{"rendered":"<div>\n<div>\n<figure><img decoding=\"async\" src=\"http:\/\/noticiasbahia360.com.br\/wp-content\/uploads\/2025\/04\/beij-foto-divulgacao.jpg\" alt=\"Dia do Beijo\"><figcaption>Foto: Divulga\u00e7\u00e3o <\/figcaption><\/figure>\n<\/div>\n<p>Comemorado em 13 de abril, o Dia do Beijo, remete o carinho e conex\u00e3o entre as pessoas. Mas, al\u00e9m da ternura, o ato exige aten\u00e7\u00e3o quando o assunto \u00e9 a sa\u00fade bucal. Poucos se lembram, mas a boca \u00e9 um ambiente prop\u00edcio para a prolifera\u00e7\u00e3o de bact\u00e9rias e v\u00edrus, e o beijo pode ser um transmissor de diversas doen\u00e7as, como explica o DR\u00ba Alexandre Ravani, dentista e CEO da Pr\u00f3Rir, rede de cl\u00ednicas odontol\u00f3gicas. \u201cA mononucleose,\u00a0tamb\u00e9m conhecida como \u2018doen\u00e7a do beijo\u2019, \u00e9 causada pelo v\u00edrus Epstein-Barr, ela pode ser assintom\u00e1tica e confundida com doen\u00e7as respirat\u00f3rias. Outras comuns s\u00e3o a herpes labial, a candid\u00edase oral, o HPV, al\u00e9m da transmiss\u00e3o de gripes e resfriados\u201d, diz o especialista.<\/p>\n<p>Por isso, deve-se evitar esse contato com pessoas desconhecidas ou que estejam com sintomas como febre, dor no corpo ou feridas na boca. \u201cAlgumas dessas doen\u00e7as n\u00e3o t\u00eam tratamento e tendem a passar sem interfer\u00eancia m\u00e9dica. Portanto, os medicamentos usados geralmente s\u00e3o apenas para aliviar os sintomas\u201d, afirma o Dr\u00ba Ravani.<\/p>\n<p>Por isso, o melhor rem\u00e9dio \u00e9 sempre a preven\u00e7\u00e3o, conforme as orienta\u00e7\u00f5es do dentista:\u00a0<\/p>\n<ul class=\"wp-block-list\">\n<li>Mantenha uma boa higiene bucal, escovando os dentes pelo menos tr\u00eas vezes ao dia e usando o fio dental;<\/li>\n<li>Lave as m\u00e3os com frequ\u00eancia;<\/li>\n<li>Evite compartilhar copos e talheres;<\/li>\n<li>Mantenha os ambientes bem ventilados;<\/li>\n<li>Vacine-se contra a gripe;<\/li>\n<li>Tenha uma alimenta\u00e7\u00e3o equilibrada;<\/li>\n<li>Realize exames de rotina.<\/li>\n<\/ul>\n<p>O profissional ressalta a import\u00e2ncia de visitar o dentista regularmente. \u201cAo menos uma vez por ano ou sempre que sentir algum desconforto. Se sua sa\u00fade bucal est\u00e1 em dia, ent\u00e3o escolha um bom parceiro, beije muito e seja feliz\u201d, finaliza o CEO da Pr\u00f3Rir.<\/p>\n<h2 class=\"wp-block-heading\" id=\"h-sobre-a-prorir\">Sobre a Pr\u00f3Rir<\/h2>\n<p>Fundada em 2006, a rede carioca de consult\u00f3rios odontol\u00f3gicos, visa aliar um servi\u00e7o de qualidade a pre\u00e7os acess\u00edveis, atendendo com servi\u00e7os que v\u00e3o de est\u00e9tica a procedimentos cir\u00fargicos. Desde 2017 no franchising, a marca possui atualmente 20 unidades no estado do Rio de Janeiro, tendo realizado mais de 1 milh\u00e3o de atendimentos ao longo dos anos. Hoje, a empresa tem como meta um crescimento a n\u00edvel nacional.<\/p>\n<p><em>Siga o Acorda Cidade no<\/em><a href=\"https:\/\/news.google.com\/search?q=acorda%20cidade&amp;hl=pt-BR&amp;gl=BR&amp;ceid=BR%3Apt-419\"><strong><em>\u00a0Google Not\u00edcias<\/em><\/strong><\/a><em>\u00a0e receba os principais destaques do dia. Participe tamb\u00e9m dos nossos canais no\u00a0<\/em><a href=\"https:\/\/whatsapp.com\/channel\/0029Va6Rb4v3WHTNnsh8WI3N\"><strong><em>WhatsApp<\/em><\/strong><\/a><em>\u00a0e\u00a0<\/em><a href=\"https:\/\/www.youtube.com\/@acordacidadenoticias\/videos\"><strong>YouTube<\/strong><\/a><em>\u00a0e do grupo no\u00a0<\/em><a href=\"https:\/\/t.me\/+sSz0khrgARA0ZmRh\"><strong><em>Telegram<\/em><\/strong><\/a><em>.<\/em><\/p>\n<\/div>\n","protected":false},"excerpt":{"rendered":"<div>\n<div>\n<figure><img decoding=\"async\" src=\"https:\/\/uploads.acordacidade.com.br\/2025\/04\/beij-foto-divulgacao.jpg\" alt=\"Dia do Beijo\"><figcaption>Foto: Divulga\u00e7\u00e3o <\/figcaption><\/figure>\n<\/div>\n<p>o Dia do Beijo, remete o carinho e conex\u00e3o entre as pessoas. Mas, al\u00e9m da ternura, o ato exige aten\u00e7\u00e3o quando o assunto \u00e9 a sa\u00fade bucal.<\/p><\/div>\n","protected":false},"author":1,"featured_media":80722,"comment_status":"closed","ping_status":"closed","sticky":false,"template":"","format":"gallery","meta":{"footnotes":""},"categories":[8,9,6,57,56,10],"tags":[],"class_list":["post-80721","post","type-post","status-publish","format-gallery","has-post-thumbnail","hentry","category-bahia","category-brasil","category-feira-de-santana","category-mundo","category-policia","category-politica","post_format-post-format-gallery"],"featured_image_urls":{"full":["https:\/\/noticiasbahia360.com.br\/wp-content\/uploads\/2025\/04\/beij-foto-divulgacao.jpg",1920,1280,false],"thumbnail":["https:\/\/noticiasbahia360.com.br\/wp-content\/uploads\/2025\/04\/beij-foto-divulgacao-150x150.jpg",150,150,true],"medium":["https:\/\/noticiasbahia360.com.br\/wp-content\/uploads\/2025\/04\/beij-foto-divulgacao-300x200.jpg",300,200,true],"medium_large":["https:\/\/noticiasbahia360.com.br\/wp-content\/uploads\/2025\/04\/beij-foto-divulgacao-768x512.jpg",640,427,true],"large":["https:\/\/noticiasbahia360.com.br\/wp-content\/uploads\/2025\/04\/beij-foto-divulgacao-1024x683.jpg",640,427,true],"1536x1536":["https:\/\/noticiasbahia360.com.br\/wp-content\/uploads\/2025\/04\/beij-foto-divulgacao-1536x1024.jpg",1536,1024,true],"2048x2048":["https:\/\/noticiasbahia360.com.br\/wp-content\/uploads\/2025\/04\/beij-foto-divulgacao.jpg",1920,1280,false],"chromenews-featured":["https:\/\/noticiasbahia360.com.br\/wp-content\/uploads\/2025\/04\/beij-foto-divulgacao-1024x683.jpg",1024,683,true],"chromenews-large":["https:\/\/noticiasbahia360.com.br\/wp-content\/uploads\/2025\/04\/beij-foto-divulgacao-825x575.jpg",825,575,true],"chromenews-medium":["https:\/\/noticiasbahia360.com.br\/wp-content\/uploads\/2025\/04\/beij-foto-divulgacao-590x410.jpg",590,410,true]},"author_info":{"display_name":"noticiasbahia360.com.br","author_link":"https:\/\/noticiasbahia360.com.br\/?author=1"},"category_info":"<a href=\"https:\/\/noticiasbahia360.com.br\/?cat=8\" rel=\"category\">Bahia<\/a> <a href=\"https:\/\/noticiasbahia360.com.br\/?cat=9\" rel=\"category\">Brasil<\/a> <a href=\"https:\/\/noticiasbahia360.com.br\/?cat=6\" rel=\"category\">Feira de Santana<\/a> <a href=\"https:\/\/noticiasbahia360.com.br\/?cat=57\" rel=\"category\">Mundo<\/a> <a href=\"https:\/\/noticiasbahia360.com.br\/?cat=56\" rel=\"category\">Pol\u00edcia<\/a> <a href=\"https:\/\/noticiasbahia360.com.br\/?cat=10\" rel=\"category\">Pol\u00edtica<\/a>","tag_info":"Pol\u00edtica","comment_count":"0","_links":{"self":[{"href":"https:\/\/noticiasbahia360.com.br\/index.php?rest_route=\/wp\/v2\/posts\/80721","targetHints":{"allow":["GET"]}}],"collection":[{"href":"https:\/\/noticiasbahia360.com.br\/index.php?rest_route=\/wp\/v2\/posts"}],"about":[{"href":"https:\/\/noticiasbahia360.com.br\/index.php?rest_route=\/wp\/v2\/types\/post"}],"author":[{"embeddable":true,"href":"https:\/\/noticiasbahia360.com.br\/index.php?rest_route=\/wp\/v2\/users\/1"}],"replies":[{"embeddable":true,"href":"https:\/\/noticiasbahia360.com.br\/index.php?rest_route=%2Fwp%2Fv2%2Fcomments&post=80721"}],"version-history":[{"count":0,"href":"https:\/\/noticiasbahia360.com.br\/index.php?rest_route=\/wp\/v2\/posts\/80721\/revisions"}],"wp:featuredmedia":[{"embeddable":true,"href":"https:\/\/noticiasbahia360.com.br\/index.php?rest_route=\/wp\/v2\/media\/80722"}],"wp:attachment":[{"href":"https:\/\/noticiasbahia360.com.br\/index.php?rest_route=%2Fwp%2Fv2%2Fmedia&parent=80721"}],"wp:term":[{"taxonomy":"category","embeddable":true,"href":"https:\/\/noticiasbahia360.com.br\/index.php?rest_route=%2Fwp%2Fv2%2Fcategories&post=80721"},{"taxonomy":"post_tag","embeddable":true,"href":"https:\/\/noticiasbahia360.com.br\/index.php?rest_route=%2Fwp%2Fv2%2Ftags&post=80721"}],"curies":[{"name":"wp","href":"https:\/\/api.w.org\/{rel}","templated":true}]}} 