{"id":80723,"date":"2025-04-01T16:46:21","date_gmt":"2025-04-01T19:46:21","guid":{"rendered":"https:\/\/noticiasbahia360.com.br\/?p=80723"},"modified":"2025-04-01T16:46:21","modified_gmt":"2025-04-01T19:46:21","slug":"brasil-e-o-segundo-maior-consumidor-de-vinhos-no-mundo","status":"publish","type":"post","link":"https:\/\/noticiasbahia360.com.br\/?p=80723","title":{"rendered":"Brasil \u00e9 o segundo maior consumidor de vinhos no mundo"},"content":{"rendered":"<div>\n<div>\n<figure><img decoding=\"async\" src=\"http:\/\/noticiasbahia360.com.br\/wp-content\/uploads\/2025\/04\/CygCBA0o-producao-de-vinhos-brasileiros2.webp\" alt=\"produ\u00e7\u00e3o de vinhos\"><figcaption>Foto: Divulga\u00e7\u00e3o <\/figcaption><\/figure>\n<\/div>\n<p>A mudan\u00e7a de comportamento e nos h\u00e1bitos de consumo, fez com que nos \u00faltimos anos, o consumo de vinho crescesse no Brasil. Isso \u00e9 o que mostra uma pesquisa realizada pela Organiza\u00e7\u00e3o Internacional da Vinha e do Vinho (OIV). De acordo com o \u00f3rg\u00e3o, entre 2022 e 2023, o consumo de vinho no <a href=\"https:\/\/www.acordacidade.com.br\/local\/brasil\/\">Brasil<\/a> aumentou 11,6%, o segundo maior aumento do mundo, atr\u00e1s apenas da Rom\u00eania, com 20%.<\/p>\n<p>De acordo com Gina Facuri, especialista em vinhos, o crescimento do consumo da bebida no Brasil se deu devido \u00e0 pandemia, pois as pessoas ficaram mais em casa. \u201cEm casa as pessoas costumavam consumir menos destilados, e, aos poucos, foram incorporando o h\u00e1bito de tomar mais vinho. Esse consumo se intensificou n\u00e3o apenas pela aprecia\u00e7\u00e3o dos r\u00f3tulos dispon\u00edveis em suas pr\u00f3prias adegas, mas, culturalmente, o brasileiro aprendeu a consumir vinho em jantares e recep\u00e7\u00f5es \u2014 um costume enraizado na cultura europeia, onde \u00e9 comum que o vinho esteja presente tanto no almo\u00e7o quanto no jantar, al\u00e9m de pequenas reuni\u00f5es sociais\u201d, comenta Facuri.<\/p>\n<figure class=\"wp-block-image size-large\"><img fetchpriority=\"high\" fetchpriority=\"high\" decoding=\"async\" width=\"1024\" height=\"558\" src=\"http:\/\/noticiasbahia360.com.br\/wp-content\/uploads\/2025\/04\/NpLPtETC-producao-de-vinhos-brasileiros-1024x558-1.webp\" alt=\"produ\u00e7\u00e3o de vinhos\" class=\"wp-image-517737\" srcset=\"https:\/\/uploads.acordacidade.com.br\/2025\/04\/NpLPtETC-producao-de-vinhos-brasileiros-300x164.webp 300w, http:\/\/noticiasbahia360.com.br\/wp-content\/uploads\/2025\/04\/NpLPtETC-producao-de-vinhos-brasileiros-1024x558-1.webp 1024w, https:\/\/uploads.acordacidade.com.br\/2025\/04\/NpLPtETC-producao-de-vinhos-brasileiros-768x419.webp 768w, https:\/\/uploads.acordacidade.com.br\/2025\/04\/NpLPtETC-producao-de-vinhos-brasileiros-150x82.webp 150w, https:\/\/uploads.acordacidade.com.br\/2025\/04\/NpLPtETC-producao-de-vinhos-brasileiros.webp 1200w\" sizes=\"(max-width: 1024px) 100vw, 1024px\"><figcaption class=\"wp-element-caption\">Foto: Divulga\u00e7\u00e3o <\/figcaption><\/figure>\n<p>Para a sommelier, tamb\u00e9m propriet\u00e1ria da adega Reserva 35, o cen\u00e1rio em Goi\u00e2nia \u00e9 o mesmo. Segundo Gina, o consumo de vinho est\u00e1 crescendo cada dia mais. \u201cNa Reserva 35 n\u00f3s tivemos um aumento de 2023 para 2022 de 18% e em 2024 crescemos 20% comparado a 2023\u201d.<\/p>\n<p>Ela acrescenta que a proje\u00e7\u00e3o deste ano tamb\u00e9m \u00e9 positiva, \u201c Com a cultura do vinho em crescimento e os goianienses consumindo cada vez mais brancos e ros\u00e9s, especialmente por conta do clima quente, o mercado deve continuar em expans\u00e3o. Para 2025, a expectativa \u00e9 de um aumento de 22% em rela\u00e7\u00e3o a 2024\u201d finaliza Gina.<\/p>\n<figure class=\"wp-block-image size-large\"><img decoding=\"async\" width=\"1024\" height=\"595\" src=\"http:\/\/noticiasbahia360.com.br\/wp-content\/uploads\/2025\/04\/qSGc8EBb-producao-de-vinhos-brasileiros1-1024x595-1.webp\" alt=\"produ\u00e7\u00e3o de vinhos\" class=\"wp-image-517735\" srcset=\"https:\/\/uploads.acordacidade.com.br\/2025\/04\/qSGc8EBb-producao-de-vinhos-brasileiros1-300x174.webp 300w, http:\/\/noticiasbahia360.com.br\/wp-content\/uploads\/2025\/04\/qSGc8EBb-producao-de-vinhos-brasileiros1-1024x595-1.webp 1024w, https:\/\/uploads.acordacidade.com.br\/2025\/04\/qSGc8EBb-producao-de-vinhos-brasileiros1-768x446.webp 768w, https:\/\/uploads.acordacidade.com.br\/2025\/04\/qSGc8EBb-producao-de-vinhos-brasileiros1-150x87.webp 150w, https:\/\/uploads.acordacidade.com.br\/2025\/04\/qSGc8EBb-producao-de-vinhos-brasileiros1.webp 1200w\" sizes=\"(max-width: 1024px) 100vw, 1024px\"><figcaption class=\"wp-element-caption\">Foto: Divulga\u00e7\u00e3o <\/figcaption><\/figure>\n<p><strong>Reserva 35<\/strong><\/p>\n<p>A Reserva 35, localizada no cora\u00e7\u00e3o do Marista, \u00e9 fruto da jun\u00e7\u00e3o da expertise em bebidas e refer\u00eancias coletadas ao redor do mundo pela s\u00f3cia-fundadora Gina Facuri. Formada em Direito e com mais de 15 anos de know-how no mercado de luxo, Gina acumulou conhecimentos e viv\u00eancias \u00fanicas em empresas multinacionais at\u00e9 realizar o sonho de abrir seu pr\u00f3prio neg\u00f3cio.<\/p>\n<figure class=\"wp-block-image size-large\"><img decoding=\"async\" width=\"1024\" height=\"595\" src=\"http:\/\/noticiasbahia360.com.br\/wp-content\/uploads\/2025\/04\/PS5ZuN50-producao-de-vinhos-brasileiros-1024x595-1.webp\" alt=\"produ\u00e7\u00e3o de vinhos\" class=\"wp-image-517736\" srcset=\"https:\/\/uploads.acordacidade.com.br\/2025\/04\/PS5ZuN50-producao-de-vinhos-brasileiros--300x174.webp 300w, http:\/\/noticiasbahia360.com.br\/wp-content\/uploads\/2025\/04\/PS5ZuN50-producao-de-vinhos-brasileiros-1024x595-1.webp 1024w, https:\/\/uploads.acordacidade.com.br\/2025\/04\/PS5ZuN50-producao-de-vinhos-brasileiros--768x446.webp 768w, https:\/\/uploads.acordacidade.com.br\/2025\/04\/PS5ZuN50-producao-de-vinhos-brasileiros--150x87.webp 150w, https:\/\/uploads.acordacidade.com.br\/2025\/04\/PS5ZuN50-producao-de-vinhos-brasileiros-.webp 1200w\" sizes=\"(max-width: 1024px) 100vw, 1024px\"><figcaption class=\"wp-element-caption\">Foto: Divulga\u00e7\u00e3o <\/figcaption><\/figure>\n<p>Hoje, com mais de 4 anos de mercado, a Reserva 35 \u00e9 refer\u00eancia em criar experi\u00eancias inesquec\u00edveis para seus clientes, sendo a maior adega de vinhos e destilados do Brasil, com mais de 5 mil r\u00f3tulos, vinhos de 33 pa\u00edses diferentes e destilados de mais de 20, reconhecida nacionalmente.<\/p>\n<p><em>Siga o Acorda Cidade no<\/em><a href=\"https:\/\/news.google.com\/search?q=acorda%20cidade&amp;hl=pt-BR&amp;gl=BR&amp;ceid=BR%3Apt-419\"><strong><em>\u00a0Google Not\u00edcias<\/em><\/strong><\/a><em>\u00a0e receba os principais destaques do dia. Participe tamb\u00e9m dos nossos canais no\u00a0<\/em><a href=\"https:\/\/whatsapp.com\/channel\/0029Va6Rb4v3WHTNnsh8WI3N\"><strong><em>WhatsApp<\/em><\/strong><\/a><em>\u00a0e\u00a0<\/em><a href=\"https:\/\/www.youtube.com\/@acordacidadenoticias\/videos\"><strong>Youtube<\/strong><\/a><em>\u00a0e grupo de\u00a0<\/em><a href=\"https:\/\/t.me\/+sSz0khrgARA0ZmRh\"><strong><em>Telegram<\/em><\/strong><\/a><em>.<\/em><\/p>\n<\/div>\n","protected":false},"excerpt":{"rendered":"<div>\n<div>\n<figure><img decoding=\"async\" src=\"https:\/\/uploads.acordacidade.com.br\/2025\/04\/CygCBA0o-producao-de-vinhos-brasileiros2.webp\" alt=\"produ\u00e7\u00e3o de vinhos\"><figcaption>Foto: Divulga\u00e7\u00e3o <\/figcaption><\/figure>\n<\/div>\n<p>Pesquisa mostra que consumo de vinhos aumentou 22% no Brasil.<\/p><\/div>\n","protected":false},"author":1,"featured_media":80724,"comment_status":"closed","ping_status":"closed","sticky":false,"template":"","format":"gallery","meta":{"footnotes":""},"categories":[8,9,6,57,56,10],"tags":[],"class_list":["post-80723","post","type-post","status-publish","format-gallery","has-post-thumbnail","hentry","category-bahia","category-brasil","category-feira-de-santana","category-mundo","category-policia","category-politica","post_format-post-format-gallery"],"featured_image_urls":{"full":["https:\/\/noticiasbahia360.com.br\/wp-content\/uploads\/2025\/04\/CygCBA0o-producao-de-vinhos-brasileiros2.webp",1200,697,false],"thumbnail":["https:\/\/noticiasbahia360.com.br\/wp-content\/uploads\/2025\/04\/CygCBA0o-producao-de-vinhos-brasileiros2-150x150.webp",150,150,true],"medium":["https:\/\/noticiasbahia360.com.br\/wp-content\/uploads\/2025\/04\/CygCBA0o-producao-de-vinhos-brasileiros2-300x174.webp",300,174,true],"medium_large":["https:\/\/noticiasbahia360.com.br\/wp-content\/uploads\/2025\/04\/CygCBA0o-producao-de-vinhos-brasileiros2-768x446.webp",640,372,true],"large":["https:\/\/noticiasbahia360.com.br\/wp-content\/uploads\/2025\/04\/CygCBA0o-producao-de-vinhos-brasileiros2-1024x595.webp",640,372,true],"1536x1536":["https:\/\/noticiasbahia360.com.br\/wp-content\/uploads\/2025\/04\/CygCBA0o-producao-de-vinhos-brasileiros2.webp",1200,697,false],"2048x2048":["https:\/\/noticiasbahia360.com.br\/wp-content\/uploads\/2025\/04\/CygCBA0o-producao-de-vinhos-brasileiros2.webp",1200,697,false],"chromenews-featured":["https:\/\/noticiasbahia360.com.br\/wp-content\/uploads\/2025\/04\/CygCBA0o-producao-de-vinhos-brasileiros2-1024x595.webp",1024,595,true],"chromenews-large":["https:\/\/noticiasbahia360.com.br\/wp-content\/uploads\/2025\/04\/CygCBA0o-producao-de-vinhos-brasileiros2-825x575.webp",825,575,true],"chromenews-medium":["https:\/\/noticiasbahia360.com.br\/wp-content\/uploads\/2025\/04\/CygCBA0o-producao-de-vinhos-brasileiros2-590x410.webp",590,410,true]},"author_info":{"display_name":"noticiasbahia360.com.br","author_link":"https:\/\/noticiasbahia360.com.br\/?author=1"},"category_info":"<a href=\"https:\/\/noticiasbahia360.com.br\/?cat=8\" rel=\"category\">Bahia<\/a> <a href=\"https:\/\/noticiasbahia360.com.br\/?cat=9\" rel=\"category\">Brasil<\/a> <a href=\"https:\/\/noticiasbahia360.com.br\/?cat=6\" rel=\"category\">Feira de Santana<\/a> <a href=\"https:\/\/noticiasbahia360.com.br\/?cat=57\" rel=\"category\">Mundo<\/a> <a href=\"https:\/\/noticiasbahia360.com.br\/?cat=56\" rel=\"category\">Pol\u00edcia<\/a> <a href=\"https:\/\/noticiasbahia360.com.br\/?cat=10\" rel=\"category\">Pol\u00edtica<\/a>","tag_info":"Pol\u00edtica","comment_count":"0","_links":{"self":[{"href":"https:\/\/noticiasbahia360.com.br\/index.php?rest_route=\/wp\/v2\/posts\/80723","targetHints":{"allow":["GET"]}}],"collection":[{"href":"https:\/\/noticiasbahia360.com.br\/index.php?rest_route=\/wp\/v2\/posts"}],"about":[{"href":"https:\/\/noticiasbahia360.com.br\/index.php?rest_route=\/wp\/v2\/types\/post"}],"author":[{"embeddable":true,"href":"https:\/\/noticiasbahia360.com.br\/index.php?rest_route=\/wp\/v2\/users\/1"}],"replies":[{"embeddable":true,"href":"https:\/\/noticiasbahia360.com.br\/index.php?rest_route=%2Fwp%2Fv2%2Fcomments&post=80723"}],"version-history":[{"count":0,"href":"https:\/\/noticiasbahia360.com.br\/index.php?rest_route=\/wp\/v2\/posts\/80723\/revisions"}],"wp:featuredmedia":[{"embeddable":true,"href":"https:\/\/noticiasbahia360.com.br\/index.php?rest_route=\/wp\/v2\/media\/80724"}],"wp:attachment":[{"href":"https:\/\/noticiasbahia360.com.br\/index.php?rest_route=%2Fwp%2Fv2%2Fmedia&parent=80723"}],"wp:term":[{"taxonomy":"category","embeddable":true,"href":"https:\/\/noticiasbahia360.com.br\/index.php?rest_route=%2Fwp%2Fv2%2Fcategories&post=80723"},{"taxonomy":"post_tag","embeddable":true,"href":"https:\/\/noticiasbahia360.com.br\/index.php?rest_route=%2Fwp%2Fv2%2Ftags&post=80723"}],"curies":[{"name":"wp","href":"https:\/\/api.w.org\/{rel}","templated":true}]}}