{"id":80728,"date":"2025-04-01T16:58:40","date_gmt":"2025-04-01T19:58:40","guid":{"rendered":"https:\/\/noticiasbahia360.com.br\/?p=80728"},"modified":"2025-04-01T16:58:40","modified_gmt":"2025-04-01T19:58:40","slug":"dia-internacional-do-livro-infantil-10-obras-indispensaveis-que-toda-crianca-deveria-ler","status":"publish","type":"post","link":"https:\/\/noticiasbahia360.com.br\/?p=80728","title":{"rendered":"Dia Internacional do Livro Infantil: 10 obras indispens\u00e1veis que toda crian\u00e7a deveria ler"},"content":{"rendered":"<div>\n<div>\n<figure><img decoding=\"async\" src=\"http:\/\/noticiasbahia360.com.br\/wp-content\/uploads\/2025\/04\/Livros-infantis-ft-ed-santos-acorda-cidade1.jpg\" alt=\"Livros infantis\"><figcaption>Foto: Ed Santos\/Acorda Cidade<\/figcaption><\/figure>\n<\/div>\n<p>No dia 2 de abril, o mundo celebra o Dia Internacional do Livro Infantil, uma data criada pelo Conselho Internacional de Literatura para Jovens (IBBY) em homenagem ao escritor dinamarqu\u00eas Hans Christian Andersen, autor de cl\u00e1ssicos como O Patinho Feio e A Pequena Sereia. O objetivo da celebra\u00e7\u00e3o \u00e9 estimular o amor pelos livros desde os primeiros anos de vida, promovendo o h\u00e1bito da leitura como ferramenta essencial para o desenvolvimento infantil.<\/p>\n<p>A import\u00e2ncia da leitura para crian\u00e7as vai muito al\u00e9m do processo de alfabetiza\u00e7\u00e3o. Estudos mostram que esse h\u00e1bito contribui para o desenvolvimento da criatividade, do pensamento cr\u00edtico e da empatia, al\u00e9m de melhorar o vocabul\u00e1rio e a concentra\u00e7\u00e3o.<\/p>\n<p>No Brasil, por\u00e9m, os desafios s\u00e3o grandes quando o assunto \u00e9 leitura. Dados do Estudo Internacional de Progresso em Leitura (PIRLS) revelam que quase 40% das nossas crian\u00e7as do 4\u00ba ano do Ensino Fundamental n\u00e3o dominam habilidades b\u00e1sicas de leitura. E a falta de incentivo \u00e0 leitura acaba impactando no futuro: levantamento do Programa Internacional de Avalia\u00e7\u00e3o de Estudantes (PISA), apontou que 50% dos alunos brasileiros de 15 anos apresentam baixo desempenho em leitura.<\/p>\n<p>Diante desse cen\u00e1rio, incentivar a leitura desde cedo torna-se ainda mais essencial. Segundo a bibliotec\u00e1ria do Brazilian International School-BIS, Aline Souza Silva Santos, os pais devem transformar a leitura em um momento especial, criando um ambiente prazeroso. \u201cLer para a crian\u00e7a desde cedo faz toda a diferen\u00e7a, em momentos de aconchego e conex\u00e3o, fortalecendo o v\u00ednculo afetivo e despertando o interesse pelos livros\u201d, afirma.<\/p>\n<p>Renata Brito dos Santos, bibliotec\u00e1ria da Escola Bil\u00edngue Aubrick, aponta a escolha de livros adequados para cada idade como outro fator importante. Os interesses das crian\u00e7as mudam conforme crescem, e a literatura deve acompanhar esse processo. \u201cAo oferecer livros que dialoguem com a fase de desenvolvimento da crian\u00e7a, o envolvimento com a leitura ser\u00e1 mais natural e significativo\u201d, explica.<\/p>\n<p>O incentivo \u00e0 leitura passa pelo exemplo dentro de casa, segundo Denilson Santos de Matos, bibliotec\u00e1rio da Escola Internacional de Alphaville. \u201cCrian\u00e7as que veem os pais lendo t\u00eam mais chances de adotar o h\u00e1bito. Criar momentos de leitura em fam\u00edlia pode ser um \u00f3timo caminho para despertar esse gosto\u201d, destaca.<\/p>\n<p>10 Livros que toda Crian\u00e7a deveria ler<\/p>\n<p>Para celebrar essa data especial, os bibliotec\u00e1rios do Brazilian International School-BIS, da Escola Bil\u00edngue Aubrick e da Escola Internacional de Alphaville reuniram indica\u00e7\u00f5es de 10 livros indispens\u00e1veis para as crian\u00e7as, obras que encantam gera\u00e7\u00f5es e s\u00e3o fundamentais para estimular a imagina\u00e7\u00e3o e o aprendizado.<\/p>\n<ol class=\"wp-block-list\">\n<li><strong>\u201cA volta ao mundo em 80 dias\u201d, de J\u00falio Verne<\/strong><\/li>\n<\/ol>\n<p>Phileas Fogg, um ingl\u00eas rico, met\u00f3dico e um tanto quanto solit\u00e1rio, aposta com seus colegas do clube de jogos que conseguir\u00e1 dar uma volta ao mundo em apenas 80 dias. Para tal feito, o exc\u00eantrico Fogg convida seu fiel empregado Jean Passepartout, e juntos viver\u00e3o muitas aventuras.<\/p>\n<ol start=\"2\" class=\"wp-block-list\">\n<li><strong>\u201cAlice no Pa\u00eds das Maravilhas\u201d, de Lewis Carroll<\/strong><\/li>\n<\/ol>\n<p>A garota Alice v\u00ea um coelho branco entrar em uma toca. Vai atr\u00e1s dele e chega ao Pa\u00eds das Maravilhas. Ela muda de tamanho muitas vezes e conhece criaturas esquisitas, como a Lagarta, a Duquesa, o Gato de Cheshire, a Lebre de Mar\u00e7o, o Chapeleiro Maluco e o Rei e a Rainha de Copas.<\/p>\n<ol start=\"3\" class=\"wp-block-list\">\n<li><strong>\u201cMalala, a menina que queria ir para a escola\u201d, de Adriana Carranca<\/strong><\/li>\n<\/ol>\n<p>Neste livro-reportagem, a jornalista Adriana Carranca relata \u00e0s crian\u00e7as a hist\u00f3ria da adolescente paquistanesa Malala Yousafzai, baleada por membros do Talib\u00e3 aos catorze anos por defender a educa\u00e7\u00e3o feminina. A rep\u00f3rter traz suas percep\u00e7\u00f5es sobre o vale do Swat, a hist\u00f3ria da regi\u00e3o e a defini\u00e7\u00e3o dos termos mais importantes para entender a vida desta menina t\u00e3o corajosa.<\/p>\n<ol start=\"4\" class=\"wp-block-list\">\n<li><strong>\u201cMarcelo, Marmelo, Martelo\u201d, de Ruth Rocha<\/strong><\/li>\n<\/ol>\n<p>Os personagens dos tr\u00eas contos do livro s\u00e3o crian\u00e7as que vivem no espa\u00e7o urbano. Elas resolvem seus impasses com muita esperteza e vivacidade: Marcelo cria palavras novas; Teresinha e Gabriela acabam se identificando, apesar das diferen\u00e7as; enquanto Caloca compreende a import\u00e2ncia da amizade.<\/p>\n<ol start=\"5\" class=\"wp-block-list\">\n<li><strong>\u201cO Menino Maluquinho\u201d, de Ziraldo<\/strong><\/li>\n<\/ol>\n<p>Este menino traquinas pensa fora da caixa, faz muita confus\u00e3o e tem macaquinhos no s\u00f3t\u00e3o, apesar de n\u00e3o saber o que significa ter macaquinhos no s\u00f3t\u00e3o. Mas entre partir alguns vasos e perder muitos cadernos, ele \u00e9 tamb\u00e9m a alegria da casa, compositor de can\u00e7\u00f5es, o melhor namorador da escola e um companheir\u00e3o. Ser\u00e1 mesmo maluquinho, este menino? Ou ser\u00e1 que Ziraldo concentrou num s\u00f3 menino aquilo que deve ser a inf\u00e2ncia?<\/p>\n<ol start=\"6\" class=\"wp-block-list\">\n<li><strong>\u201cO pequeno pr\u00edncipe\u201d, de Antoine de Saint-Exup\u00e9ry<\/strong><\/li>\n<\/ol>\n<p>Uma das obras infantojuvenis mais conhecidas, com aproximadamente cento e cinquenta milh\u00f5es de exemplares vendidos em diversos idiomas. O livro reflete sobre o amor, a amizade e o sentido da vida. O personagem central se interroga sobre o mundo enquanto viaja de planeta em planeta e p\u00f5e em d\u00favida as certezas dos adultos.<\/p>\n<ol start=\"7\" class=\"wp-block-list\">\n<li><strong>\u201cO Picapau Amarelo\u201d de Monteiro Lobato<\/strong><\/li>\n<\/ol>\n<p>Todos os personagens do mundo da fantasia resolvem se mudar para o S\u00edtio do Picapau Amarelo, e Dona Benta precisa pensar em um plano para ampliar suas propriedades e acolher a todos. Ela compra as terras vizinhas, e para isso conta com a ast\u00facia de Em\u00edlia e a engenhosidade do Visconde de Sabugosa. L\u00e1 v\u00e3o morar Peter Pan, Chapeuzinho Vermelho, Dom Quixote, Branca de Neve e outras grandes figuras do faz de conta.<\/p>\n<ol start=\"8\" class=\"wp-block-list\">\n<li><strong>\u201cA Arca de No\u00e9\u201d de Vin\u00edcius de Moraes<\/strong><\/li>\n<\/ol>\n<p>Best-seller infantil, vencedor do pr\u00eamio Jabuti. A obra \u00e9 formada por 32 poemas, a maioria sobre bichos, e inclui os que constam dos discos Arca de No\u00e9 1 e 2. Alguns foram musicados pelo pr\u00f3prio Vinicius de Moraes e se tornaram cl\u00e1ssicos da MPB para crian\u00e7as, como o poema daquela casa \u201cmuito engra\u00e7ada\u201d que \u201cn\u00e3o tinha teto\/ n\u00e3o tinha nada\u201d. Todos s\u00e3o poemas feitos para ler, aprender de cor ou cantar.<\/p>\n<ol start=\"9\" class=\"wp-block-list\">\n<li><strong>\u201cOu Isto ou Aquilo\u201d, de Cec\u00edlia Meireles<\/strong><\/li>\n<\/ol>\n<p>A autora convida as crian\u00e7as a se aproximarem da poesia, brinca com as palavras, explora a sonoridade, o ritmo, as rimas e a musicalidade. O tema mostra que a vida \u00e9 feita de escolhas e estas muitas vezes s\u00e3o dif\u00edceis de resolver; e o cotidiano marcado pela d\u00favida e pela dificuldade de decis\u00e3o \u00e9 poetizado.<\/p>\n<ol start=\"10\" class=\"wp-block-list\">\n<li><strong>\u201cFelpo Silva\u201d, de Eva Funari<\/strong><\/li>\n<\/ol>\n<p>Esta \u00e9 a hist\u00f3ria do coelho poeta Felpo Filva e o que aconteceu com ele quando come\u00e7ou a se corresponder com uma f\u00e3, a Charl\u00f4. O livro traz diversos tipos de texto: autobiografia, carta, manual, bula de rem\u00e9dio, receita de torta, prov\u00e9rbio, f\u00e1bula, pauta musical, permitindo ao leitor entrar em contato com as v\u00e1rias fun\u00e7\u00f5es da escrita.<\/p>\n<p><em>Siga o Acorda Cidade no<\/em><a href=\"https:\/\/news.google.com\/search?q=acorda%20cidade&amp;hl=pt-BR&amp;gl=BR&amp;ceid=BR%3Apt-419\"><strong><em>\u00a0Google Not\u00edcias<\/em><\/strong><\/a><em>\u00a0e receba os principais destaques do dia. Participe tamb\u00e9m dos nossos canais no\u00a0<\/em><a href=\"https:\/\/whatsapp.com\/channel\/0029Va6Rb4v3WHTNnsh8WI3N\"><strong><em>WhatsApp<\/em><\/strong><\/a><em>\u00a0e\u00a0<\/em><a href=\"https:\/\/www.youtube.com\/@acordacidadenoticias\/videos\"><strong>YouTube<\/strong><\/a><em>\u00a0e do grupo no\u00a0<\/em><a href=\"https:\/\/t.me\/+sSz0khrgARA0ZmRh\"><strong><em>Telegram<\/em><\/strong><\/a><em>.<\/em><\/p>\n<\/div>\n","protected":false},"excerpt":{"rendered":"<div>\n<div>\n<figure><img decoding=\"async\" src=\"https:\/\/uploads.acordacidade.com.br\/2025\/02\/Livros-infantis-ft-ed-santos-acorda-cidade1.jpg\" alt=\"Livros infantis\"><figcaption>Foto: Ed Santos\/Acorda Cidade<\/figcaption><\/figure>\n<\/div>\n<p>O objetivo da celebra\u00e7\u00e3o \u00e9 estimular o amor pelos livros desde os primeiros anos de vida, promovendo o h\u00e1bito da leitura.<\/p><\/div>\n","protected":false},"author":1,"featured_media":80729,"comment_status":"closed","ping_status":"closed","sticky":false,"template":"","format":"gallery","meta":{"footnotes":""},"categories":[8,9,6,57,56,10],"tags":[],"class_list":["post-80728","post","type-post","status-publish","format-gallery","has-post-thumbnail","hentry","category-bahia","category-brasil","category-feira-de-santana","category-mundo","category-policia","category-politica","post_format-post-format-gallery"],"featured_image_urls":{"full":["https:\/\/noticiasbahia360.com.br\/wp-content\/uploads\/2025\/04\/Livros-infantis-ft-ed-santos-acorda-cidade1.jpg",1920,1440,false],"thumbnail":["https:\/\/noticiasbahia360.com.br\/wp-content\/uploads\/2025\/04\/Livros-infantis-ft-ed-santos-acorda-cidade1-150x150.jpg",150,150,true],"medium":["https:\/\/noticiasbahia360.com.br\/wp-content\/uploads\/2025\/04\/Livros-infantis-ft-ed-santos-acorda-cidade1-300x225.jpg",300,225,true],"medium_large":["https:\/\/noticiasbahia360.com.br\/wp-content\/uploads\/2025\/04\/Livros-infantis-ft-ed-santos-acorda-cidade1-768x576.jpg",640,480,true],"large":["https:\/\/noticiasbahia360.com.br\/wp-content\/uploads\/2025\/04\/Livros-infantis-ft-ed-santos-acorda-cidade1-1024x768.jpg",640,480,true],"1536x1536":["https:\/\/noticiasbahia360.com.br\/wp-content\/uploads\/2025\/04\/Livros-infantis-ft-ed-santos-acorda-cidade1-1536x1152.jpg",1536,1152,true],"2048x2048":["https:\/\/noticiasbahia360.com.br\/wp-content\/uploads\/2025\/04\/Livros-infantis-ft-ed-santos-acorda-cidade1.jpg",1920,1440,false],"chromenews-featured":["https:\/\/noticiasbahia360.com.br\/wp-content\/uploads\/2025\/04\/Livros-infantis-ft-ed-santos-acorda-cidade1-1024x768.jpg",1024,768,true],"chromenews-large":["https:\/\/noticiasbahia360.com.br\/wp-content\/uploads\/2025\/04\/Livros-infantis-ft-ed-santos-acorda-cidade1-825x575.jpg",825,575,true],"chromenews-medium":["https:\/\/noticiasbahia360.com.br\/wp-content\/uploads\/2025\/04\/Livros-infantis-ft-ed-santos-acorda-cidade1-590x410.jpg",590,410,true]},"author_info":{"display_name":"noticiasbahia360.com.br","author_link":"https:\/\/noticiasbahia360.com.br\/?author=1"},"category_info":"<a href=\"https:\/\/noticiasbahia360.com.br\/?cat=8\" rel=\"category\">Bahia<\/a> <a href=\"https:\/\/noticiasbahia360.com.br\/?cat=9\" rel=\"category\">Brasil<\/a> <a href=\"https:\/\/noticiasbahia360.com.br\/?cat=6\" rel=\"category\">Feira de Santana<\/a> <a href=\"https:\/\/noticiasbahia360.com.br\/?cat=57\" rel=\"category\">Mundo<\/a> <a href=\"https:\/\/noticiasbahia360.com.br\/?cat=56\" rel=\"category\">Pol\u00edcia<\/a> <a href=\"https:\/\/noticiasbahia360.com.br\/?cat=10\" rel=\"category\">Pol\u00edtica<\/a>","tag_info":"Pol\u00edtica","comment_count":"0","_links":{"self":[{"href":"https:\/\/noticiasbahia360.com.br\/index.php?rest_route=\/wp\/v2\/posts\/80728","targetHints":{"allow":["GET"]}}],"collection":[{"href":"https:\/\/noticiasbahia360.com.br\/index.php?rest_route=\/wp\/v2\/posts"}],"about":[{"href":"https:\/\/noticiasbahia360.com.br\/index.php?rest_route=\/wp\/v2\/types\/post"}],"author":[{"embeddable":true,"href":"https:\/\/noticiasbahia360.com.br\/index.php?rest_route=\/wp\/v2\/users\/1"}],"replies":[{"embeddable":true,"href":"https:\/\/noticiasbahia360.com.br\/index.php?rest_route=%2Fwp%2Fv2%2Fcomments&post=80728"}],"version-history":[{"count":0,"href":"https:\/\/noticiasbahia360.com.br\/index.php?rest_route=\/wp\/v2\/posts\/80728\/revisions"}],"wp:featuredmedia":[{"embeddable":true,"href":"https:\/\/noticiasbahia360.com.br\/index.php?rest_route=\/wp\/v2\/media\/80729"}],"wp:attachment":[{"href":"https:\/\/noticiasbahia360.com.br\/index.php?rest_route=%2Fwp%2Fv2%2Fmedia&parent=80728"}],"wp:term":[{"taxonomy":"category","embeddable":true,"href":"https:\/\/noticiasbahia360.com.br\/index.php?rest_route=%2Fwp%2Fv2%2Fcategories&post=80728"},{"taxonomy":"post_tag","embeddable":true,"href":"https:\/\/noticiasbahia360.com.br\/index.php?rest_route=%2Fwp%2Fv2%2Ftags&post=80728"}],"curies":[{"name":"wp","href":"https:\/\/api.w.org\/{rel}","templated":true}]}}