{"id":80734,"date":"2025-04-01T17:16:53","date_gmt":"2025-04-01T20:16:53","guid":{"rendered":"https:\/\/noticiasbahia360.com.br\/?p=80734"},"modified":"2025-04-01T17:16:53","modified_gmt":"2025-04-01T20:16:53","slug":"governador-anuncia-pablo-barrozo-como-novo-secretario-estadual-de-agricultura","status":"publish","type":"post","link":"https:\/\/noticiasbahia360.com.br\/?p=80734","title":{"rendered":"Governador anuncia Pablo Barrozo como novo secret\u00e1rio estadual de Agricultura"},"content":{"rendered":"<div>\n<div>\n<figure><img decoding=\"async\" src=\"http:\/\/noticiasbahia360.com.br\/wp-content\/uploads\/2025\/04\/Fw64i1EM-Pablo-Barrazo-sec-de-agricultura-Foto-Thuane-MariaGOVBA2-1.webp\" alt=\"Pablo Barrazo\"><figcaption>Foto: Thuane Maria\/GOVBA<\/figcaption><\/figure>\n<\/div>\n<p>O governador <a href=\"https:\/\/www.acordacidade.com.br\/tag\/jeronimo-rodrigues\/\">Jer\u00f4nimo Rodrigues<\/a> fez mais um an\u00fancio de mudan\u00e7a na composi\u00e7\u00e3o do secretariado do Governo do Estado, nesta ter\u00e7a-feira (1\u00ba). Desta vez, o governador anunciou Pablo Barrozo como novo titular da Secretaria da Agricultura, Pecu\u00e1ria, Irriga\u00e7\u00e3o, Pesca e Aquicultura (<a href=\"https:\/\/www.acordacidade.com.br\/tag\/seagri\/\">Seagri<\/a>), at\u00e9 ent\u00e3o comandada por Wallison Tum.<\/p>\n<p>Ao apresentar o novo secret\u00e1rio, Jer\u00f4nimo Rodrigues destacou a experi\u00eancia de Barrozo na pol\u00edtica e sua familiaridade com quest\u00f5es or\u00e7ament\u00e1rias e pol\u00edticas p\u00fablicas. \u201cTenho certeza de que, com a for\u00e7a do setor e a compet\u00eancia do Pablo, conseguiremos desenvolver uma boa agenda para a agricultura baiana\u201d, afirmou o governador.<\/p>\n<p>Pablo Barrozo refor\u00e7ou o compromisso com o setor agropecu\u00e1rio e a import\u00e2ncia da agricultura para a economia do estado. <\/p>\n<p>\u201cA agricultura \u00e9 uma pasta extremamente importante, sendo uma das principais respons\u00e1veis pela economia do nosso estado, ao lado da pecu\u00e1ria. O governador foi claro ao exigir que a agricultura baiana esteja entre as melhores do pa\u00eds, e esse ser\u00e1 o nosso foco: fazer mais e melhor, garantindo que o agro da Bahia continue crescendo e se destacando nacionalmente\u201d, declarou o novo secret\u00e1rio.<\/p>\n<figure class=\"wp-block-image size-large\"><img fetchpriority=\"high\" fetchpriority=\"high\" decoding=\"async\" width=\"1024\" height=\"631\" src=\"http:\/\/noticiasbahia360.com.br\/wp-content\/uploads\/2025\/04\/Dt66bnuT-Pablo-Barrazo-sec-de-agricultura-Foto-Thuane-MariaGOVBA2-1024x631-1.webp\" alt=\"Pablo Barrazo\" class=\"wp-image-517764\" srcset=\"https:\/\/uploads.acordacidade.com.br\/2025\/04\/Dt66bnuT-Pablo-Barrazo-sec-de-agricultura-Foto-Thuane-MariaGOVBA2-300x185.webp 300w, http:\/\/noticiasbahia360.com.br\/wp-content\/uploads\/2025\/04\/Dt66bnuT-Pablo-Barrazo-sec-de-agricultura-Foto-Thuane-MariaGOVBA2-1024x631-1.webp 1024w, https:\/\/uploads.acordacidade.com.br\/2025\/04\/Dt66bnuT-Pablo-Barrazo-sec-de-agricultura-Foto-Thuane-MariaGOVBA2-768x474.webp 768w, https:\/\/uploads.acordacidade.com.br\/2025\/04\/Dt66bnuT-Pablo-Barrazo-sec-de-agricultura-Foto-Thuane-MariaGOVBA2-150x93.webp 150w, https:\/\/uploads.acordacidade.com.br\/2025\/04\/Dt66bnuT-Pablo-Barrazo-sec-de-agricultura-Foto-Thuane-MariaGOVBA2.webp 1200w\" sizes=\"(max-width: 1024px) 100vw, 1024px\"><figcaption class=\"wp-element-caption\">Foto: Thuane Maria\/GOVBA<\/figcaption><\/figure>\n<p>Ex-deputado estadual, Pablo Barrozo tem em seu curr\u00edculo atua\u00e7\u00e3o destacada tanto na capital baiana quanto no interior do estado. Durante seu mandato na Assembleia Legislativa da Bahia (2015-2018), participou ativamente de comiss\u00f5es como Justi\u00e7a, Agricultura e Pol\u00edtica Rural, \u00c9tica e Decoro Parlamentar, al\u00e9m da Comiss\u00e3o Especial da Ferrovia de Integra\u00e7\u00e3o Oeste-Leste (FIOL). <\/p>\n<p>Em 2020, tamb\u00e9m ocupou o cargo de secret\u00e1rio municipal de Cultura e Turismo de Salvador. O novo secret\u00e1rio e o governador tamb\u00e9m agradeceram ao secret\u00e1rio Wallison Oliveira, Tum, que colocou-se inteiramente \u00e0 disposi\u00e7\u00e3o para a transi\u00e7\u00e3o do cargo.<\/p>\n<p><em>Siga o Acorda Cidade no<\/em><a href=\"https:\/\/news.google.com\/search?q=acorda%20cidade&amp;hl=pt-BR&amp;gl=BR&amp;ceid=BR%3Apt-419\"><strong><em>\u00a0Google Not\u00edcias<\/em><\/strong><\/a><em>\u00a0e receba os principais destaques do dia. Participe tamb\u00e9m dos nossos canais no\u00a0<\/em><a href=\"https:\/\/whatsapp.com\/channel\/0029Va6Rb4v3WHTNnsh8WI3N\"><strong><em>WhatsApp<\/em><\/strong><\/a><em>\u00a0e\u00a0<\/em><a href=\"https:\/\/www.youtube.com\/@acordacidadenoticias\/videos\"><strong>Youtube<\/strong><\/a><em>\u00a0e grupo de\u00a0<\/em><a href=\"https:\/\/t.me\/+sSz0khrgARA0ZmRh\"><strong><em>Telegram<\/em><\/strong><\/a><em>.<\/em><\/p>\n<\/div>\n","protected":false},"excerpt":{"rendered":"<div>\n<div>\n<figure><img decoding=\"async\" src=\"https:\/\/uploads.acordacidade.com.br\/2025\/04\/Fw64i1EM-Pablo-Barrazo-sec-de-agricultura-Foto-Thuane-MariaGOVBA2-1.webp\" alt=\"Pablo Barrazo\"><figcaption>Foto: Thuane Maria\/GOVBA<\/figcaption><\/figure>\n<\/div>\n<p>Jer\u00f4nimo Rodrigues destacou a experi\u00eancia de Barrozo na pol\u00edtica e sua familiaridade com quest\u00f5es or\u00e7ament\u00e1rias e pol\u00edticas p\u00fablicas.<\/p><\/div>\n","protected":false},"author":1,"featured_media":80735,"comment_status":"closed","ping_status":"closed","sticky":false,"template":"","format":"gallery","meta":{"footnotes":""},"categories":[8,9,6,57,56,10],"tags":[],"class_list":["post-80734","post","type-post","status-publish","format-gallery","has-post-thumbnail","hentry","category-bahia","category-brasil","category-feira-de-santana","category-mundo","category-policia","category-politica","post_format-post-format-gallery"],"featured_image_urls":{"full":["https:\/\/noticiasbahia360.com.br\/wp-content\/uploads\/2025\/04\/Fw64i1EM-Pablo-Barrazo-sec-de-agricultura-Foto-Thuane-MariaGOVBA2-1.webp",1200,683,false],"thumbnail":["https:\/\/noticiasbahia360.com.br\/wp-content\/uploads\/2025\/04\/Fw64i1EM-Pablo-Barrazo-sec-de-agricultura-Foto-Thuane-MariaGOVBA2-1-150x150.webp",150,150,true],"medium":["https:\/\/noticiasbahia360.com.br\/wp-content\/uploads\/2025\/04\/Fw64i1EM-Pablo-Barrazo-sec-de-agricultura-Foto-Thuane-MariaGOVBA2-1-300x171.webp",300,171,true],"medium_large":["https:\/\/noticiasbahia360.com.br\/wp-content\/uploads\/2025\/04\/Fw64i1EM-Pablo-Barrazo-sec-de-agricultura-Foto-Thuane-MariaGOVBA2-1-768x437.webp",640,364,true],"large":["https:\/\/noticiasbahia360.com.br\/wp-content\/uploads\/2025\/04\/Fw64i1EM-Pablo-Barrazo-sec-de-agricultura-Foto-Thuane-MariaGOVBA2-1-1024x583.webp",640,364,true],"1536x1536":["https:\/\/noticiasbahia360.com.br\/wp-content\/uploads\/2025\/04\/Fw64i1EM-Pablo-Barrazo-sec-de-agricultura-Foto-Thuane-MariaGOVBA2-1.webp",1200,683,false],"2048x2048":["https:\/\/noticiasbahia360.com.br\/wp-content\/uploads\/2025\/04\/Fw64i1EM-Pablo-Barrazo-sec-de-agricultura-Foto-Thuane-MariaGOVBA2-1.webp",1200,683,false],"chromenews-featured":["https:\/\/noticiasbahia360.com.br\/wp-content\/uploads\/2025\/04\/Fw64i1EM-Pablo-Barrazo-sec-de-agricultura-Foto-Thuane-MariaGOVBA2-1-1024x583.webp",1024,583,true],"chromenews-large":["https:\/\/noticiasbahia360.com.br\/wp-content\/uploads\/2025\/04\/Fw64i1EM-Pablo-Barrazo-sec-de-agricultura-Foto-Thuane-MariaGOVBA2-1-825x575.webp",825,575,true],"chromenews-medium":["https:\/\/noticiasbahia360.com.br\/wp-content\/uploads\/2025\/04\/Fw64i1EM-Pablo-Barrazo-sec-de-agricultura-Foto-Thuane-MariaGOVBA2-1-590x410.webp",590,410,true]},"author_info":{"display_name":"noticiasbahia360.com.br","author_link":"https:\/\/noticiasbahia360.com.br\/?author=1"},"category_info":"<a href=\"https:\/\/noticiasbahia360.com.br\/?cat=8\" rel=\"category\">Bahia<\/a> <a href=\"https:\/\/noticiasbahia360.com.br\/?cat=9\" rel=\"category\">Brasil<\/a> <a href=\"https:\/\/noticiasbahia360.com.br\/?cat=6\" rel=\"category\">Feira de Santana<\/a> <a href=\"https:\/\/noticiasbahia360.com.br\/?cat=57\" rel=\"category\">Mundo<\/a> <a href=\"https:\/\/noticiasbahia360.com.br\/?cat=56\" rel=\"category\">Pol\u00edcia<\/a> <a href=\"https:\/\/noticiasbahia360.com.br\/?cat=10\" rel=\"category\">Pol\u00edtica<\/a>","tag_info":"Pol\u00edtica","comment_count":"0","_links":{"self":[{"href":"https:\/\/noticiasbahia360.com.br\/index.php?rest_route=\/wp\/v2\/posts\/80734","targetHints":{"allow":["GET"]}}],"collection":[{"href":"https:\/\/noticiasbahia360.com.br\/index.php?rest_route=\/wp\/v2\/posts"}],"about":[{"href":"https:\/\/noticiasbahia360.com.br\/index.php?rest_route=\/wp\/v2\/types\/post"}],"author":[{"embeddable":true,"href":"https:\/\/noticiasbahia360.com.br\/index.php?rest_route=\/wp\/v2\/users\/1"}],"replies":[{"embeddable":true,"href":"https:\/\/noticiasbahia360.com.br\/index.php?rest_route=%2Fwp%2Fv2%2Fcomments&post=80734"}],"version-history":[{"count":0,"href":"https:\/\/noticiasbahia360.com.br\/index.php?rest_route=\/wp\/v2\/posts\/80734\/revisions"}],"wp:featuredmedia":[{"embeddable":true,"href":"https:\/\/noticiasbahia360.com.br\/index.php?rest_route=\/wp\/v2\/media\/80735"}],"wp:attachment":[{"href":"https:\/\/noticiasbahia360.com.br\/index.php?rest_route=%2Fwp%2Fv2%2Fmedia&parent=80734"}],"wp:term":[{"taxonomy":"category","embeddable":true,"href":"https:\/\/noticiasbahia360.com.br\/index.php?rest_route=%2Fwp%2Fv2%2Fcategories&post=80734"},{"taxonomy":"post_tag","embeddable":true,"href":"https:\/\/noticiasbahia360.com.br\/index.php?rest_route=%2Fwp%2Fv2%2Ftags&post=80734"}],"curies":[{"name":"wp","href":"https:\/\/api.w.org\/{rel}","templated":true}]}}