{"id":80739,"date":"2025-04-01T18:25:30","date_gmt":"2025-04-01T21:25:30","guid":{"rendered":"https:\/\/noticiasbahia360.com.br\/?p=80739"},"modified":"2025-04-01T18:25:30","modified_gmt":"2025-04-01T21:25:30","slug":"rodoviarios-realizam-manifestacao-por-direitos-trabalhistas-sao-dez-anos-e-nada-foi-resolvido","status":"publish","type":"post","link":"https:\/\/noticiasbahia360.com.br\/?p=80739","title":{"rendered":"Rodovi\u00e1rios realizam manifesta\u00e7\u00e3o por direitos trabalhistas: \u201cS\u00e3o dez anos e nada foi resolvido\u201d"},"content":{"rendered":"<div>\n<div>\n<figure><img decoding=\"async\" src=\"http:\/\/noticiasbahia360.com.br\/wp-content\/uploads\/2025\/04\/ZKBPMxFY-Manifestacao-de-ex-rodoviarios-ft-paulo-jose-acorda-cidade.webp\" alt=\"\"><figcaption>Foto: Paulo Jos\u00e9\/Acorda Cidade<\/figcaption><\/figure>\n<\/div>\n<p>Nesta ter\u00e7a-feira (1\u00ba), ex-rodovi\u00e1rios das empresas 18 de Setembro e Princesinha realizaram uma manifesta\u00e7\u00e3o em Feira de Santana, reivindicando o pagamento de direitos trabalhistas que, segundo eles, est\u00e3o pendentes h\u00e1 uma d\u00e9cada. Segundo os manifestantes, s\u00e3o 1.200 trabalhadores que aguardam uma solu\u00e7\u00e3o para os processos que est\u00e3o pendentes na justi\u00e7a h\u00e1 exatamente 10 anos. O grupo se concentrou em frente a Apae e seguiu at\u00e9 a prefeitura. <\/p>\n<figure class=\"wp-block-image size-large\"><img fetchpriority=\"high\" fetchpriority=\"high\" decoding=\"async\" width=\"1024\" height=\"544\" src=\"http:\/\/noticiasbahia360.com.br\/wp-content\/uploads\/2025\/04\/JArLJA62-Manifestacao-de-ex-rodoviarios-ft-paulo-jose-acorda-cidade03-1024x544-1.webp\" alt=\"Rodovi\u00e1rios realizam manifesta\u00e7\u00e3o por direitos trabalhistas\" class=\"wp-image-517785\" srcset=\"https:\/\/uploads.acordacidade.com.br\/2025\/04\/JArLJA62-Manifestacao-de-ex-rodoviarios-ft-paulo-jose-acorda-cidade03-300x159.webp 300w, http:\/\/noticiasbahia360.com.br\/wp-content\/uploads\/2025\/04\/JArLJA62-Manifestacao-de-ex-rodoviarios-ft-paulo-jose-acorda-cidade03-1024x544-1.webp 1024w, https:\/\/uploads.acordacidade.com.br\/2025\/04\/JArLJA62-Manifestacao-de-ex-rodoviarios-ft-paulo-jose-acorda-cidade03-768x408.webp 768w, https:\/\/uploads.acordacidade.com.br\/2025\/04\/JArLJA62-Manifestacao-de-ex-rodoviarios-ft-paulo-jose-acorda-cidade03-150x80.webp 150w, https:\/\/uploads.acordacidade.com.br\/2025\/04\/JArLJA62-Manifestacao-de-ex-rodoviarios-ft-paulo-jose-acorda-cidade03.webp 1200w\" sizes=\"(max-width: 1024px) 100vw, 1024px\"><figcaption class=\"wp-element-caption\">Foto: Paulo Jos\u00e9\/Acorda Cidade<\/figcaption><\/figure>\n<figure class=\"wp-block-image size-large\"><img decoding=\"async\" width=\"1024\" height=\"473\" src=\"http:\/\/noticiasbahia360.com.br\/wp-content\/uploads\/2025\/04\/lFER4ELq-Manifestacao-de-ex-rodoviarios-ft-paulo-jose-acorda-cidade4-1024x473-1.webp\" alt=\"Rodovi\u00e1rios realizam manifesta\u00e7\u00e3o por direitos trabalhistas\" class=\"wp-image-517793\" srcset=\"https:\/\/uploads.acordacidade.com.br\/2025\/04\/lFER4ELq-Manifestacao-de-ex-rodoviarios-ft-paulo-jose-acorda-cidade4-300x139.webp 300w, http:\/\/noticiasbahia360.com.br\/wp-content\/uploads\/2025\/04\/lFER4ELq-Manifestacao-de-ex-rodoviarios-ft-paulo-jose-acorda-cidade4-1024x473-1.webp 1024w, https:\/\/uploads.acordacidade.com.br\/2025\/04\/lFER4ELq-Manifestacao-de-ex-rodoviarios-ft-paulo-jose-acorda-cidade4-768x355.webp 768w, https:\/\/uploads.acordacidade.com.br\/2025\/04\/lFER4ELq-Manifestacao-de-ex-rodoviarios-ft-paulo-jose-acorda-cidade4-150x69.webp 150w, https:\/\/uploads.acordacidade.com.br\/2025\/04\/lFER4ELq-Manifestacao-de-ex-rodoviarios-ft-paulo-jose-acorda-cidade4.webp 1200w\" sizes=\"(max-width: 1024px) 100vw, 1024px\"><figcaption class=\"wp-element-caption\">Foto: Paulo Jos\u00e9\/Acorda Cidade<\/figcaption><\/figure>\n<p>No \u00faltimo dia 12 de mar\u00e7o, <a href=\"https:\/\/www.acordacidade.com.br\/feira-de-santana\/rodoviarios-que-trabalharam-nas-empresas-princesinha-e-18-de-setembro-cobram-direitos-trabalhistas-ha-quase-10-anos\/\" target=\"_blank\" rel=\"noreferrer noopener\">cerca de 60 ex-funcion\u00e1rios das empresas se reuniram no escrit\u00f3rio do vereador Jorge Oliveira em busca de uma solu\u00e7\u00e3o para os processos arquivados.<\/a> No entanto, at\u00e9 o momento, n\u00e3o houve avan\u00e7os concretos.<\/p>\n<figure class=\"wp-block-image size-large\"><img decoding=\"async\" width=\"1024\" height=\"608\" src=\"http:\/\/noticiasbahia360.com.br\/wp-content\/uploads\/2025\/04\/OsUh2U40-Manifestacao-de-ex-rodoviarios-ft-paulo-jose-acorda-cidade1-1024x608-1.webp\" alt=\"Rodovi\u00e1rios realizam manifesta\u00e7\u00e3o por direitos trabalhistas\" class=\"wp-image-517796\" srcset=\"https:\/\/uploads.acordacidade.com.br\/2025\/04\/OsUh2U40-Manifestacao-de-ex-rodoviarios-ft-paulo-jose-acorda-cidade1-300x178.webp 300w, http:\/\/noticiasbahia360.com.br\/wp-content\/uploads\/2025\/04\/OsUh2U40-Manifestacao-de-ex-rodoviarios-ft-paulo-jose-acorda-cidade1-1024x608-1.webp 1024w, https:\/\/uploads.acordacidade.com.br\/2025\/04\/OsUh2U40-Manifestacao-de-ex-rodoviarios-ft-paulo-jose-acorda-cidade1-768x456.webp 768w, https:\/\/uploads.acordacidade.com.br\/2025\/04\/OsUh2U40-Manifestacao-de-ex-rodoviarios-ft-paulo-jose-acorda-cidade1-150x89.webp 150w, https:\/\/uploads.acordacidade.com.br\/2025\/04\/OsUh2U40-Manifestacao-de-ex-rodoviarios-ft-paulo-jose-acorda-cidade1.webp 1200w\" sizes=\"(max-width: 1024px) 100vw, 1024px\"><figcaption class=\"wp-element-caption\">Foto: Paulo Jos\u00e9\/Acorda Cidade<\/figcaption><\/figure>\n<p>Um dos ex-funcion\u00e1rios que participou da mobiliza\u00e7\u00e3o nesta ter\u00e7a, Renato Bispo, falou sobre a frustra\u00e7\u00e3o dos trabalhadores com a falta de respostas.<\/p>\n<p>\u201cS\u00e3o dez anos de direitos conquistados, mas at\u00e9 o momento n\u00e3o conseguimos o nosso valor. Estamos com processos ganhos, mas ningu\u00e9m fala mais nada, est\u00e1 tudo perdido. Ent\u00e3o a gente est\u00e1 buscando esses direitos nossos.\u201d<\/p>\n<figure class=\"wp-block-image size-large\"><img decoding=\"async\" width=\"1024\" height=\"563\" src=\"http:\/\/noticiasbahia360.com.br\/wp-content\/uploads\/2025\/04\/pAP9u0gO-Manifestacao-de-ex-rodoviarios-ft-paulo-jose-acorda-cidade2-1024x563-1.webp\" alt=\"Rodovi\u00e1rios realizam manifesta\u00e7\u00e3o por direitos trabalhistas\" class=\"wp-image-517795\" srcset=\"https:\/\/uploads.acordacidade.com.br\/2025\/04\/pAP9u0gO-Manifestacao-de-ex-rodoviarios-ft-paulo-jose-acorda-cidade2-300x165.webp 300w, http:\/\/noticiasbahia360.com.br\/wp-content\/uploads\/2025\/04\/pAP9u0gO-Manifestacao-de-ex-rodoviarios-ft-paulo-jose-acorda-cidade2-1024x563-1.webp 1024w, https:\/\/uploads.acordacidade.com.br\/2025\/04\/pAP9u0gO-Manifestacao-de-ex-rodoviarios-ft-paulo-jose-acorda-cidade2-768x422.webp 768w, https:\/\/uploads.acordacidade.com.br\/2025\/04\/pAP9u0gO-Manifestacao-de-ex-rodoviarios-ft-paulo-jose-acorda-cidade2-150x83.webp 150w, https:\/\/uploads.acordacidade.com.br\/2025\/04\/pAP9u0gO-Manifestacao-de-ex-rodoviarios-ft-paulo-jose-acorda-cidade2.webp 1200w\" sizes=\"(max-width: 1024px) 100vw, 1024px\"><figcaption class=\"wp-element-caption\">Foto: Paulo Jos\u00e9\/Acorda Cidade<\/figcaption><\/figure>\n<p>Renato contou ao Acorda Cidade que alguns trabalhadores chegaram a receber, mas outros permaneceram sem os direitos. Ele questionou os crit\u00e9rios para o pagamento de apenas alguns funcion\u00e1rios.<\/p>\n<p>\u201cN\u00e3o sei qual foi o crit\u00e9rio desses outros trabalhadores terem recebido. Eu sei que 90% dos trabalhadores n\u00e3o receberam. E esses 90% est\u00e3o aqui fazendo, vindo \u00e0 luta. Minist\u00e9rio P\u00fablico, Prefeitura, o Judici\u00e1rio, a gente precisa do apoio de algu\u00e9m\u201d, frisou.<\/p>\n<figure class=\"wp-block-image size-large\"><img loading=\"lazy\" decoding=\"async\" width=\"1024\" height=\"473\" src=\"http:\/\/noticiasbahia360.com.br\/wp-content\/uploads\/2025\/04\/QEnXvh3b-Manifestacao-de-ex-rodoviarios-ft-paulo-jose-acorda-cidade9-1024x473-1.webp\" alt=\"Rodovi\u00e1rios realizam manifesta\u00e7\u00e3o por direitos trabalhistas\" class=\"wp-image-517788\" srcset=\"https:\/\/uploads.acordacidade.com.br\/2025\/04\/QEnXvh3b-Manifestacao-de-ex-rodoviarios-ft-paulo-jose-acorda-cidade9-300x139.webp 300w, http:\/\/noticiasbahia360.com.br\/wp-content\/uploads\/2025\/04\/QEnXvh3b-Manifestacao-de-ex-rodoviarios-ft-paulo-jose-acorda-cidade9-1024x473-1.webp 1024w, https:\/\/uploads.acordacidade.com.br\/2025\/04\/QEnXvh3b-Manifestacao-de-ex-rodoviarios-ft-paulo-jose-acorda-cidade9-768x355.webp 768w, https:\/\/uploads.acordacidade.com.br\/2025\/04\/QEnXvh3b-Manifestacao-de-ex-rodoviarios-ft-paulo-jose-acorda-cidade9-150x69.webp 150w, https:\/\/uploads.acordacidade.com.br\/2025\/04\/QEnXvh3b-Manifestacao-de-ex-rodoviarios-ft-paulo-jose-acorda-cidade9.webp 1200w\" sizes=\"(max-width: 1024px) 100vw, 1024px\"><figcaption class=\"wp-element-caption\">Foto: Paulo Jos\u00e9\/Acorda Cidade<\/figcaption><\/figure>\n<p>Outro ex-funcion\u00e1rio, Moacir Alves, refor\u00e7ou que as manifesta\u00e7\u00f5es s\u00e3o a \u00fanica forma de chamar a aten\u00e7\u00e3o das autoridades para o caso, j\u00e1 que pela justi\u00e7a, j\u00e1 fazem 10 anos que os trabalhadores est\u00e3o sem solu\u00e7\u00e3o.<\/p>\n<figure class=\"wp-block-image size-large\"><img loading=\"lazy\" decoding=\"async\" width=\"1024\" height=\"473\" src=\"http:\/\/noticiasbahia360.com.br\/wp-content\/uploads\/2025\/04\/5xld1LEv-Manifestacao-de-ex-rodoviarios-ft-paulo-jose-acorda-cidade6-1024x473-1.webp\" alt=\"Rodovi\u00e1rios realizam manifesta\u00e7\u00e3o por direitos trabalhistas\" class=\"wp-image-517791\" srcset=\"https:\/\/uploads.acordacidade.com.br\/2025\/04\/5xld1LEv-Manifestacao-de-ex-rodoviarios-ft-paulo-jose-acorda-cidade6-300x139.webp 300w, http:\/\/noticiasbahia360.com.br\/wp-content\/uploads\/2025\/04\/5xld1LEv-Manifestacao-de-ex-rodoviarios-ft-paulo-jose-acorda-cidade6-1024x473-1.webp 1024w, https:\/\/uploads.acordacidade.com.br\/2025\/04\/5xld1LEv-Manifestacao-de-ex-rodoviarios-ft-paulo-jose-acorda-cidade6-768x355.webp 768w, https:\/\/uploads.acordacidade.com.br\/2025\/04\/5xld1LEv-Manifestacao-de-ex-rodoviarios-ft-paulo-jose-acorda-cidade6-150x69.webp 150w, https:\/\/uploads.acordacidade.com.br\/2025\/04\/5xld1LEv-Manifestacao-de-ex-rodoviarios-ft-paulo-jose-acorda-cidade6.webp 1200w\" sizes=\"(max-width: 1024px) 100vw, 1024px\"><figcaption class=\"wp-element-caption\">Foto: Paulo Jos\u00e9\/Acorda Cidade<\/figcaption><\/figure>\n<p>\u201cA \u00fanica maneira do trabalhador reivindicar algo \u00e9 vir \u00e0s ruas e chamar a aten\u00e7\u00e3o do poder p\u00fablico e da institui\u00e7\u00e3o que representa a categoria. Uma empresa faz uma licita\u00e7\u00e3o, ganha, come\u00e7a a atuar na cidade e, de repente, vai embora. Cria uma s\u00e9rie de problemas e deixa 1.200 pais de fam\u00edlia sem indeniza\u00e7\u00e3o\u201d, disse em entrevista ao Acorda Cidade.<\/p>\n<figure class=\"wp-block-image size-large\"><img loading=\"lazy\" decoding=\"async\" width=\"1024\" height=\"473\" src=\"http:\/\/noticiasbahia360.com.br\/wp-content\/uploads\/2025\/04\/n5oJru73-Manifestacao-de-ex-rodoviarios-ft-paulo-jose-acorda-cidade8-1024x473-1.webp\" alt=\"Rodovi\u00e1rios realizam manifesta\u00e7\u00e3o por direitos trabalhistas\" class=\"wp-image-517789\" srcset=\"https:\/\/uploads.acordacidade.com.br\/2025\/04\/n5oJru73-Manifestacao-de-ex-rodoviarios-ft-paulo-jose-acorda-cidade8-300x139.webp 300w, http:\/\/noticiasbahia360.com.br\/wp-content\/uploads\/2025\/04\/n5oJru73-Manifestacao-de-ex-rodoviarios-ft-paulo-jose-acorda-cidade8-1024x473-1.webp 1024w, https:\/\/uploads.acordacidade.com.br\/2025\/04\/n5oJru73-Manifestacao-de-ex-rodoviarios-ft-paulo-jose-acorda-cidade8-768x355.webp 768w, https:\/\/uploads.acordacidade.com.br\/2025\/04\/n5oJru73-Manifestacao-de-ex-rodoviarios-ft-paulo-jose-acorda-cidade8-150x69.webp 150w, https:\/\/uploads.acordacidade.com.br\/2025\/04\/n5oJru73-Manifestacao-de-ex-rodoviarios-ft-paulo-jose-acorda-cidade8.webp 1200w\" sizes=\"(max-width: 1024px) 100vw, 1024px\"><figcaption class=\"wp-element-caption\">Foto: Paulo Jos\u00e9\/Acorda Cidade<\/figcaption><\/figure>\n<p>Moacir tamb\u00e9m questionou o destino dos recursos da licita\u00e7\u00e3o e cobrou uma resposta das autoridades. \u201cCad\u00ea essa verba de licita\u00e7\u00e3o? Essa verba n\u00e3o era para pagar os funcion\u00e1rios? N\u00e3o existe uma resposta convincente para o trabalhador e s\u00e3o 10 anos fazendo hoje\u201d, acrescentou.<\/p>\n<figure class=\"wp-block-image size-large\"><img loading=\"lazy\" decoding=\"async\" width=\"1024\" height=\"535\" src=\"http:\/\/noticiasbahia360.com.br\/wp-content\/uploads\/2025\/04\/WluDaNcs-Manifestacao-de-ex-rodoviarios-ft-paulo-jose-acorda-cidade7-1024x535-1.webp\" alt=\"Rodovi\u00e1rios realizam manifesta\u00e7\u00e3o por direitos trabalhistas\" class=\"wp-image-517790\" srcset=\"https:\/\/uploads.acordacidade.com.br\/2025\/04\/WluDaNcs-Manifestacao-de-ex-rodoviarios-ft-paulo-jose-acorda-cidade7-300x157.webp 300w, http:\/\/noticiasbahia360.com.br\/wp-content\/uploads\/2025\/04\/WluDaNcs-Manifestacao-de-ex-rodoviarios-ft-paulo-jose-acorda-cidade7-1024x535-1.webp 1024w, https:\/\/uploads.acordacidade.com.br\/2025\/04\/WluDaNcs-Manifestacao-de-ex-rodoviarios-ft-paulo-jose-acorda-cidade7-768x401.webp 768w, https:\/\/uploads.acordacidade.com.br\/2025\/04\/WluDaNcs-Manifestacao-de-ex-rodoviarios-ft-paulo-jose-acorda-cidade7-150x78.webp 150w, https:\/\/uploads.acordacidade.com.br\/2025\/04\/WluDaNcs-Manifestacao-de-ex-rodoviarios-ft-paulo-jose-acorda-cidade7.webp 1200w\" sizes=\"(max-width: 1024px) 100vw, 1024px\"><figcaption class=\"wp-element-caption\">Foto: Paulo Jos\u00e9\/Acorda Cidade<\/figcaption><\/figure>\n<p>Ainda segundo o ex-funcion\u00e1rio, circula a informa\u00e7\u00e3o de que, dos 1.200 trabalhadores, 100 foram indenizados. \u201cQueremos uma resposta concreta. Queremos chamar a aten\u00e7\u00e3o do Judici\u00e1rio, da Prefeitura na pessoa de Jos\u00e9 Ronaldo e da institui\u00e7\u00e3o representante da categoria para que realmente se resolva essa situa\u00e7\u00e3o. E n\u00e3o vamos parar enquanto n\u00e3o resolver\u201d, afirmou Moacir.<\/p>\n<figure class=\"wp-block-image size-large\"><img loading=\"lazy\" decoding=\"async\" width=\"1024\" height=\"598\" src=\"http:\/\/noticiasbahia360.com.br\/wp-content\/uploads\/2025\/04\/RfpIpbi4-Manifestacao-de-ex-rodoviarios-ft-paulo-jose-acorda-cidade01-1024x598-1.webp\" alt=\"Rodovi\u00e1rios realizam manifesta\u00e7\u00e3o por direitos trabalhistas\" class=\"wp-image-517787\" srcset=\"https:\/\/uploads.acordacidade.com.br\/2025\/04\/RfpIpbi4-Manifestacao-de-ex-rodoviarios-ft-paulo-jose-acorda-cidade01-300x175.webp 300w, http:\/\/noticiasbahia360.com.br\/wp-content\/uploads\/2025\/04\/RfpIpbi4-Manifestacao-de-ex-rodoviarios-ft-paulo-jose-acorda-cidade01-1024x598-1.webp 1024w, https:\/\/uploads.acordacidade.com.br\/2025\/04\/RfpIpbi4-Manifestacao-de-ex-rodoviarios-ft-paulo-jose-acorda-cidade01-768x449.webp 768w, https:\/\/uploads.acordacidade.com.br\/2025\/04\/RfpIpbi4-Manifestacao-de-ex-rodoviarios-ft-paulo-jose-acorda-cidade01-150x88.webp 150w, https:\/\/uploads.acordacidade.com.br\/2025\/04\/RfpIpbi4-Manifestacao-de-ex-rodoviarios-ft-paulo-jose-acorda-cidade01.webp 1200w\" sizes=\"(max-width: 1024px) 100vw, 1024px\"><figcaption class=\"wp-element-caption\">Foto: Paulo Jos\u00e9\/Acorda Cidade<\/figcaption><\/figure>\n<h2 class=\"wp-block-heading\" id=\"h-o-que-diz-o-sindicato-dos-rodoviarios\">O que diz o Sindicato dos Rodovi\u00e1rios<\/h2>\n<p>O presidente do Sindicato dos Rodovi\u00e1rios, Alberto Neri, disse ao Acorda Cidade que, segundo decis\u00e3o judicial, a prefeitura n\u00e3o foi considerada respons\u00e1vel pelos pagamentos das rescis\u00f5es trabalhistas. Segundo o presidente, os manifestantes questionaram o motivo de apenas 10% terem recebido o pagamento.<\/p>\n<figure class=\"wp-block-image size-full is-resized\"><img loading=\"lazy\" decoding=\"async\" width=\"640\" height=\"288\" src=\"http:\/\/noticiasbahia360.com.br\/wp-content\/uploads\/2025\/04\/Presidente-do-sindicato-dos-rodoviarios-alberto-Neri-Paulo-Jose-acorda-cidade.jpg\" alt=\"Presidente do sindicato dos rodovi\u00e1rios - alberto Neri - Paulo Jos\u00e9 acorda cidade\" class=\"wp-image-348402\" style=\"width:840px;height:auto\" srcset=\"https:\/\/uploads.acordacidade.com.br\/wp-content\/uploads\/2023\/12\/26165117\/Presidente-do-sindicato-dos-rodoviarios-alberto-Neri-Paulo-Jose-acorda-cidade-300x135.jpg 300w, http:\/\/noticiasbahia360.com.br\/wp-content\/uploads\/2025\/04\/Presidente-do-sindicato-dos-rodoviarios-alberto-Neri-Paulo-Jose-acorda-cidade.jpg 640w\" sizes=\"(max-width: 640px) 100vw, 640px\"><figcaption class=\"wp-element-caption\">Foto: Paulo Jos\u00e9\/Acorda Cidade<\/figcaption><\/figure>\n<p>\u201cO Poder Judici\u00e1rio entendeu que o Poder P\u00fablico n\u00e3o tinha responsabilidade sobre os processos do pagamento da recis\u00e3o. O pessoal que ocorreu foi que, houve muitas audi\u00eancias no mesmo per\u00edodo e a prefeitura n\u00e3o deu conta de fazer a contesta\u00e7\u00e3o em todas as audi\u00eancias. Teve algumas audi\u00eancias que foi aplicada a pena de revelia. Ela n\u00e3o contestou, foi aplicada a pena de revelia. Ent\u00e3o ela foi condenada a pagar esses 100 funcion\u00e1rios. Os demais n\u00e3o foi condenados a prefeitura\u201d.<\/p>\n<figure class=\"wp-block-image size-large\"><img loading=\"lazy\" decoding=\"async\" width=\"1024\" height=\"544\" src=\"http:\/\/noticiasbahia360.com.br\/wp-content\/uploads\/2025\/04\/FaDlUHEF-Manifestacao-de-ex-rodoviarios-ft-paulo-jose-acorda-cidade02-1024x544-1.webp\" alt=\"Rodovi\u00e1rios realizam manifesta\u00e7\u00e3o por direitos trabalhistas\" class=\"wp-image-517786\" srcset=\"https:\/\/uploads.acordacidade.com.br\/2025\/04\/FaDlUHEF-Manifestacao-de-ex-rodoviarios-ft-paulo-jose-acorda-cidade02-300x159.webp 300w, http:\/\/noticiasbahia360.com.br\/wp-content\/uploads\/2025\/04\/FaDlUHEF-Manifestacao-de-ex-rodoviarios-ft-paulo-jose-acorda-cidade02-1024x544-1.webp 1024w, https:\/\/uploads.acordacidade.com.br\/2025\/04\/FaDlUHEF-Manifestacao-de-ex-rodoviarios-ft-paulo-jose-acorda-cidade02-768x408.webp 768w, https:\/\/uploads.acordacidade.com.br\/2025\/04\/FaDlUHEF-Manifestacao-de-ex-rodoviarios-ft-paulo-jose-acorda-cidade02-150x80.webp 150w, https:\/\/uploads.acordacidade.com.br\/2025\/04\/FaDlUHEF-Manifestacao-de-ex-rodoviarios-ft-paulo-jose-acorda-cidade02.webp 1200w\" sizes=\"(max-width: 1024px) 100vw, 1024px\"><figcaption class=\"wp-element-caption\">Foto: Paulo Jos\u00e9\/Acorda Cidade<\/figcaption><\/figure>\n<p>Al\u00e9m disso, h\u00e1 um processo da empresa 18 de Setembro e Princesinha contra a prefeitura, alegando que a redu\u00e7\u00e3o da tarifa sem estudo t\u00e9cnico pr\u00e9vio teria causado preju\u00edzos e contribu\u00eddo para a fal\u00eancia das empresas.<\/p>\n<p>\u201cPediram R$ 25 milh\u00f5es. Esse processo est\u00e1 tramitando. Um protesto apenas porque tem 10 anos que n\u00e3o recebemos, n\u00e3o, n\u00f3s precisamos fazer um protesto direcionado a quem \u00e9 o respons\u00e1vel? \u00c9 o Poder P\u00fablico Municipal e o Poder Judici\u00e1rio, que n\u00f3s fizemos contato, fizemos junto ao Minist\u00e9rio P\u00fablico, para ver que tipo de a\u00e7\u00e3o, o que \u00e9 que pode ser feito, para ver se o trabalhador tem alguma chance de receber os seus direitos trabalhistas das empresas que o calotearam\u201d, disse.<\/p>\n<figure class=\"wp-block-image size-large\"><img loading=\"lazy\" decoding=\"async\" width=\"1024\" height=\"538\" src=\"http:\/\/noticiasbahia360.com.br\/wp-content\/uploads\/2025\/04\/knVysQiZ-Manifestacao-de-ex-rodoviarios-ft-paulo-jose-acorda-cidade05-1024x538-1.webp\" alt=\"Rodovi\u00e1rios realizam manifesta\u00e7\u00e3o por direitos trabalhistas\" class=\"wp-image-517783\" srcset=\"https:\/\/uploads.acordacidade.com.br\/2025\/04\/knVysQiZ-Manifestacao-de-ex-rodoviarios-ft-paulo-jose-acorda-cidade05-300x158.webp 300w, http:\/\/noticiasbahia360.com.br\/wp-content\/uploads\/2025\/04\/knVysQiZ-Manifestacao-de-ex-rodoviarios-ft-paulo-jose-acorda-cidade05-1024x538-1.webp 1024w, https:\/\/uploads.acordacidade.com.br\/2025\/04\/knVysQiZ-Manifestacao-de-ex-rodoviarios-ft-paulo-jose-acorda-cidade05-768x403.webp 768w, https:\/\/uploads.acordacidade.com.br\/2025\/04\/knVysQiZ-Manifestacao-de-ex-rodoviarios-ft-paulo-jose-acorda-cidade05-150x79.webp 150w, https:\/\/uploads.acordacidade.com.br\/2025\/04\/knVysQiZ-Manifestacao-de-ex-rodoviarios-ft-paulo-jose-acorda-cidade05.webp 1200w\" sizes=\"(max-width: 1024px) 100vw, 1024px\"><figcaption class=\"wp-element-caption\">Foto: Paulo Jos\u00e9\/Acorda Cidade<\/figcaption><\/figure>\n<figure class=\"wp-block-image size-large\"><img loading=\"lazy\" decoding=\"async\" width=\"1024\" height=\"473\" src=\"http:\/\/noticiasbahia360.com.br\/wp-content\/uploads\/2025\/04\/zycfzXzx-Manifestacao-de-ex-rodoviarios-ft-paulo-jose-acorda-cidade04-1024x473-1.webp\" alt=\"Rodovi\u00e1rios realizam manifesta\u00e7\u00e3o por direitos trabalhistas\" class=\"wp-image-517784\" srcset=\"https:\/\/uploads.acordacidade.com.br\/2025\/04\/zycfzXzx-Manifestacao-de-ex-rodoviarios-ft-paulo-jose-acorda-cidade04-300x139.webp 300w, http:\/\/noticiasbahia360.com.br\/wp-content\/uploads\/2025\/04\/zycfzXzx-Manifestacao-de-ex-rodoviarios-ft-paulo-jose-acorda-cidade04-1024x473-1.webp 1024w, https:\/\/uploads.acordacidade.com.br\/2025\/04\/zycfzXzx-Manifestacao-de-ex-rodoviarios-ft-paulo-jose-acorda-cidade04-768x355.webp 768w, https:\/\/uploads.acordacidade.com.br\/2025\/04\/zycfzXzx-Manifestacao-de-ex-rodoviarios-ft-paulo-jose-acorda-cidade04-150x69.webp 150w, https:\/\/uploads.acordacidade.com.br\/2025\/04\/zycfzXzx-Manifestacao-de-ex-rodoviarios-ft-paulo-jose-acorda-cidade04.webp 1200w\" sizes=\"(max-width: 1024px) 100vw, 1024px\"><figcaption class=\"wp-element-caption\">Foto: Paulo Jos\u00e9\/Acorda Cidade<\/figcaption><\/figure>\n<figure class=\"wp-block-image size-large\"><img loading=\"lazy\" decoding=\"async\" width=\"1024\" height=\"473\" src=\"http:\/\/noticiasbahia360.com.br\/wp-content\/uploads\/2025\/04\/Yo5U7KxA-Manifestacao-de-ex-rodoviarios-ft-paulo-jose-acorda-cidade5-1024x473-1.webp\" alt=\"Rodovi\u00e1rios realizam manifesta\u00e7\u00e3o por direitos trabalhistas\" class=\"wp-image-517792\" srcset=\"https:\/\/uploads.acordacidade.com.br\/2025\/04\/Yo5U7KxA-Manifestacao-de-ex-rodoviarios-ft-paulo-jose-acorda-cidade5-300x139.webp 300w, http:\/\/noticiasbahia360.com.br\/wp-content\/uploads\/2025\/04\/Yo5U7KxA-Manifestacao-de-ex-rodoviarios-ft-paulo-jose-acorda-cidade5-1024x473-1.webp 1024w, https:\/\/uploads.acordacidade.com.br\/2025\/04\/Yo5U7KxA-Manifestacao-de-ex-rodoviarios-ft-paulo-jose-acorda-cidade5-768x355.webp 768w, https:\/\/uploads.acordacidade.com.br\/2025\/04\/Yo5U7KxA-Manifestacao-de-ex-rodoviarios-ft-paulo-jose-acorda-cidade5-150x69.webp 150w, https:\/\/uploads.acordacidade.com.br\/2025\/04\/Yo5U7KxA-Manifestacao-de-ex-rodoviarios-ft-paulo-jose-acorda-cidade5.webp 1200w\" sizes=\"(max-width: 1024px) 100vw, 1024px\"><figcaption class=\"wp-element-caption\">Foto: Paulo Jos\u00e9\/Acorda Cidade<\/figcaption><\/figure>\n<figure class=\"wp-block-image size-large\"><img loading=\"lazy\" decoding=\"async\" width=\"1024\" height=\"473\" src=\"http:\/\/noticiasbahia360.com.br\/wp-content\/uploads\/2025\/04\/w4Akz5fR-Manifestacao-de-ex-rodoviarios-ft-paulo-jose-acorda-cidade3-1024x473-1.webp\" alt=\"Rodovi\u00e1rios realizam manifesta\u00e7\u00e3o por direitos trabalhistas\" class=\"wp-image-517794\" srcset=\"https:\/\/uploads.acordacidade.com.br\/2025\/04\/w4Akz5fR-Manifestacao-de-ex-rodoviarios-ft-paulo-jose-acorda-cidade3-300x139.webp 300w, http:\/\/noticiasbahia360.com.br\/wp-content\/uploads\/2025\/04\/w4Akz5fR-Manifestacao-de-ex-rodoviarios-ft-paulo-jose-acorda-cidade3-1024x473-1.webp 1024w, https:\/\/uploads.acordacidade.com.br\/2025\/04\/w4Akz5fR-Manifestacao-de-ex-rodoviarios-ft-paulo-jose-acorda-cidade3-768x355.webp 768w, https:\/\/uploads.acordacidade.com.br\/2025\/04\/w4Akz5fR-Manifestacao-de-ex-rodoviarios-ft-paulo-jose-acorda-cidade3-150x69.webp 150w, https:\/\/uploads.acordacidade.com.br\/2025\/04\/w4Akz5fR-Manifestacao-de-ex-rodoviarios-ft-paulo-jose-acorda-cidade3.webp 1200w\" sizes=\"(max-width: 1024px) 100vw, 1024px\"><figcaption class=\"wp-element-caption\">Foto: Paulo Jos\u00e9\/Acorda Cidade<\/figcaption><\/figure>\n<p><em>Com informa\u00e7\u00f5es do rep\u00f3rter Paulo Jos\u00e9 do Acorda Cidade<\/em><\/p>\n<p><strong>Leia tamb\u00e9m: <a href=\"https:\/\/www.acordacidade.com.br\/feira-de-santana\/rodoviarios-que-trabalharam-nas-empresas-princesinha-e-18-de-setembro-cobram-direitos-trabalhistas-ha-quase-10-anos\/\">Rodovi\u00e1rios que trabalharam nas empresas Princesinha e 18 de Setembro cobram direitos trabalhistas h\u00e1 quase 10 anos<\/a><\/strong><\/p>\n<p><em>Siga o Acorda Cidade no<\/em><a href=\"https:\/\/news.google.com\/search?q=acorda%20cidade&amp;hl=pt-BR&amp;gl=BR&amp;ceid=BR%3Apt-419\"><strong><em>\u00a0Google Not\u00edcias<\/em><\/strong><\/a><em>\u00a0e receba os principais destaques do dia. Participe tamb\u00e9m dos nossos canais no\u00a0<\/em><a href=\"https:\/\/whatsapp.com\/channel\/0029Va6Rb4v3WHTNnsh8WI3N\"><strong><em>WhatsApp<\/em><\/strong><\/a><em>\u00a0e\u00a0<\/em><a href=\"https:\/\/www.youtube.com\/@acordacidadenoticias\/videos\"><strong>Youtube<\/strong><\/a><em>\u00a0e grupo de\u00a0<\/em><a href=\"https:\/\/t.me\/+sSz0khrgARA0ZmRh\"><strong><em>Telegram<\/em><\/strong><\/a><em>.<\/em><\/p>\n<\/div>\n","protected":false},"excerpt":{"rendered":"<div>\n<div>\n<figure><img decoding=\"async\" src=\"https:\/\/uploads.acordacidade.com.br\/2025\/04\/ZKBPMxFY-Manifestacao-de-ex-rodoviarios-ft-paulo-jose-acorda-cidade.webp\" alt=\"\"><figcaption>Foto: Paulo Jos\u00e9\/Acorda Cidade<\/figcaption><\/figure>\n<\/div>\n<p>Segundo os rodovi\u00e1rios, s\u00e3o 1.200 trabalhadores que aguardam solu\u00e7\u00e3o para os processos que est\u00e3o pendentes na justi\u00e7a h\u00e1 exatamente 10 anos.<\/p><\/div>\n","protected":false},"author":1,"featured_media":80740,"comment_status":"closed","ping_status":"closed","sticky":false,"template":"","format":"gallery","meta":{"footnotes":""},"categories":[8,9,6,57,56,10],"tags":[],"class_list":["post-80739","post","type-post","status-publish","format-gallery","has-post-thumbnail","hentry","category-bahia","category-brasil","category-feira-de-santana","category-mundo","category-policia","category-politica","post_format-post-format-gallery"],"featured_image_urls":{"full":["https:\/\/noticiasbahia360.com.br\/wp-content\/uploads\/2025\/04\/ZKBPMxFY-Manifestacao-de-ex-rodoviarios-ft-paulo-jose-acorda-cidade.webp",1200,651,false],"thumbnail":["https:\/\/noticiasbahia360.com.br\/wp-content\/uploads\/2025\/04\/ZKBPMxFY-Manifestacao-de-ex-rodoviarios-ft-paulo-jose-acorda-cidade-150x150.webp",150,150,true],"medium":["https:\/\/noticiasbahia360.com.br\/wp-content\/uploads\/2025\/04\/ZKBPMxFY-Manifestacao-de-ex-rodoviarios-ft-paulo-jose-acorda-cidade-300x163.webp",300,163,true],"medium_large":["https:\/\/noticiasbahia360.com.br\/wp-content\/uploads\/2025\/04\/ZKBPMxFY-Manifestacao-de-ex-rodoviarios-ft-paulo-jose-acorda-cidade-768x417.webp",640,348,true],"large":["https:\/\/noticiasbahia360.com.br\/wp-content\/uploads\/2025\/04\/ZKBPMxFY-Manifestacao-de-ex-rodoviarios-ft-paulo-jose-acorda-cidade-1024x556.webp",640,348,true],"1536x1536":["https:\/\/noticiasbahia360.com.br\/wp-content\/uploads\/2025\/04\/ZKBPMxFY-Manifestacao-de-ex-rodoviarios-ft-paulo-jose-acorda-cidade.webp",1200,651,false],"2048x2048":["https:\/\/noticiasbahia360.com.br\/wp-content\/uploads\/2025\/04\/ZKBPMxFY-Manifestacao-de-ex-rodoviarios-ft-paulo-jose-acorda-cidade.webp",1200,651,false],"chromenews-featured":["https:\/\/noticiasbahia360.com.br\/wp-content\/uploads\/2025\/04\/ZKBPMxFY-Manifestacao-de-ex-rodoviarios-ft-paulo-jose-acorda-cidade-1024x556.webp",1024,556,true],"chromenews-large":["https:\/\/noticiasbahia360.com.br\/wp-content\/uploads\/2025\/04\/ZKBPMxFY-Manifestacao-de-ex-rodoviarios-ft-paulo-jose-acorda-cidade-825x575.webp",825,575,true],"chromenews-medium":["https:\/\/noticiasbahia360.com.br\/wp-content\/uploads\/2025\/04\/ZKBPMxFY-Manifestacao-de-ex-rodoviarios-ft-paulo-jose-acorda-cidade-590x410.webp",590,410,true]},"author_info":{"display_name":"noticiasbahia360.com.br","author_link":"https:\/\/noticiasbahia360.com.br\/?author=1"},"category_info":"<a href=\"https:\/\/noticiasbahia360.com.br\/?cat=8\" rel=\"category\">Bahia<\/a> <a href=\"https:\/\/noticiasbahia360.com.br\/?cat=9\" rel=\"category\">Brasil<\/a> <a href=\"https:\/\/noticiasbahia360.com.br\/?cat=6\" rel=\"category\">Feira de Santana<\/a> <a href=\"https:\/\/noticiasbahia360.com.br\/?cat=57\" rel=\"category\">Mundo<\/a> <a href=\"https:\/\/noticiasbahia360.com.br\/?cat=56\" rel=\"category\">Pol\u00edcia<\/a> <a href=\"https:\/\/noticiasbahia360.com.br\/?cat=10\" rel=\"category\">Pol\u00edtica<\/a>","tag_info":"Pol\u00edtica","comment_count":"0","_links":{"self":[{"href":"https:\/\/noticiasbahia360.com.br\/index.php?rest_route=\/wp\/v2\/posts\/80739","targetHints":{"allow":["GET"]}}],"collection":[{"href":"https:\/\/noticiasbahia360.com.br\/index.php?rest_route=\/wp\/v2\/posts"}],"about":[{"href":"https:\/\/noticiasbahia360.com.br\/index.php?rest_route=\/wp\/v2\/types\/post"}],"author":[{"embeddable":true,"href":"https:\/\/noticiasbahia360.com.br\/index.php?rest_route=\/wp\/v2\/users\/1"}],"replies":[{"embeddable":true,"href":"https:\/\/noticiasbahia360.com.br\/index.php?rest_route=%2Fwp%2Fv2%2Fcomments&post=80739"}],"version-history":[{"count":0,"href":"https:\/\/noticiasbahia360.com.br\/index.php?rest_route=\/wp\/v2\/posts\/80739\/revisions"}],"wp:featuredmedia":[{"embeddable":true,"href":"https:\/\/noticiasbahia360.com.br\/index.php?rest_route=\/wp\/v2\/media\/80740"}],"wp:attachment":[{"href":"https:\/\/noticiasbahia360.com.br\/index.php?rest_route=%2Fwp%2Fv2%2Fmedia&parent=80739"}],"wp:term":[{"taxonomy":"category","embeddable":true,"href":"https:\/\/noticiasbahia360.com.br\/index.php?rest_route=%2Fwp%2Fv2%2Fcategories&post=80739"},{"taxonomy":"post_tag","embeddable":true,"href":"https:\/\/noticiasbahia360.com.br\/index.php?rest_route=%2Fwp%2Fv2%2Ftags&post=80739"}],"curies":[{"name":"wp","href":"https:\/\/api.w.org\/{rel}","templated":true}]}}