{"id":80758,"date":"2025-04-01T19:52:40","date_gmt":"2025-04-01T22:52:40","guid":{"rendered":"https:\/\/noticiasbahia360.com.br\/?p=80758"},"modified":"2025-04-01T19:52:40","modified_gmt":"2025-04-01T22:52:40","slug":"depois-de-regularizada-energia-eletrica-abastecimento-comeca-a-ser-retomado-na-regiao-de-feira-de-santana","status":"publish","type":"post","link":"https:\/\/noticiasbahia360.com.br\/?p=80758","title":{"rendered":"Depois de regularizada energia el\u00e9trica, abastecimento come\u00e7a a ser retomado na regi\u00e3o de Feira de Santana"},"content":{"rendered":"<div>\n<div>\n<figure><img decoding=\"async\" src=\"http:\/\/noticiasbahia360.com.br\/wp-content\/uploads\/2025\/04\/torneira-falta-de-agua-foto-freepik-.jpg\" alt=\"Faltar \u00e1gua abastecimento\"><figcaption>Foto: Freepik<\/figcaption><\/figure>\n<\/div>\n<p>Depois de regularizado o fornecimento da energia el\u00e9trica na qualidade adequada para o funcionamento da esta\u00e7\u00e3o de tratamento, a Embasa informa que voltou a operar o sistema de abastecimento na regi\u00e3o de Feira de Santana por volta das 18 h. <\/p>\n<p>O fornecimento de \u00e1gua, que tinha sido <a href=\"https:\/\/www.acordacidade.com.br\/bahia\/falta-de-energia-eletrica-interrompe-abastecimento-de-agua-em-feira-de-santana-e-regiao\/\">suspenso na manh\u00e3 desta ter\u00e7a-feira (1\u00ba)<\/a>, come\u00e7ou a ser retomado gradativamente nos munic\u00edpios de Feira de Santana, Concei\u00e7\u00e3o da Feira, S\u00e3o Gon\u00e7alo dos Campos, Santa B\u00e1rbara, Tanquinho e Santan\u00f3polis.<\/p>\n<p>Diferente da energia el\u00e9trica, o abastecimento de \u00e1gua ocorre aos poucos, porque \u00e9 necess\u00e1rio encher novamente os reservat\u00f3rios e tubula\u00e7\u00f5es, para que a rede ganhe press\u00e3o e a \u00e1gua consiga alcan\u00e7ar os im\u00f3veis atendidos pelo sistema. Por isto, a Embasa recomenda que a \u00e1gua ainda existente nos reservat\u00f3rios domiciliares seja usada de maneira econ\u00f4mica at\u00e9 a completa normaliza\u00e7\u00e3o do abastecimento.<\/p>\n<p><em>Siga o Acorda Cidade no<\/em><a href=\"https:\/\/news.google.com\/search?q=acorda%20cidade&amp;hl=pt-BR&amp;gl=BR&amp;ceid=BR%3Apt-419\"><strong><em>\u00a0Google Not\u00edcias<\/em><\/strong><\/a><em>\u00a0e receba os principais destaques do dia. Participe tamb\u00e9m dos nossos canais no\u00a0<\/em><a href=\"https:\/\/whatsapp.com\/channel\/0029Va6Rb4v3WHTNnsh8WI3N\"><strong><em>WhatsApp<\/em><\/strong><\/a><em>\u00a0e\u00a0<\/em><a href=\"https:\/\/www.youtube.com\/@acordacidadenoticias\/videos\"><strong>Youtube<\/strong><\/a><em>\u00a0e grupo de\u00a0<\/em><a href=\"https:\/\/t.me\/+sSz0khrgARA0ZmRh\"><strong><em>Telegram<\/em><\/strong><\/a><em>.<\/em><\/p>\n<\/div>\n","protected":false},"excerpt":{"rendered":"<div>\n<div>\n<figure><img decoding=\"async\" src=\"https:\/\/uploads.acordacidade.com.br\/2025\/03\/torneira-falta-de-agua-foto-freepik-.jpg\" alt=\"Faltar \u00e1gua abastecimento\"><figcaption>Foto: Freepik<\/figcaption><\/figure>\n<\/div>\n<p>O fornecimento de \u00e1gua, que tinha sido suspenso na manh\u00e3 desta ter\u00e7a-feira (1\u00ba), come\u00e7ou a ser retomado gradativamente<\/p><\/div>\n","protected":false},"author":1,"featured_media":80759,"comment_status":"closed","ping_status":"closed","sticky":false,"template":"","format":"gallery","meta":{"footnotes":""},"categories":[8,9,6,57,56,10],"tags":[],"class_list":["post-80758","post","type-post","status-publish","format-gallery","has-post-thumbnail","hentry","category-bahia","category-brasil","category-feira-de-santana","category-mundo","category-policia","category-politica","post_format-post-format-gallery"],"featured_image_urls":{"full":["https:\/\/noticiasbahia360.com.br\/wp-content\/uploads\/2025\/04\/torneira-falta-de-agua-foto-freepik-.jpg",640,427,false],"thumbnail":["https:\/\/noticiasbahia360.com.br\/wp-content\/uploads\/2025\/04\/torneira-falta-de-agua-foto-freepik--150x150.jpg",150,150,true],"medium":["https:\/\/noticiasbahia360.com.br\/wp-content\/uploads\/2025\/04\/torneira-falta-de-agua-foto-freepik--300x200.jpg",300,200,true],"medium_large":["https:\/\/noticiasbahia360.com.br\/wp-content\/uploads\/2025\/04\/torneira-falta-de-agua-foto-freepik-.jpg",640,427,false],"large":["https:\/\/noticiasbahia360.com.br\/wp-content\/uploads\/2025\/04\/torneira-falta-de-agua-foto-freepik-.jpg",640,427,false],"1536x1536":["https:\/\/noticiasbahia360.com.br\/wp-content\/uploads\/2025\/04\/torneira-falta-de-agua-foto-freepik-.jpg",640,427,false],"2048x2048":["https:\/\/noticiasbahia360.com.br\/wp-content\/uploads\/2025\/04\/torneira-falta-de-agua-foto-freepik-.jpg",640,427,false],"chromenews-featured":["https:\/\/noticiasbahia360.com.br\/wp-content\/uploads\/2025\/04\/torneira-falta-de-agua-foto-freepik-.jpg",640,427,false],"chromenews-large":["https:\/\/noticiasbahia360.com.br\/wp-content\/uploads\/2025\/04\/torneira-falta-de-agua-foto-freepik-.jpg",640,427,false],"chromenews-medium":["https:\/\/noticiasbahia360.com.br\/wp-content\/uploads\/2025\/04\/torneira-falta-de-agua-foto-freepik--590x410.jpg",590,410,true]},"author_info":{"display_name":"noticiasbahia360.com.br","author_link":"https:\/\/noticiasbahia360.com.br\/?author=1"},"category_info":"<a href=\"https:\/\/noticiasbahia360.com.br\/?cat=8\" rel=\"category\">Bahia<\/a> <a href=\"https:\/\/noticiasbahia360.com.br\/?cat=9\" rel=\"category\">Brasil<\/a> <a href=\"https:\/\/noticiasbahia360.com.br\/?cat=6\" rel=\"category\">Feira de Santana<\/a> <a href=\"https:\/\/noticiasbahia360.com.br\/?cat=57\" rel=\"category\">Mundo<\/a> <a href=\"https:\/\/noticiasbahia360.com.br\/?cat=56\" rel=\"category\">Pol\u00edcia<\/a> <a href=\"https:\/\/noticiasbahia360.com.br\/?cat=10\" rel=\"category\">Pol\u00edtica<\/a>","tag_info":"Pol\u00edtica","comment_count":"0","_links":{"self":[{"href":"https:\/\/noticiasbahia360.com.br\/index.php?rest_route=\/wp\/v2\/posts\/80758","targetHints":{"allow":["GET"]}}],"collection":[{"href":"https:\/\/noticiasbahia360.com.br\/index.php?rest_route=\/wp\/v2\/posts"}],"about":[{"href":"https:\/\/noticiasbahia360.com.br\/index.php?rest_route=\/wp\/v2\/types\/post"}],"author":[{"embeddable":true,"href":"https:\/\/noticiasbahia360.com.br\/index.php?rest_route=\/wp\/v2\/users\/1"}],"replies":[{"embeddable":true,"href":"https:\/\/noticiasbahia360.com.br\/index.php?rest_route=%2Fwp%2Fv2%2Fcomments&post=80758"}],"version-history":[{"count":0,"href":"https:\/\/noticiasbahia360.com.br\/index.php?rest_route=\/wp\/v2\/posts\/80758\/revisions"}],"wp:featuredmedia":[{"embeddable":true,"href":"https:\/\/noticiasbahia360.com.br\/index.php?rest_route=\/wp\/v2\/media\/80759"}],"wp:attachment":[{"href":"https:\/\/noticiasbahia360.com.br\/index.php?rest_route=%2Fwp%2Fv2%2Fmedia&parent=80758"}],"wp:term":[{"taxonomy":"category","embeddable":true,"href":"https:\/\/noticiasbahia360.com.br\/index.php?rest_route=%2Fwp%2Fv2%2Fcategories&post=80758"},{"taxonomy":"post_tag","embeddable":true,"href":"https:\/\/noticiasbahia360.com.br\/index.php?rest_route=%2Fwp%2Fv2%2Ftags&post=80758"}],"curies":[{"name":"wp","href":"https:\/\/api.w.org\/{rel}","templated":true}]}}