{"id":80760,"date":"2025-04-01T21:20:45","date_gmt":"2025-04-02T00:20:45","guid":{"rendered":"https:\/\/noticiasbahia360.com.br\/?p=80760"},"modified":"2025-04-01T21:20:45","modified_gmt":"2025-04-02T00:20:45","slug":"dois-homens-e-uma-mulher-sao-presos-pela-policia-civil-de-feira-de-santana-nesta-terca-1a","status":"publish","type":"post","link":"https:\/\/noticiasbahia360.com.br\/?p=80760","title":{"rendered":"Dois homens e uma mulher s\u00e3o presos pela Pol\u00edcia Civil de Feira de Santana nesta ter\u00e7a (1\u00aa)"},"content":{"rendered":"<div>\n<div>\n<figure><img decoding=\"async\" src=\"http:\/\/noticiasbahia360.com.br\/wp-content\/uploads\/2025\/04\/complexo-de-delegacias-de-Feira-de-Santana-no-Sobradinho-Foto-Ed-Santos-Acorda-Cidade-10.jpg\" alt=\"complexo de delegacias Sobradinho\"><figcaption>Foto: Ed Santos\/Acorda Cidade<\/figcaption><\/figure>\n<\/div>\n<p>Equipes da Delegacia de Homic\u00eddios de Feira de Santana cumpriram mandados de pris\u00e3o, nesta ter\u00e7a-feira (1\u00ba), contra dois homens e uma mulher. O primeiro suspeito, um homem de 20 anos, \u00e9 um dos envolvidos no duplo homic\u00eddio ocorrido no dia 11 de junho de 2024.<\/p>\n<p><a href=\"https:\/\/www.acordacidade.com.br\/policia\/homem-de-57-anos-e-assassinado-dentro-do-proprio-bar-em-feira-de-santana\/\">Claudemiro Lima da Silva foi morto a tiros no seu bar<\/a>, localizado na Estrada da \u00c1gua Grande, no bairro Pedra Ferrada, em Feira de Santana. <\/p>\n<figure class=\"wp-block-image size-full is-resized\"><img fetchpriority=\"high\" fetchpriority=\"high\" decoding=\"async\" width=\"640\" height=\"360\" src=\"http:\/\/noticiasbahia360.com.br\/wp-content\/uploads\/2025\/04\/ZXeH9yoL-Dois-homens-e-uma-mulher-sao-presos-pela-Policia-Civil-de-Feira-de-Santana.webp\" alt=\"Dois homens e uma mulher s\u00e3o presos pela Pol\u00edcia Civil de Feira de Santana\" class=\"wp-image-517828\" style=\"width:840px;height:auto\" srcset=\"https:\/\/uploads.acordacidade.com.br\/2025\/04\/ZXeH9yoL-Dois-homens-e-uma-mulher-sao-presos-pela-Policia-Civil-de-Feira-de-Santana-300x169.webp 300w, https:\/\/uploads.acordacidade.com.br\/2025\/04\/ZXeH9yoL-Dois-homens-e-uma-mulher-sao-presos-pela-Policia-Civil-de-Feira-de-Santana-150x84.webp 150w, http:\/\/noticiasbahia360.com.br\/wp-content\/uploads\/2025\/04\/ZXeH9yoL-Dois-homens-e-uma-mulher-sao-presos-pela-Policia-Civil-de-Feira-de-Santana.webp 640w\" sizes=\"(max-width: 640px) 100vw, 640px\"><figcaption class=\"wp-element-caption\">Bar onde Claudemiro Lima da Silva foi assassinado<\/figcaption><\/figure>\n<p>J\u00e1 a segunda v\u00edtima, <a href=\"https:\/\/www.acordacidade.com.br\/policia\/homem-e-assassinado-na-varanda-de-casa-vitima-e-primo-do-dono-de-bar-morto-na-estrada-da-pedra-ferrada\/\">Marlon dos Santos da Silva estava em casa na Fazenda Caldeir\u00e3o, na Estrada de S\u00e3o Jos\u00e9, quando foi atingido por disparos de arma de fogo.<\/a> <\/p>\n<figure class=\"wp-block-image size-full is-resized\"><img decoding=\"async\" width=\"1200\" height=\"675\" src=\"http:\/\/noticiasbahia360.com.br\/wp-content\/uploads\/2025\/04\/oujBXT3A-vitimas-.webp\" alt=\"v\u00edtimas\" class=\"wp-image-517831\" style=\"width:840px;height:auto\" srcset=\"https:\/\/uploads.acordacidade.com.br\/2025\/04\/oujBXT3A-vitimas--300x169.webp 300w, https:\/\/uploads.acordacidade.com.br\/2025\/04\/oujBXT3A-vitimas--1024x576.webp 1024w, https:\/\/uploads.acordacidade.com.br\/2025\/04\/oujBXT3A-vitimas--768x432.webp 768w, https:\/\/uploads.acordacidade.com.br\/2025\/04\/oujBXT3A-vitimas--150x84.webp 150w, http:\/\/noticiasbahia360.com.br\/wp-content\/uploads\/2025\/04\/oujBXT3A-vitimas-.webp 1200w\" sizes=\"(max-width: 1200px) 100vw, 1200px\"><figcaption class=\"wp-element-caption\">Marlon dos Santos da Silva e Claudemiro Lima da Silva, v\u00edtimas do duplo homic\u00eddio<\/figcaption><\/figure>\n<p>Na ocasi\u00e3o, o suspeito praticou os crimes juntamente com Rai Victor dos Santos Coutinho Costa, de 28 anos, morto em um confronto com a Pol\u00edcia Militar, no dia 18 de outubro de 2024, na cidade de \u00c1gua Fria.<\/p>\n<figure class=\"wp-block-image size-full is-resized\"><img decoding=\"async\" width=\"640\" height=\"360\" src=\"http:\/\/noticiasbahia360.com.br\/wp-content\/uploads\/2025\/04\/jNsQeyLi-Local-onde-Marlon-dos-Santos-da-Silva-foi-assassinado.webp\" alt=\"Dois homens e uma mulher s\u00e3o presos pela Pol\u00edcia Civil de Feira de Santana\" class=\"wp-image-517830\" style=\"width:840px;height:auto\" srcset=\"https:\/\/uploads.acordacidade.com.br\/2025\/04\/jNsQeyLi-Local-onde-Marlon-dos-Santos-da-Silva-foi-assassinado-300x169.webp 300w, https:\/\/uploads.acordacidade.com.br\/2025\/04\/jNsQeyLi-Local-onde-Marlon-dos-Santos-da-Silva-foi-assassinado-150x84.webp 150w, http:\/\/noticiasbahia360.com.br\/wp-content\/uploads\/2025\/04\/jNsQeyLi-Local-onde-Marlon-dos-Santos-da-Silva-foi-assassinado.webp 640w\" sizes=\"(max-width: 640px) 100vw, 640px\"><figcaption class=\"wp-element-caption\">Local onde Marlon dos Santos da Silva foi assassinado<\/figcaption><\/figure>\n<p>J\u00e1 a segunda pris\u00e3o foi contra um homem de 29 anos condenado a 20 anos de reclus\u00e3o, em regime fechado, pelo crime de homic\u00eddio qualificado. Ele matou Marcelo Roberto Pinto Manaia, no bairro Feira X, no dia 23 de dezembro de 2014.<\/p>\n<p>Por fim, a DH\/Feira de Santana tamb\u00e9m cumpriu um mandado de pris\u00e3o de regress\u00e3o cautelar contra uma mulher 34 anos condenada por tr\u00e1fico de drogas, na tarde de segunda-feira (31). Eles foram submetidos aos exames de praxe e est\u00e3o \u00e0 disposi\u00e7\u00e3o do Poder Judici\u00e1rio.<\/p>\n<p><em>Siga o Acorda Cidade no<\/em><a href=\"https:\/\/news.google.com\/search?q=acorda%20cidade&amp;hl=pt-BR&amp;gl=BR&amp;ceid=BR%3Apt-419\"><strong><em>\u00a0Google Not\u00edcias<\/em><\/strong><\/a><em>\u00a0e receba os principais destaques do dia. Participe tamb\u00e9m dos nossos canais no\u00a0<\/em><a href=\"https:\/\/whatsapp.com\/channel\/0029Va6Rb4v3WHTNnsh8WI3N\"><strong><em>WhatsApp<\/em><\/strong><\/a><em>\u00a0e\u00a0<\/em><a href=\"https:\/\/www.youtube.com\/@acordacidadenoticias\/videos\"><strong>Youtube<\/strong><\/a><em>\u00a0e grupo de\u00a0<\/em><a href=\"https:\/\/t.me\/+sSz0khrgARA0ZmRh\"><strong><em>Telegram<\/em><\/strong><\/a><em>.<\/em><\/p>\n<\/div>\n","protected":false},"excerpt":{"rendered":"<div>\n<div>\n<figure><img decoding=\"async\" src=\"https:\/\/uploads.acordacidade.com.br\/2024\/12\/complexo-de-delegacias-de-Feira-de-Santana-no-Sobradinho-Foto-Ed-Santos-Acorda-Cidade-10.jpg\" alt=\"complexo de delegacias Sobradinho\"><figcaption>Foto: Ed Santos\/Acorda Cidade<\/figcaption><\/figure>\n<\/div>\n<p>Entre eles est\u00e1 um homem condenado por homic\u00eddio e uma mulher por tr\u00e1fico de drogas<\/p><\/div>\n","protected":false},"author":1,"featured_media":80761,"comment_status":"closed","ping_status":"closed","sticky":false,"template":"","format":"gallery","meta":{"footnotes":""},"categories":[8,9,6,57,56,10],"tags":[],"class_list":["post-80760","post","type-post","status-publish","format-gallery","has-post-thumbnail","hentry","category-bahia","category-brasil","category-feira-de-santana","category-mundo","category-policia","category-politica","post_format-post-format-gallery"],"featured_image_urls":{"full":["https:\/\/noticiasbahia360.com.br\/wp-content\/uploads\/2025\/04\/complexo-de-delegacias-de-Feira-de-Santana-no-Sobradinho-Foto-Ed-Santos-Acorda-Cidade-10.jpg",640,360,false],"thumbnail":["https:\/\/noticiasbahia360.com.br\/wp-content\/uploads\/2025\/04\/complexo-de-delegacias-de-Feira-de-Santana-no-Sobradinho-Foto-Ed-Santos-Acorda-Cidade-10-150x150.jpg",150,150,true],"medium":["https:\/\/noticiasbahia360.com.br\/wp-content\/uploads\/2025\/04\/complexo-de-delegacias-de-Feira-de-Santana-no-Sobradinho-Foto-Ed-Santos-Acorda-Cidade-10-300x169.jpg",300,169,true],"medium_large":["https:\/\/noticiasbahia360.com.br\/wp-content\/uploads\/2025\/04\/complexo-de-delegacias-de-Feira-de-Santana-no-Sobradinho-Foto-Ed-Santos-Acorda-Cidade-10.jpg",640,360,false],"large":["https:\/\/noticiasbahia360.com.br\/wp-content\/uploads\/2025\/04\/complexo-de-delegacias-de-Feira-de-Santana-no-Sobradinho-Foto-Ed-Santos-Acorda-Cidade-10.jpg",640,360,false],"1536x1536":["https:\/\/noticiasbahia360.com.br\/wp-content\/uploads\/2025\/04\/complexo-de-delegacias-de-Feira-de-Santana-no-Sobradinho-Foto-Ed-Santos-Acorda-Cidade-10.jpg",640,360,false],"2048x2048":["https:\/\/noticiasbahia360.com.br\/wp-content\/uploads\/2025\/04\/complexo-de-delegacias-de-Feira-de-Santana-no-Sobradinho-Foto-Ed-Santos-Acorda-Cidade-10.jpg",640,360,false],"chromenews-featured":["https:\/\/noticiasbahia360.com.br\/wp-content\/uploads\/2025\/04\/complexo-de-delegacias-de-Feira-de-Santana-no-Sobradinho-Foto-Ed-Santos-Acorda-Cidade-10.jpg",640,360,false],"chromenews-large":["https:\/\/noticiasbahia360.com.br\/wp-content\/uploads\/2025\/04\/complexo-de-delegacias-de-Feira-de-Santana-no-Sobradinho-Foto-Ed-Santos-Acorda-Cidade-10.jpg",640,360,false],"chromenews-medium":["https:\/\/noticiasbahia360.com.br\/wp-content\/uploads\/2025\/04\/complexo-de-delegacias-de-Feira-de-Santana-no-Sobradinho-Foto-Ed-Santos-Acorda-Cidade-10-590x360.jpg",590,360,true]},"author_info":{"display_name":"noticiasbahia360.com.br","author_link":"https:\/\/noticiasbahia360.com.br\/?author=1"},"category_info":"<a href=\"https:\/\/noticiasbahia360.com.br\/?cat=8\" rel=\"category\">Bahia<\/a> <a href=\"https:\/\/noticiasbahia360.com.br\/?cat=9\" rel=\"category\">Brasil<\/a> <a href=\"https:\/\/noticiasbahia360.com.br\/?cat=6\" rel=\"category\">Feira de Santana<\/a> <a href=\"https:\/\/noticiasbahia360.com.br\/?cat=57\" rel=\"category\">Mundo<\/a> <a href=\"https:\/\/noticiasbahia360.com.br\/?cat=56\" rel=\"category\">Pol\u00edcia<\/a> <a href=\"https:\/\/noticiasbahia360.com.br\/?cat=10\" rel=\"category\">Pol\u00edtica<\/a>","tag_info":"Pol\u00edtica","comment_count":"0","_links":{"self":[{"href":"https:\/\/noticiasbahia360.com.br\/index.php?rest_route=\/wp\/v2\/posts\/80760","targetHints":{"allow":["GET"]}}],"collection":[{"href":"https:\/\/noticiasbahia360.com.br\/index.php?rest_route=\/wp\/v2\/posts"}],"about":[{"href":"https:\/\/noticiasbahia360.com.br\/index.php?rest_route=\/wp\/v2\/types\/post"}],"author":[{"embeddable":true,"href":"https:\/\/noticiasbahia360.com.br\/index.php?rest_route=\/wp\/v2\/users\/1"}],"replies":[{"embeddable":true,"href":"https:\/\/noticiasbahia360.com.br\/index.php?rest_route=%2Fwp%2Fv2%2Fcomments&post=80760"}],"version-history":[{"count":0,"href":"https:\/\/noticiasbahia360.com.br\/index.php?rest_route=\/wp\/v2\/posts\/80760\/revisions"}],"wp:featuredmedia":[{"embeddable":true,"href":"https:\/\/noticiasbahia360.com.br\/index.php?rest_route=\/wp\/v2\/media\/80761"}],"wp:attachment":[{"href":"https:\/\/noticiasbahia360.com.br\/index.php?rest_route=%2Fwp%2Fv2%2Fmedia&parent=80760"}],"wp:term":[{"taxonomy":"category","embeddable":true,"href":"https:\/\/noticiasbahia360.com.br\/index.php?rest_route=%2Fwp%2Fv2%2Fcategories&post=80760"},{"taxonomy":"post_tag","embeddable":true,"href":"https:\/\/noticiasbahia360.com.br\/index.php?rest_route=%2Fwp%2Fv2%2Ftags&post=80760"}],"curies":[{"name":"wp","href":"https:\/\/api.w.org\/{rel}","templated":true}]}}