{"id":80765,"date":"2025-04-01T22:19:34","date_gmt":"2025-04-02T01:19:34","guid":{"rendered":"https:\/\/noticiasbahia360.com.br\/?p=80765"},"modified":"2025-04-01T22:19:34","modified_gmt":"2025-04-02T01:19:34","slug":"operacao-kariri-justica-condena-seis-pessoas-de-organizacao-criminosa-que-cultivava-maconha-em-feira-de-santana","status":"publish","type":"post","link":"https:\/\/noticiasbahia360.com.br\/?p=80765","title":{"rendered":"Opera\u00e7\u00e3o Kariri: Justi\u00e7a condena seis pessoas de organiza\u00e7\u00e3o criminosa que cultivava maconha em Feira de Santana"},"content":{"rendered":"<div>\n<div>\n<figure><img decoding=\"async\" src=\"http:\/\/noticiasbahia360.com.br\/wp-content\/uploads\/2025\/04\/Justica-condena-seis-pessoas-de-organizacao-criminosa-.jpg\" alt=\"\"><figcaption>Foto: Pol\u00edcia Federal<br \/>\n<\/figcaption><\/figure>\n<\/div>\n<p>Seis pessoas denunciadas pelo Minist\u00e9rio P\u00fablico do Estado da Bahia (MPBA) na \u2018Opera\u00e7\u00e3o Kariri\u2019 foram condenadas pela Justi\u00e7a nesta ter\u00e7a-feira (1\u00ba), por crimes de organiza\u00e7\u00e3o criminosa para o tr\u00e1fico de drogas e lavagem de dinheiro. <strong>Os condenados integravam grupo familiar criminoso que atuava h\u00e1 d\u00e9cadas em Feira de Santana e regi\u00e3o<\/strong>, abastecendo o mercado de droga il\u00edcitas local e lavando os lucros do crime com compra de im\u00f3veis, entre apartamentos de luxo e fazendas. Ainda cabe recurso e, por determina\u00e7\u00e3o da Justi\u00e7a, os condenados poder\u00e3o recorrer em liberdade.<\/p>\n<p>A senten\u00e7a foi proferida pela 3\u00aa Vara Criminal da Comarca de Feira de Santana, que tamb\u00e9m determinou o confisco definitivo de bens, entre 11 im\u00f3veis, 15 ve\u00edculos e mais de 500 cabe\u00e7as de gado, que ainda ser\u00e3o periciados, podendo chegar ao valor de R$ 50 milh\u00f5es.<\/p>\n<p>As penas foram estabelecidas de cinco a 16 anos de pris\u00e3o. A organiza\u00e7\u00e3o criminosa era liderada por Rener Umbuzeiro, j\u00e1 falecido. Sua esposa, Niedja Maria de Lima Souza Umbuzeiro e sua filha Larissa Gabriela Lima Umbuzeiro, que foram condenadas com a maior pena, sentenciadas a 16 anos e seis meses de pris\u00e3o. <\/p>\n<p>Elas foram apontadas nas investiga\u00e7\u00f5es como chefes do n\u00facleo financeiro e respons\u00e1veis pela gest\u00e3o e fluxo dos ativos il\u00edcitos, organizando a oculta\u00e7\u00e3o e dissimula\u00e7\u00e3o patrimonial, sendo que Larissa coordenava todo o processo de lavagem de dinheiro. Al\u00e9m delas, foram condenadas Cl\u00eania Maria Lima Bernardes (irm\u00e3 de Niedja), Paulo Victor Bezerra Lima (esposo de Larissa), Gabriela Raizila Lima de Souza (sobrinha de Niedja) e Rob\u00e9lia Rezende de Souza.<\/p>\n<h2 class=\"wp-block-heading\" id=\"h-modus-operandi-da-organizacao-criminosa\">Modus operandi da organiza\u00e7\u00e3o criminosa<\/h2>\n<p>Conforme a den\u00fancia do MPBA, o modus operandi da organiza\u00e7\u00e3o envolvia o uso de laranjas para registrar bens e movimentar dinheiro sem serem identificados. As investiga\u00e7\u00f5es provaram, a partir de diversos flagrantes de apreens\u00e3o de maconha e evid\u00eancias de plantio, que os denunciados estavam envolvidos com a lavagem de dinheiro proveniente das atividades de tr\u00e1fico. A senten\u00e7a detalha o envolvimento de cada um dos r\u00e9us nos crimes de lavagem de capitais, com base em informa\u00e7\u00f5es policiais, relat\u00f3rios de intelig\u00eancia financeira (COAF\/UIF), intercepta\u00e7\u00f5es telef\u00f4nicas e telem\u00e1ticas, documentos de transa\u00e7\u00f5es imobili\u00e1rias e banc\u00e1rias, e depoimentos testemunhais e dos acusados.<\/p>\n<p><strong>Leia tamb\u00e9m:<\/strong><\/p>\n<p><a href=\"https:\/\/www.acordacidade.com.br\/policia\/pf-deflagra-operacao-contra-organizacao-criminosa-que-cultivava-maconha-em-feira-de-santana\/\"><strong>PF deflagra opera\u00e7\u00e3o contra organiza\u00e7\u00e3o criminosa que cultivava maconha em Feira de Santana<\/strong><\/a><\/p>\n<p><a href=\"https:\/\/www.acordacidade.com.br\/policia\/lider-de-organizacao-criminosa-que-cultivava-maconha-em-feira-de-santana-morre-em-confronto-com-a-policia\/\"><strong>L\u00edder de organiza\u00e7\u00e3o criminosa que cultivava maconha em Feira de Santana morre em confronto com a pol\u00edcia<\/strong><\/a><\/p>\n<p><a href=\"https:\/\/www.acordacidade.com.br\/bahia\/justica-recebe-denuncia-do-mp-contra-envolvidos-em-lavagem-de-dinheiro-presos-na-operacao-kariri\/\"><strong>Justi\u00e7a recebe den\u00fancia do MP contra envolvidos em lavagem de dinheiro presos na Opera\u00e7\u00e3o Kariri<\/strong><\/a><\/p>\n<p><a href=\"https:\/\/www.acordacidade.com.br\/policia\/filha-medica-e-genro-esportista-presos-conheca-familia-que-comprou-imoveis-de-luxo-com-lucro-de-venda-de-maconha-na-bahia\/\"><strong>Filha m\u00e9dica e genro esportista presos: conhe\u00e7a fam\u00edlia que comprou im\u00f3veis de luxo com lucro de venda de maconha na Bahia<\/strong><\/a><\/p>\n<p><em>Siga o Acorda Cidade no<\/em><a href=\"https:\/\/news.google.com\/search?q=acorda%20cidade&amp;hl=pt-BR&amp;gl=BR&amp;ceid=BR%3Apt-419\"><strong><em>\u00a0Google Not\u00edcias<\/em><\/strong><\/a><em>\u00a0e receba os principais destaques do dia. Participe tamb\u00e9m dos nossos canais no\u00a0<\/em><a href=\"https:\/\/whatsapp.com\/channel\/0029Va6Rb4v3WHTNnsh8WI3N\"><strong><em>WhatsApp<\/em><\/strong><\/a><em>\u00a0e\u00a0<\/em><a href=\"https:\/\/www.youtube.com\/@acordacidadenoticias\/videos\"><strong>Youtube<\/strong><\/a><em>\u00a0e grupo de\u00a0<\/em><a href=\"https:\/\/t.me\/+sSz0khrgARA0ZmRh\"><strong><em>Telegram<\/em><\/strong><\/a><em>.<\/em><\/p>\n<\/div>\n","protected":false},"excerpt":{"rendered":"<div>\n<div>\n<figure><img decoding=\"async\" src=\"https:\/\/uploads.acordacidade.com.br\/2025\/04\/Justica-condena-seis-pessoas-de-organizacao-criminosa-.jpg\" alt=\"\"><figcaption>Foto: Pol\u00edcia Federal<br \/>\n<\/figcaption><\/figure>\n<\/div>\n<p>Foram confiscados bens avaliados em milh\u00f5es de reais de grupo familiar que lavava dinheiro do crime com compra de apartamentos de luxo e fazendas<\/p><\/div>\n","protected":false},"author":1,"featured_media":80766,"comment_status":"closed","ping_status":"closed","sticky":false,"template":"","format":"gallery","meta":{"footnotes":""},"categories":[8,9,6,57,56,10],"tags":[],"class_list":["post-80765","post","type-post","status-publish","format-gallery","has-post-thumbnail","hentry","category-bahia","category-brasil","category-feira-de-santana","category-mundo","category-policia","category-politica","post_format-post-format-gallery"],"featured_image_urls":{"full":["https:\/\/noticiasbahia360.com.br\/wp-content\/uploads\/2025\/04\/Justica-condena-seis-pessoas-de-organizacao-criminosa-.jpg",1200,900,false],"thumbnail":["https:\/\/noticiasbahia360.com.br\/wp-content\/uploads\/2025\/04\/Justica-condena-seis-pessoas-de-organizacao-criminosa--150x150.jpg",150,150,true],"medium":["https:\/\/noticiasbahia360.com.br\/wp-content\/uploads\/2025\/04\/Justica-condena-seis-pessoas-de-organizacao-criminosa--300x225.jpg",300,225,true],"medium_large":["https:\/\/noticiasbahia360.com.br\/wp-content\/uploads\/2025\/04\/Justica-condena-seis-pessoas-de-organizacao-criminosa--768x576.jpg",640,480,true],"large":["https:\/\/noticiasbahia360.com.br\/wp-content\/uploads\/2025\/04\/Justica-condena-seis-pessoas-de-organizacao-criminosa--1024x768.jpg",640,480,true],"1536x1536":["https:\/\/noticiasbahia360.com.br\/wp-content\/uploads\/2025\/04\/Justica-condena-seis-pessoas-de-organizacao-criminosa-.jpg",1200,900,false],"2048x2048":["https:\/\/noticiasbahia360.com.br\/wp-content\/uploads\/2025\/04\/Justica-condena-seis-pessoas-de-organizacao-criminosa-.jpg",1200,900,false],"chromenews-featured":["https:\/\/noticiasbahia360.com.br\/wp-content\/uploads\/2025\/04\/Justica-condena-seis-pessoas-de-organizacao-criminosa--1024x768.jpg",1024,768,true],"chromenews-large":["https:\/\/noticiasbahia360.com.br\/wp-content\/uploads\/2025\/04\/Justica-condena-seis-pessoas-de-organizacao-criminosa--825x575.jpg",825,575,true],"chromenews-medium":["https:\/\/noticiasbahia360.com.br\/wp-content\/uploads\/2025\/04\/Justica-condena-seis-pessoas-de-organizacao-criminosa--590x410.jpg",590,410,true]},"author_info":{"display_name":"noticiasbahia360.com.br","author_link":"https:\/\/noticiasbahia360.com.br\/?author=1"},"category_info":"<a href=\"https:\/\/noticiasbahia360.com.br\/?cat=8\" rel=\"category\">Bahia<\/a> <a href=\"https:\/\/noticiasbahia360.com.br\/?cat=9\" rel=\"category\">Brasil<\/a> <a href=\"https:\/\/noticiasbahia360.com.br\/?cat=6\" rel=\"category\">Feira de Santana<\/a> <a href=\"https:\/\/noticiasbahia360.com.br\/?cat=57\" rel=\"category\">Mundo<\/a> <a href=\"https:\/\/noticiasbahia360.com.br\/?cat=56\" rel=\"category\">Pol\u00edcia<\/a> <a href=\"https:\/\/noticiasbahia360.com.br\/?cat=10\" rel=\"category\">Pol\u00edtica<\/a>","tag_info":"Pol\u00edtica","comment_count":"0","_links":{"self":[{"href":"https:\/\/noticiasbahia360.com.br\/index.php?rest_route=\/wp\/v2\/posts\/80765","targetHints":{"allow":["GET"]}}],"collection":[{"href":"https:\/\/noticiasbahia360.com.br\/index.php?rest_route=\/wp\/v2\/posts"}],"about":[{"href":"https:\/\/noticiasbahia360.com.br\/index.php?rest_route=\/wp\/v2\/types\/post"}],"author":[{"embeddable":true,"href":"https:\/\/noticiasbahia360.com.br\/index.php?rest_route=\/wp\/v2\/users\/1"}],"replies":[{"embeddable":true,"href":"https:\/\/noticiasbahia360.com.br\/index.php?rest_route=%2Fwp%2Fv2%2Fcomments&post=80765"}],"version-history":[{"count":0,"href":"https:\/\/noticiasbahia360.com.br\/index.php?rest_route=\/wp\/v2\/posts\/80765\/revisions"}],"wp:featuredmedia":[{"embeddable":true,"href":"https:\/\/noticiasbahia360.com.br\/index.php?rest_route=\/wp\/v2\/media\/80766"}],"wp:attachment":[{"href":"https:\/\/noticiasbahia360.com.br\/index.php?rest_route=%2Fwp%2Fv2%2Fmedia&parent=80765"}],"wp:term":[{"taxonomy":"category","embeddable":true,"href":"https:\/\/noticiasbahia360.com.br\/index.php?rest_route=%2Fwp%2Fv2%2Fcategories&post=80765"},{"taxonomy":"post_tag","embeddable":true,"href":"https:\/\/noticiasbahia360.com.br\/index.php?rest_route=%2Fwp%2Fv2%2Ftags&post=80765"}],"curies":[{"name":"wp","href":"https:\/\/api.w.org\/{rel}","templated":true}]}}