{"id":80767,"date":"2025-04-02T07:06:42","date_gmt":"2025-04-02T10:06:42","guid":{"rendered":"https:\/\/noticiasbahia360.com.br\/?p=80767"},"modified":"2025-04-02T07:06:42","modified_gmt":"2025-04-02T10:06:42","slug":"confira-o-passo-a-passo-para-se-inscrever-no-programa-minha-casa-minha-vida","status":"publish","type":"post","link":"https:\/\/noticiasbahia360.com.br\/?p=80767","title":{"rendered":"Confira o passo a passo para se inscrever no programa Minha Casa, Minha Vida"},"content":{"rendered":"<div>\n<div>\n<figure><img decoding=\"async\" src=\"http:\/\/noticiasbahia360.com.br\/wp-content\/uploads\/2025\/04\/minha-casa-minha-vida-em-santa-maria-da-vitoria-bahia.jpg\" alt=\"\"><figcaption>Foto:  Ascom\/GOV-BA<\/figcaption><\/figure>\n<\/div>\n<p>O Minha Casa, Minha Vida \u00e9 um programa habitacional que oferece condi\u00e7\u00f5es facilitadas para a conquista da casa pr\u00f3pria, atendendo diversas faixas de renda e fam\u00edlias em situa\u00e7\u00e3o de vulnerabilidade. As inscri\u00e7\u00f5es para o programa em Feira de Santana ter\u00e3o in\u00edcio nesta quarta-feira, dia <strong>2 de abril<\/strong> e seguir\u00e3o at\u00e9 <strong>16 de maio<\/strong>.<\/p>\n<h2 class=\"wp-block-heading\" id=\"h-quem-pode-se-inscrever-no-programa\">Quem pode se inscrever no programa?<\/h2>\n<p>Para se inscrever, \u00e9 necess\u00e1rio atender aos seguintes requisitos:<\/p>\n<ul class=\"wp-block-list\">\n<li>Ser morador do munic\u00edpio de Feira de Santana.<\/li>\n<li>Possuir cadastro atualizado no <strong>Cad\u00danico<\/strong>.<\/li>\n<li>Ter renda mensal de at\u00e9 <strong>R$ 2.850,00<\/strong>.<\/li>\n<li>N\u00e3o possuir im\u00f3veis em seu nome.<\/li>\n<li>Ter idade m\u00ednima de <strong>18 anos<\/strong> (ou ser emancipado legalmente).<\/li>\n<li>Para o cadastro inicial, n\u00e3o ser\u00e1 necess\u00e1rio enviar documentos, apenas o n\u00famero do <strong>CPF<\/strong> e demais informa\u00e7\u00f5es.<\/li>\n<\/ul>\n<h2 class=\"wp-block-heading\" id=\"h-onde-se-inscrever\">Onde se inscrever?<\/h2>\n<p>As inscri\u00e7\u00f5es ser\u00e3o feitas <strong>online<\/strong>, atrav\u00e9s dos seguintes canais:<\/p>\n<ul class=\"wp-block-list\">\n<li><strong>Site da Prefeitura<\/strong>.<\/li>\n<li>Aplicativos <strong>Fala Feira 156<\/strong> e <strong>Feira Conectada<\/strong>.<\/li>\n<li>Quem precisar de ajuda pode procurar um dos <strong>17 CRAS (Centro de Refer\u00eancia de Assist\u00eancia Social)<\/strong> do munic\u00edpio ou a <strong>Secretaria de Habita\u00e7\u00e3o<\/strong>.<\/li>\n<\/ul>\n<p>A inscri\u00e7\u00e3o \u00e9 <strong>online<\/strong>, e somente aqueles que tiverem dificuldade, como idosos e pessoas sem facilidade com tecnologia, devem procurar o CRAS. A expectativa \u00e9 de <strong>60 mil inscri\u00e7\u00f5es<\/strong>, e o CRAS n\u00e3o tem capacidade para atender presencialmente a todos. Por isso, a prioridade de atendimento nos CRAS ser\u00e1 especialmente para <strong>idosos<\/strong>.<\/p>\n<h2 class=\"wp-block-heading\" id=\"h-criterios-de-prioridade-para-o-minha-casa-minha-vida\">Crit\u00e9rios de prioridade para o Minha Casa, Minha Vida<\/h2>\n<p>Conforme a <strong>Portaria n\u00ba 738 de julho de 2024<\/strong>, algumas fam\u00edlias ter\u00e3o prioridade no programa:<\/p>\n<ul class=\"wp-block-list\">\n<li>Mulheres respons\u00e1veis pela unidade familiar.<\/li>\n<li>Benefici\u00e1rios do <strong>Bolsa Fam\u00edlia<\/strong> e do <strong>BPC<\/strong> (Benef\u00edcio de Presta\u00e7\u00e3o Continuada).<\/li>\n<li>Candidatos negros ou com c\u00f4njuge negro.<\/li>\n<li>Pessoas com defici\u00eancia na fam\u00edlia.<\/li>\n<li>Idosos na fam\u00edlia.<\/li>\n<li>Fam\u00edlias com crian\u00e7as ou adolescentes.<\/li>\n<li>Pessoas com c\u00e2ncer ou doen\u00e7as raras cr\u00f4nicas e degenerativas.<\/li>\n<li>Mulheres v\u00edtimas de viol\u00eancia dom\u00e9stica.<\/li>\n<li>Pessoas em situa\u00e7\u00e3o de risco ou vulnerabilidade.<\/li>\n<li>Integrantes de povos tradicionais e quilombolas.<\/li>\n<li>Residentes em \u00e1reas de risco ou situa\u00e7\u00e3o de rua.<\/li>\n<\/ul>\n<h2 class=\"wp-block-heading\">Etapas do processo<\/h2>\n<ol start=\"1\" class=\"wp-block-list\">\n<li><strong>Cadastro Habitacional<\/strong>\n<ul class=\"wp-block-list\">\n<li>O candidato realiza sua inscri\u00e7\u00e3o online ou em um CRAS.<\/li>\n<\/ul>\n<\/li>\n<li><strong>Elegibilidade das Fam\u00edlias<\/strong>\n<ul class=\"wp-block-list\">\n<li>A Prefeitura verifica se os inscritos atendem \u00e0s regras da <strong>Lei Federal 14.620\/2023<\/strong>.<\/li>\n<\/ul>\n<\/li>\n<li><strong>Hierarquiza\u00e7\u00e3o das Fam\u00edlias<\/strong>\n<ul class=\"wp-block-list\">\n<li>As fam\u00edlias s\u00e3o classificadas conforme os crit\u00e9rios de prioridade.<\/li>\n<\/ul>\n<\/li>\n<li><strong>Enquadramento \u00e0s Regras do Programa<\/strong>\n<ul class=\"wp-block-list\">\n<li>A <strong>Caixa Econ\u00f4mica Federal<\/strong> realiza uma pesquisa para validar as informa\u00e7\u00f5es fornecidas.<\/li>\n<li>A Prefeitura pode realizar visitas domiciliares.<\/li>\n<\/ul>\n<\/li>\n<li><strong>Verifica\u00e7\u00e3o Documental<\/strong>\n<ul class=\"wp-block-list\">\n<li>Os selecionados devem apresentar a documenta\u00e7\u00e3o exigida pela <strong>Secretaria de Habita\u00e7\u00e3o<\/strong>.<\/li>\n<\/ul>\n<\/li>\n<li><strong>Assinatura do Contrato<\/strong>\n<ul class=\"wp-block-list\">\n<li>As fam\u00edlias assinam o contrato com o agente financeiro (<strong>Caixa Econ\u00f4mica Federal<\/strong> ou <strong>Banco do Brasil<\/strong>).<\/li>\n<\/ul>\n<\/li>\n<\/ol>\n<h3 class=\"wp-block-heading\">Unidades habitacionais<\/h3>\n<p>Est\u00e3o sendo constru\u00eddas <strong>1.964 unidades habitacionais<\/strong> em Feira de Santana, com previs\u00e3o de entrega em <strong>2026<\/strong>.<\/p>\n<h2 class=\"wp-block-heading\" id=\"h-documentos-necessarios\">Documentos Necess\u00e1rios<\/h2>\n<p>Para dar in\u00edcio \u00e0 inscri\u00e7\u00e3o, re\u00fana a documenta\u00e7\u00e3o relevante tanto de voc\u00ea quanto ao im\u00f3vel. Os documentos principais s\u00e3o:<\/p>\n<ul class=\"wp-block-list\">\n<li>RG e CPF<\/li>\n<li>Cadastro \u00danico (Cad\u00danico): a atualiza\u00e7\u00e3o ou cadastro das informa\u00e7\u00f5es \u00e9 realizada exclusivamente pela prefeitura ou pelo governo do DF. A atualiza\u00e7\u00e3o das informa\u00e7\u00f5es no Cadastro \u00danico \u00e9 condi\u00e7\u00e3o obrigat\u00f3ria para participa\u00e7\u00e3o no Minha Casa, Minha Vida.<\/li>\n<li>Comprovante de renda<\/li>\n<li>Comprovante de estado civil<\/li>\n<li>Comprovante de resid\u00eancia<\/li>\n<\/ul>\n<h2 class=\"wp-block-heading\" id=\"h-as-inscricoes-ja-comecaram\">As inscri\u00e7\u00f5es j\u00e1 come\u00e7aram?<\/h2>\n<p>O secret\u00e1rio municipal de Habita\u00e7\u00e3o de Feira de Santana, Valdivan Nascimento, informou a produ\u00e7\u00e3o do Acorda Cidade que as <a href=\"https:\/\/www.acordacidade.com.br\/feira-de-santana\/inscricoes-para-o-minha-casa-minha-vida-em-feira-de-santana-comecam-no-dia-2-abril\/\" target=\"_blank\" rel=\"noreferrer noopener\">inscri\u00e7\u00f5es para o Programa Minha Casa<\/a>, Minha Vida no munic\u00edpio v\u00e3o acontecer a partir do dia 2 de abril de forma exclusivamente online.<\/p>\n<p>O Minha Casa, Minha Vida 2025 \u00e9 uma oportunidade para quem deseja conquistar uma casa pr\u00f3pria de maneira acess\u00edvel e com condi\u00e7\u00f5es facilitadas. <\/p>\n<p><em>Siga o Acorda Cidade no<\/em><a href=\"https:\/\/news.google.com\/search?q=acorda%20cidade&amp;hl=pt-BR&amp;gl=BR&amp;ceid=BR%3Apt-419\"><strong><em>\u00a0Google Not\u00edcias<\/em><\/strong><\/a><em>\u00a0e receba os principais destaques do dia. Participe tamb\u00e9m dos nossos canais no\u00a0<\/em><a href=\"https:\/\/whatsapp.com\/channel\/0029Va6Rb4v3WHTNnsh8WI3N\"><strong><em>WhatsApp<\/em><\/strong><\/a><em>\u00a0e\u00a0<\/em><a href=\"https:\/\/www.youtube.com\/@acordacidadenoticias\/videos\"><strong>Youtube<\/strong><\/a><em>\u00a0e grupo de\u00a0<\/em><a href=\"https:\/\/t.me\/+sSz0khrgARA0ZmRh\"><strong><em>Telegram<\/em><\/strong><\/a><em>.<\/em><\/p>\n<\/div>\n","protected":false},"excerpt":{"rendered":"<div>\n<div>\n<figure><img decoding=\"async\" src=\"https:\/\/uploads.acordacidade.com.br\/wp-content\/uploads\/2023\/10\/21082622\/minha-casa-minha-vida-em-santa-maria-da-vitoria-bahia.jpg\" alt=\"\"><figcaption>Foto:  Ascom\/GOV-BA<\/figcaption><\/figure>\n<\/div>\n<p>As inscri\u00e7\u00f5es para o Programa Minha Casa, Minha Vida em Feira de Santana v\u00e3o acontecer a partir do dia 2 de abril de forma exclusivamente online.<\/p><\/div>\n","protected":false},"author":1,"featured_media":80768,"comment_status":"closed","ping_status":"closed","sticky":false,"template":"","format":"gallery","meta":{"footnotes":""},"categories":[8,9,6,57,56,10],"tags":[],"class_list":["post-80767","post","type-post","status-publish","format-gallery","has-post-thumbnail","hentry","category-bahia","category-brasil","category-feira-de-santana","category-mundo","category-policia","category-politica","post_format-post-format-gallery"],"featured_image_urls":{"full":["https:\/\/noticiasbahia360.com.br\/wp-content\/uploads\/2025\/04\/minha-casa-minha-vida-em-santa-maria-da-vitoria-bahia.jpg",640,426,false],"thumbnail":["https:\/\/noticiasbahia360.com.br\/wp-content\/uploads\/2025\/04\/minha-casa-minha-vida-em-santa-maria-da-vitoria-bahia-150x150.jpg",150,150,true],"medium":["https:\/\/noticiasbahia360.com.br\/wp-content\/uploads\/2025\/04\/minha-casa-minha-vida-em-santa-maria-da-vitoria-bahia-300x200.jpg",300,200,true],"medium_large":["https:\/\/noticiasbahia360.com.br\/wp-content\/uploads\/2025\/04\/minha-casa-minha-vida-em-santa-maria-da-vitoria-bahia.jpg",640,426,false],"large":["https:\/\/noticiasbahia360.com.br\/wp-content\/uploads\/2025\/04\/minha-casa-minha-vida-em-santa-maria-da-vitoria-bahia.jpg",640,426,false],"1536x1536":["https:\/\/noticiasbahia360.com.br\/wp-content\/uploads\/2025\/04\/minha-casa-minha-vida-em-santa-maria-da-vitoria-bahia.jpg",640,426,false],"2048x2048":["https:\/\/noticiasbahia360.com.br\/wp-content\/uploads\/2025\/04\/minha-casa-minha-vida-em-santa-maria-da-vitoria-bahia.jpg",640,426,false],"chromenews-featured":["https:\/\/noticiasbahia360.com.br\/wp-content\/uploads\/2025\/04\/minha-casa-minha-vida-em-santa-maria-da-vitoria-bahia.jpg",640,426,false],"chromenews-large":["https:\/\/noticiasbahia360.com.br\/wp-content\/uploads\/2025\/04\/minha-casa-minha-vida-em-santa-maria-da-vitoria-bahia.jpg",640,426,false],"chromenews-medium":["https:\/\/noticiasbahia360.com.br\/wp-content\/uploads\/2025\/04\/minha-casa-minha-vida-em-santa-maria-da-vitoria-bahia-590x410.jpg",590,410,true]},"author_info":{"display_name":"noticiasbahia360.com.br","author_link":"https:\/\/noticiasbahia360.com.br\/?author=1"},"category_info":"<a href=\"https:\/\/noticiasbahia360.com.br\/?cat=8\" rel=\"category\">Bahia<\/a> <a href=\"https:\/\/noticiasbahia360.com.br\/?cat=9\" rel=\"category\">Brasil<\/a> <a href=\"https:\/\/noticiasbahia360.com.br\/?cat=6\" rel=\"category\">Feira de Santana<\/a> <a href=\"https:\/\/noticiasbahia360.com.br\/?cat=57\" rel=\"category\">Mundo<\/a> <a href=\"https:\/\/noticiasbahia360.com.br\/?cat=56\" rel=\"category\">Pol\u00edcia<\/a> <a href=\"https:\/\/noticiasbahia360.com.br\/?cat=10\" rel=\"category\">Pol\u00edtica<\/a>","tag_info":"Pol\u00edtica","comment_count":"0","_links":{"self":[{"href":"https:\/\/noticiasbahia360.com.br\/index.php?rest_route=\/wp\/v2\/posts\/80767","targetHints":{"allow":["GET"]}}],"collection":[{"href":"https:\/\/noticiasbahia360.com.br\/index.php?rest_route=\/wp\/v2\/posts"}],"about":[{"href":"https:\/\/noticiasbahia360.com.br\/index.php?rest_route=\/wp\/v2\/types\/post"}],"author":[{"embeddable":true,"href":"https:\/\/noticiasbahia360.com.br\/index.php?rest_route=\/wp\/v2\/users\/1"}],"replies":[{"embeddable":true,"href":"https:\/\/noticiasbahia360.com.br\/index.php?rest_route=%2Fwp%2Fv2%2Fcomments&post=80767"}],"version-history":[{"count":0,"href":"https:\/\/noticiasbahia360.com.br\/index.php?rest_route=\/wp\/v2\/posts\/80767\/revisions"}],"wp:featuredmedia":[{"embeddable":true,"href":"https:\/\/noticiasbahia360.com.br\/index.php?rest_route=\/wp\/v2\/media\/80768"}],"wp:attachment":[{"href":"https:\/\/noticiasbahia360.com.br\/index.php?rest_route=%2Fwp%2Fv2%2Fmedia&parent=80767"}],"wp:term":[{"taxonomy":"category","embeddable":true,"href":"https:\/\/noticiasbahia360.com.br\/index.php?rest_route=%2Fwp%2Fv2%2Fcategories&post=80767"},{"taxonomy":"post_tag","embeddable":true,"href":"https:\/\/noticiasbahia360.com.br\/index.php?rest_route=%2Fwp%2Fv2%2Ftags&post=80767"}],"curies":[{"name":"wp","href":"https:\/\/api.w.org\/{rel}","templated":true}]}}