{"id":80769,"date":"2025-04-02T07:06:43","date_gmt":"2025-04-02T10:06:43","guid":{"rendered":"https:\/\/noticiasbahia360.com.br\/?p=80769"},"modified":"2025-04-02T07:06:43","modified_gmt":"2025-04-02T10:06:43","slug":"imposto-de-renda-solidario-saiba-como-doar-parte-do-seu-ir-para-ajudar-criancas-e-adolescentes","status":"publish","type":"post","link":"https:\/\/noticiasbahia360.com.br\/?p=80769","title":{"rendered":"Imposto de renda solid\u00e1rio: saiba como doar parte do seu IR para ajudar crian\u00e7as e adolescentes"},"content":{"rendered":"<div>\n<div>\n<figure><img decoding=\"async\" src=\"http:\/\/noticiasbahia360.com.br\/wp-content\/uploads\/2025\/04\/receita-federal-imposto-de-renda-Daniel-Ribeiro-Cortat-Arastoro-por-Pixabay-.jpg\" alt=\"Imposto de Renda\"><figcaption>Foto: Daniel Ribeiro Cortart Arastoro\/Pixabay<\/figcaption><\/figure>\n<\/div>\n<p>Voc\u00ea sabia que pode destinar parte do seu <a href=\"https:\/\/www.acordacidade.com.br\/tag\/imposto-de-renda\/\">Imposto de Renda<\/a> para os fundos municipais da Crian\u00e7a e do Adolescente? O Fundo Municipal da Crian\u00e7a e do Adolescente recebe doa\u00e7\u00f5es para a\u00e7\u00f5es voltadas ao bem-estar de crian\u00e7as e adolescentes em Feira de Santana. Essas contribui\u00e7\u00f5es s\u00e3o fundamentais para a continuidade dos projetos sociais, por isso a import\u00e2ncia de orientar e incentivar as doa\u00e7\u00f5es.<\/p>\n<p>O Juiz F\u00e1bio Falc\u00e3o, titular da Vara de Execu\u00e7\u00f5es Penais de Feira de Santana e respons\u00e1vel pela Vara da Inf\u00e2ncia e da Juventude, explicou em entrevista ao Acorda Cidade, como funciona a doa\u00e7\u00e3o e qual a import\u00e2ncia dela. Segundo ele, Feira de Santana tem capacidade de arrecada\u00e7\u00e3o que pode chegar a R$ 8 milh\u00f5es, mas atualmente s\u00f3 consegue arrecadar em torno de R$ 145 mil, um percentual de 1,7% do que poderia arrecadar.<\/p>\n<p>\u201cEstamos no per\u00edodo da declara\u00e7\u00e3o de imposto de renda e para aqueles que ter\u00e3o impostos a pagar, existe uma forma de contribuir de forma incisiva para a sociedade feirense, atrav\u00e9s da destina\u00e7\u00e3o de parte do imposto que tem a pagar diretamente para o Fundo da Crian\u00e7a e Adolescente de Feira de Santana, ou at\u00e9 mesmo para outra institui\u00e7\u00e3o da cidade\u201d, explicou.<\/p>\n<p>Enquanto Feira de Santana est\u00e1 com percentual baixo de doa\u00e7\u00f5es, o juiz cita outros munic\u00edpios como exemplos positivos. Ele acredita que a baixa arrecada\u00e7\u00e3o de Feira de Santana, posso estar ligada a falta de conhecimento da popula\u00e7\u00e3o, por isso frisa a import\u00e2ncia da divulga\u00e7\u00e3o.<\/p>\n<p>\u201cAcredito que o valor arrecadado seja baixo por falta de divulga\u00e7\u00e3o. As pessoas n\u00e3o conhecem. Existem outras cidades com potencial de arrecada\u00e7\u00e3o pequena e que se arrecada acima da capacidade, um exemplo \u00e9 Mucug\u00ea. Ela tem potencial de arrecada\u00e7\u00e3o de R$ 93 mil, mas arrecada R$ 275 mil, ent\u00e3o \u00e9 mais de 300% acima da capacidade. Isso acontece porque as vezes tem pessoas que residem em outras cidades, mas se identificam com esse munic\u00edpio e destinam a doa\u00e7\u00e3o para l\u00e1\u201d, explicou.<\/p>\n<h2 class=\"wp-block-heading\" id=\"h-procedimento-simples\">Procedimento simples<\/h2>\n<p>Segundo o Juiz F\u00e1bio Falc\u00e3o, o procedimento para destinar a doa\u00e7\u00e3o ao Fundo da Crian\u00e7a e do Adolescente \u00e9 simples e pode ser feito durante o ano todo. Ele frisou que a pr\u00f3pria Receita Federal tem disponibilizado uma ferramenta na declara\u00e7\u00e3o para que a pessoa possa fazer a doa\u00e7\u00e3o diretamente para a institui\u00e7\u00e3o.<\/p>\n<p>\u201cO programa da Receita \u00e9 muito intuitivo, de forma que n\u00e3o precisa ter conhecimentos t\u00e9cnicos. Tem um campo que a pessoa seleciona o estado e a cidade que quer destinar o valor e l\u00e1 j\u00e1 faz a indica\u00e7\u00e3o. Para quem tem impostos a pagar, tem a possibilidade de destinar at\u00e9 3%, pessoa f\u00edsica, e 1%, pessoa jur\u00eddica. As pessoas podem consultar o contador sobre essa doa\u00e7\u00e3o. \u00c9 importante que dinheiro chegue para Feira de Santana\u201d.<\/p>\n<p>O juiz explicou que esse dinheiro das doa\u00e7\u00f5es \u00e9 para as crian\u00e7as que est\u00e3o em vulnerabilidade social. Segundo ele, o Fundo da Crian\u00e7a e Adolescente volta-se para financiar projetos realizados na comunidade.<\/p>\n<p>\u201c\u00c9 dever da sociedade, assim como \u00e9 dever do estado e da fam\u00edlia, salvaguardar a crian\u00e7a e o adolescente. Uma das formas \u00e9 atrav\u00e9s da canaliza\u00e7\u00e3o de recursos. A gente tem exemplos que d\u00e3o certos, que s\u00e3o realizados pelo Dispens\u00e1rio Santana. L\u00e1 tem uma aten\u00e7\u00e3o diferenciada para as crian\u00e7as com v\u00e1rias oficinas que funcionam muito bem. Al\u00e9m disso, temos outras creches e associa\u00e7\u00f5es que s\u00e3o assistidas por esse fundo\u201d, afirmou.<\/p>\n<h2 class=\"wp-block-heading\" id=\"h-beneficios\">Benef\u00edcios<\/h2>\n<p>Os benef\u00edcios para quem decide pela doa\u00e7\u00e3o do imposto de renda s\u00e3o muitos. O Juiz titular da Vara de Execu\u00e7\u00f5es Penais de Feira de Santana e respons\u00e1vel pela Vara da Inf\u00e2ncia e da Juventude destacou alguns.<\/p>\n<p>\u201cOs que se encontram na fase de restitui\u00e7\u00e3o, se optar pela doa\u00e7\u00e3o, ainda tem a possibilidade de ganhar com rendimento que \u00e9 a taxa da Selic. Quando entrar nos lotes de restitui\u00e7\u00e3o, o valor vai ser corrigido pela Selic. Ent\u00e3o s\u00e3o s\u00f3 vantagens. O munic\u00edpio ganha atrav\u00e9s do Fundo da Crian\u00e7a e do Adolescente, ganha a pessoa que far\u00e1 um ato altru\u00edsta e ainda quem tem direito \u00e0 restitui\u00e7\u00e3o, ganha com a Selic\u201d.<\/p>\n<p><em>Siga o Acorda Cidade no<a href=\"https:\/\/news.google.com\/search?q=acorda%20cidade&amp;hl=pt-BR&amp;gl=BR&amp;ceid=BR%3Apt-419\" target=\"_blank\" rel=\"noreferrer noopener\">\u00a0Google Not\u00edcias<\/a>\u00a0e receba os principais destaques do dia.\u00a0Participe tamb\u00e9m dos nossos grupos no\u00a0<a href=\"https:\/\/chat.whatsapp.com\/Fj2agnR6CdwLEb9Uqew8QI\" target=\"_blank\" rel=\"noreferrer noopener\">WhatsApp<\/a>\u00a0e\u00a0<a href=\"https:\/\/t.me\/+sSz0khrgARA0ZmRh\" target=\"_blank\" rel=\"noreferrer noopener\">Telegram<\/a><\/em><\/p>\n<\/div>\n","protected":false},"excerpt":{"rendered":"<div>\n<div>\n<figure><img decoding=\"async\" src=\"https:\/\/uploads.acordacidade.com.br\/wp-content\/uploads\/2022\/09\/14125407\/receita-federal-imposto-de-renda-Daniel-Ribeiro-Cortat-Arastoro-por-Pixabay-.jpg\" alt=\"Imposto de Renda\"><figcaption>Foto: Daniel Ribeiro Cortart Arastoro\/Pixabay<\/figcaption><\/figure>\n<\/div>\n<p>Feira de Santana tem capacidade de arrecada\u00e7\u00e3o que pode chegar a R$ 8 milh\u00f5es, mas atualmente s\u00f3 consegue arrecadar em torno de R$ 145 mil.<\/p><\/div>\n","protected":false},"author":1,"featured_media":80770,"comment_status":"closed","ping_status":"closed","sticky":false,"template":"","format":"gallery","meta":{"footnotes":""},"categories":[8,9,6,57,56,10],"tags":[],"class_list":["post-80769","post","type-post","status-publish","format-gallery","has-post-thumbnail","hentry","category-bahia","category-brasil","category-feira-de-santana","category-mundo","category-policia","category-politica","post_format-post-format-gallery"],"featured_image_urls":{"full":["https:\/\/noticiasbahia360.com.br\/wp-content\/uploads\/2025\/04\/receita-federal-imposto-de-renda-Daniel-Ribeiro-Cortat-Arastoro-por-Pixabay-.jpg",640,427,false],"thumbnail":["https:\/\/noticiasbahia360.com.br\/wp-content\/uploads\/2025\/04\/receita-federal-imposto-de-renda-Daniel-Ribeiro-Cortat-Arastoro-por-Pixabay--150x150.jpg",150,150,true],"medium":["https:\/\/noticiasbahia360.com.br\/wp-content\/uploads\/2025\/04\/receita-federal-imposto-de-renda-Daniel-Ribeiro-Cortat-Arastoro-por-Pixabay--300x200.jpg",300,200,true],"medium_large":["https:\/\/noticiasbahia360.com.br\/wp-content\/uploads\/2025\/04\/receita-federal-imposto-de-renda-Daniel-Ribeiro-Cortat-Arastoro-por-Pixabay-.jpg",640,427,false],"large":["https:\/\/noticiasbahia360.com.br\/wp-content\/uploads\/2025\/04\/receita-federal-imposto-de-renda-Daniel-Ribeiro-Cortat-Arastoro-por-Pixabay-.jpg",640,427,false],"1536x1536":["https:\/\/noticiasbahia360.com.br\/wp-content\/uploads\/2025\/04\/receita-federal-imposto-de-renda-Daniel-Ribeiro-Cortat-Arastoro-por-Pixabay-.jpg",640,427,false],"2048x2048":["https:\/\/noticiasbahia360.com.br\/wp-content\/uploads\/2025\/04\/receita-federal-imposto-de-renda-Daniel-Ribeiro-Cortat-Arastoro-por-Pixabay-.jpg",640,427,false],"chromenews-featured":["https:\/\/noticiasbahia360.com.br\/wp-content\/uploads\/2025\/04\/receita-federal-imposto-de-renda-Daniel-Ribeiro-Cortat-Arastoro-por-Pixabay-.jpg",640,427,false],"chromenews-large":["https:\/\/noticiasbahia360.com.br\/wp-content\/uploads\/2025\/04\/receita-federal-imposto-de-renda-Daniel-Ribeiro-Cortat-Arastoro-por-Pixabay-.jpg",640,427,false],"chromenews-medium":["https:\/\/noticiasbahia360.com.br\/wp-content\/uploads\/2025\/04\/receita-federal-imposto-de-renda-Daniel-Ribeiro-Cortat-Arastoro-por-Pixabay--590x410.jpg",590,410,true]},"author_info":{"display_name":"noticiasbahia360.com.br","author_link":"https:\/\/noticiasbahia360.com.br\/?author=1"},"category_info":"<a href=\"https:\/\/noticiasbahia360.com.br\/?cat=8\" rel=\"category\">Bahia<\/a> <a href=\"https:\/\/noticiasbahia360.com.br\/?cat=9\" rel=\"category\">Brasil<\/a> <a href=\"https:\/\/noticiasbahia360.com.br\/?cat=6\" rel=\"category\">Feira de Santana<\/a> <a href=\"https:\/\/noticiasbahia360.com.br\/?cat=57\" rel=\"category\">Mundo<\/a> <a href=\"https:\/\/noticiasbahia360.com.br\/?cat=56\" rel=\"category\">Pol\u00edcia<\/a> <a href=\"https:\/\/noticiasbahia360.com.br\/?cat=10\" rel=\"category\">Pol\u00edtica<\/a>","tag_info":"Pol\u00edtica","comment_count":"0","_links":{"self":[{"href":"https:\/\/noticiasbahia360.com.br\/index.php?rest_route=\/wp\/v2\/posts\/80769","targetHints":{"allow":["GET"]}}],"collection":[{"href":"https:\/\/noticiasbahia360.com.br\/index.php?rest_route=\/wp\/v2\/posts"}],"about":[{"href":"https:\/\/noticiasbahia360.com.br\/index.php?rest_route=\/wp\/v2\/types\/post"}],"author":[{"embeddable":true,"href":"https:\/\/noticiasbahia360.com.br\/index.php?rest_route=\/wp\/v2\/users\/1"}],"replies":[{"embeddable":true,"href":"https:\/\/noticiasbahia360.com.br\/index.php?rest_route=%2Fwp%2Fv2%2Fcomments&post=80769"}],"version-history":[{"count":0,"href":"https:\/\/noticiasbahia360.com.br\/index.php?rest_route=\/wp\/v2\/posts\/80769\/revisions"}],"wp:featuredmedia":[{"embeddable":true,"href":"https:\/\/noticiasbahia360.com.br\/index.php?rest_route=\/wp\/v2\/media\/80770"}],"wp:attachment":[{"href":"https:\/\/noticiasbahia360.com.br\/index.php?rest_route=%2Fwp%2Fv2%2Fmedia&parent=80769"}],"wp:term":[{"taxonomy":"category","embeddable":true,"href":"https:\/\/noticiasbahia360.com.br\/index.php?rest_route=%2Fwp%2Fv2%2Fcategories&post=80769"},{"taxonomy":"post_tag","embeddable":true,"href":"https:\/\/noticiasbahia360.com.br\/index.php?rest_route=%2Fwp%2Fv2%2Ftags&post=80769"}],"curies":[{"name":"wp","href":"https:\/\/api.w.org\/{rel}","templated":true}]}}