{"id":80777,"date":"2025-04-02T07:58:17","date_gmt":"2025-04-02T10:58:17","guid":{"rendered":"https:\/\/noticiasbahia360.com.br\/?p=80777"},"modified":"2025-04-02T07:58:17","modified_gmt":"2025-04-02T10:58:17","slug":"prazo-de-inscricoes-para-o-universidade-para-todos-se-encerra-nesta-quarta-feira-2","status":"publish","type":"post","link":"https:\/\/noticiasbahia360.com.br\/?p=80777","title":{"rendered":"Prazo de inscri\u00e7\u00f5es para o Universidade para Todos se encerra nesta quarta-feira (2)"},"content":{"rendered":"<div>\n<div>\n<figure><img decoding=\"async\" src=\"http:\/\/noticiasbahia360.com.br\/wp-content\/uploads\/2025\/04\/UPT_Universidade-Para-Todos_-GOV-BA.png\" alt=\"UPT_Universidade Para Todos_ GOV BA\"><figcaption>Foto: Divulga\u00e7\u00e3o\/ SEC<\/figcaption><\/figure>\n<\/div>\n<p>Os interessados em ingressar no Ensino Superior t\u00eam a \u00faltima chance para garantir uma vaga no curso preparat\u00f3rio do Programa Universidade para Todos (UPT), oferecido gratuitamente pela Secretaria da Educa\u00e7\u00e3o do Estado (SEC), em parceria com universidades p\u00fablicas da Bahia (Uneb, Uesc, <a href=\"https:\/\/www.acordacidade.com.br\/tag\/uefs\/\">Uefs<\/a>, Uesb, Ufba UFRB, UFSB e Ufob). <\/p>\n<p>As inscri\u00e7\u00f5es do Programa Universidade para Todos se encerram nesta quarta-feira (2) e devem ser feitas pelo\u00a0<a href=\"https:\/\/upt.educacao.ba.gov.br\/\" target=\"_blank\" rel=\"noreferrer noopener\">site<\/a>. Este ano, o programa oferece 20.110 vagas distribu\u00eddas em 218 munic\u00edpios e 358 polos de funcionamento. Este ano, o governo estadual est\u00e1 investindo R$ 18 \u00a0milh\u00f5es no programa.<\/p>\n<p>Podem participar estudantes regularmente matriculados em 2025 no 3\u00ba ano do Ensino M\u00e9dio regular ou suas modalidades correspondentes, bem como alunos do 4\u00ba ano da Educa\u00e7\u00e3o Profissional integrada ao Ensino M\u00e9dio na rede estadual. Tamb\u00e9m s\u00e3o eleg\u00edveis os egressos do Ensino M\u00e9dio das redes estadual e municipais da Bahia. No momento da inscri\u00e7\u00e3o, o candidato deve selecionar o munic\u00edpio, o turno e a modalidade de aula de sua prefer\u00eancia.<\/p>\n<p>A sele\u00e7\u00e3o dos candidatos para o Programa Universidade para Todos ser\u00e1 realizada por meio de um sorteio eletr\u00f4nico, que ocorre no dia 4 de abril, \u00e0s 9h, na sede da SEC. As aulas come\u00e7am no dia 22 de abril e ser\u00e3o oferecidas em tr\u00eas modalidades: presencial, com aulas de segunda a sexta-feira; n\u00e3o presencial, com transmiss\u00f5es ao vivo por plataformas como Zoom e Google Meet; e h\u00edbrida, combinando as duas op\u00e7\u00f5es anteriores.<\/p>\n<p>Os participantes contar\u00e3o com uma prepara\u00e7\u00e3o completa para os processos seletivos de ingresso ao Ensino Superior. A programa\u00e7\u00e3o inclui aulas de todas as disciplinas do curr\u00edculo b\u00e1sico, al\u00e9m de aul\u00f5es especiais, simulados, orienta\u00e7\u00e3o profissional e oficinas interdisciplinares. O objetivo \u00e9 ampliar as chances de aprova\u00e7\u00e3o dos estudantes, proporcionando uma forma\u00e7\u00e3o s\u00f3lida e diversificada.<\/p>\n<p><strong>Cronograma 2025<\/strong><\/p>\n<p>\u00daltimo dia de inscri\u00e7\u00e3o: 2 de abril (quarta-feira)<br \/>Sorteio eletr\u00f4nico: 4 de abril<br \/>Homologa\u00e7\u00e3o da classifica\u00e7\u00e3o: 5 a 11 de abril<br \/>Matr\u00edcula autom\u00e1tica: 14 de abril<br \/>Prazo de recurso: 16 e 17 de abril<br \/>In\u00edcio das aulas: 22 de abril<\/p>\n<p><em>Siga o Acorda Cidade no<\/em><a href=\"https:\/\/news.google.com\/search?q=acorda%20cidade&amp;hl=pt-BR&amp;gl=BR&amp;ceid=BR%3Apt-419\"><strong><em> Google Not\u00edcias<\/em><\/strong><\/a><em> e receba os principais destaques do dia. Participe tamb\u00e9m dos nossos canais no <\/em><a href=\"https:\/\/whatsapp.com\/channel\/0029Va6Rb4v3WHTNnsh8WI3N\"><strong><em>WhatsApp<\/em><\/strong><\/a><em> e <\/em><a href=\"https:\/\/www.youtube.com\/@acordacidadenoticias\/videos\"><strong>Youtube<\/strong><\/a><em> e grupo de <\/em><a href=\"https:\/\/t.me\/+sSz0khrgARA0ZmRh\"><strong><em>Telegram<\/em><\/strong><\/a><em>.<\/em><\/p>\n<\/div>\n","protected":false},"excerpt":{"rendered":"<div>\n<div>\n<figure><img decoding=\"async\" src=\"https:\/\/uploads.acordacidade.com.br\/wp-content\/uploads\/2023\/06\/04104228\/UPT_Universidade-Para-Todos_-GOV-BA.png\" alt=\"UPT_Universidade Para Todos_ GOV BA\"><figcaption>Foto: Divulga\u00e7\u00e3o\/ SEC<\/figcaption><\/figure>\n<\/div>\n<p>A sele\u00e7\u00e3o dos candidatos ser\u00e1 realizada por meio de um sorteio eletr\u00f4nico, que ocorre no dia 4 de abril, \u00e0s 9h, na sede da SEC.<\/p><\/div>\n","protected":false},"author":1,"featured_media":80778,"comment_status":"closed","ping_status":"closed","sticky":false,"template":"","format":"gallery","meta":{"footnotes":""},"categories":[8,9,6,57,56,10],"tags":[],"class_list":["post-80777","post","type-post","status-publish","format-gallery","has-post-thumbnail","hentry","category-bahia","category-brasil","category-feira-de-santana","category-mundo","category-policia","category-politica","post_format-post-format-gallery"],"featured_image_urls":{"full":["https:\/\/noticiasbahia360.com.br\/wp-content\/uploads\/2025\/04\/UPT_Universidade-Para-Todos_-GOV-BA.png",640,426,false],"thumbnail":["https:\/\/noticiasbahia360.com.br\/wp-content\/uploads\/2025\/04\/UPT_Universidade-Para-Todos_-GOV-BA-150x150.png",150,150,true],"medium":["https:\/\/noticiasbahia360.com.br\/wp-content\/uploads\/2025\/04\/UPT_Universidade-Para-Todos_-GOV-BA-300x200.png",300,200,true],"medium_large":["https:\/\/noticiasbahia360.com.br\/wp-content\/uploads\/2025\/04\/UPT_Universidade-Para-Todos_-GOV-BA.png",640,426,false],"large":["https:\/\/noticiasbahia360.com.br\/wp-content\/uploads\/2025\/04\/UPT_Universidade-Para-Todos_-GOV-BA.png",640,426,false],"1536x1536":["https:\/\/noticiasbahia360.com.br\/wp-content\/uploads\/2025\/04\/UPT_Universidade-Para-Todos_-GOV-BA.png",640,426,false],"2048x2048":["https:\/\/noticiasbahia360.com.br\/wp-content\/uploads\/2025\/04\/UPT_Universidade-Para-Todos_-GOV-BA.png",640,426,false],"chromenews-featured":["https:\/\/noticiasbahia360.com.br\/wp-content\/uploads\/2025\/04\/UPT_Universidade-Para-Todos_-GOV-BA.png",640,426,false],"chromenews-large":["https:\/\/noticiasbahia360.com.br\/wp-content\/uploads\/2025\/04\/UPT_Universidade-Para-Todos_-GOV-BA.png",640,426,false],"chromenews-medium":["https:\/\/noticiasbahia360.com.br\/wp-content\/uploads\/2025\/04\/UPT_Universidade-Para-Todos_-GOV-BA-590x410.png",590,410,true]},"author_info":{"display_name":"noticiasbahia360.com.br","author_link":"https:\/\/noticiasbahia360.com.br\/?author=1"},"category_info":"<a href=\"https:\/\/noticiasbahia360.com.br\/?cat=8\" rel=\"category\">Bahia<\/a> <a href=\"https:\/\/noticiasbahia360.com.br\/?cat=9\" rel=\"category\">Brasil<\/a> <a href=\"https:\/\/noticiasbahia360.com.br\/?cat=6\" rel=\"category\">Feira de Santana<\/a> <a href=\"https:\/\/noticiasbahia360.com.br\/?cat=57\" rel=\"category\">Mundo<\/a> <a href=\"https:\/\/noticiasbahia360.com.br\/?cat=56\" rel=\"category\">Pol\u00edcia<\/a> <a href=\"https:\/\/noticiasbahia360.com.br\/?cat=10\" rel=\"category\">Pol\u00edtica<\/a>","tag_info":"Pol\u00edtica","comment_count":"0","_links":{"self":[{"href":"https:\/\/noticiasbahia360.com.br\/index.php?rest_route=\/wp\/v2\/posts\/80777","targetHints":{"allow":["GET"]}}],"collection":[{"href":"https:\/\/noticiasbahia360.com.br\/index.php?rest_route=\/wp\/v2\/posts"}],"about":[{"href":"https:\/\/noticiasbahia360.com.br\/index.php?rest_route=\/wp\/v2\/types\/post"}],"author":[{"embeddable":true,"href":"https:\/\/noticiasbahia360.com.br\/index.php?rest_route=\/wp\/v2\/users\/1"}],"replies":[{"embeddable":true,"href":"https:\/\/noticiasbahia360.com.br\/index.php?rest_route=%2Fwp%2Fv2%2Fcomments&post=80777"}],"version-history":[{"count":0,"href":"https:\/\/noticiasbahia360.com.br\/index.php?rest_route=\/wp\/v2\/posts\/80777\/revisions"}],"wp:featuredmedia":[{"embeddable":true,"href":"https:\/\/noticiasbahia360.com.br\/index.php?rest_route=\/wp\/v2\/media\/80778"}],"wp:attachment":[{"href":"https:\/\/noticiasbahia360.com.br\/index.php?rest_route=%2Fwp%2Fv2%2Fmedia&parent=80777"}],"wp:term":[{"taxonomy":"category","embeddable":true,"href":"https:\/\/noticiasbahia360.com.br\/index.php?rest_route=%2Fwp%2Fv2%2Fcategories&post=80777"},{"taxonomy":"post_tag","embeddable":true,"href":"https:\/\/noticiasbahia360.com.br\/index.php?rest_route=%2Fwp%2Fv2%2Ftags&post=80777"}],"curies":[{"name":"wp","href":"https:\/\/api.w.org\/{rel}","templated":true}]}} 