{"id":80779,"date":"2025-04-02T08:24:58","date_gmt":"2025-04-02T11:24:58","guid":{"rendered":"https:\/\/noticiasbahia360.com.br\/?p=80779"},"modified":"2025-04-02T08:24:58","modified_gmt":"2025-04-02T11:24:58","slug":"novos-semaforos-serao-instalados-na-praca-da-bandeira-em-feira-de-santana","status":"publish","type":"post","link":"https:\/\/noticiasbahia360.com.br\/?p=80779","title":{"rendered":"Novos sem\u00e1foros ser\u00e3o instalados na Pra\u00e7a da Bandeira, em Feira de Santana"},"content":{"rendered":"<div>\n<div>\n<figure><img decoding=\"async\" src=\"http:\/\/noticiasbahia360.com.br\/wp-content\/uploads\/2025\/04\/Instalacao-de-semafaro-em-frente-ao-mercado-de-artes-Fotos-Izinaldo-Barreto-4.jpg\" alt=\"Sem\u00e1foros\"><figcaption>Foto: Izinaldo Barreto<\/figcaption><\/figure>\n<\/div>\n<p>A Superintend\u00eancia Municipal de Tr\u00e2nsito (SMT) da Prefeitura de <a href=\"https:\/\/www.acordacidade.com.br\/tag\/feira-de-santana\/\">Feira de Santana<\/a> vai implantar dois sem\u00e1foros nas ruas do entorno da Pra\u00e7a da Bandeira, trecho pr\u00f3ximo \u00e0 Rua Marechal Deodoro e ao Mercado de Arte Popular (MAP). A medida visa garantir mais seguran\u00e7a aos pedestres na travessia das ruas.<\/p>\n<figure class=\"wp-block-image size-large\"><img fetchpriority=\"high\" fetchpriority=\"high\" decoding=\"async\" width=\"1024\" height=\"683\" src=\"http:\/\/noticiasbahia360.com.br\/wp-content\/uploads\/2025\/04\/gpuUz6OC-Instalacao-de-semafaro-em-frente-ao-mercado-de-artes-Fotos-Izinaldo-Barreto-1-1024x683-1.webp\" alt=\"Sem\u00e1foros\" class=\"wp-image-517893\" srcset=\"https:\/\/uploads.acordacidade.com.br\/2025\/04\/gpuUz6OC-Instalacao-de-semafaro-em-frente-ao-mercado-de-artes-Fotos-Izinaldo-Barreto-1-300x200.webp 300w, http:\/\/noticiasbahia360.com.br\/wp-content\/uploads\/2025\/04\/gpuUz6OC-Instalacao-de-semafaro-em-frente-ao-mercado-de-artes-Fotos-Izinaldo-Barreto-1-1024x683-1.webp 1024w, https:\/\/uploads.acordacidade.com.br\/2025\/04\/gpuUz6OC-Instalacao-de-semafaro-em-frente-ao-mercado-de-artes-Fotos-Izinaldo-Barreto-1-768x512.webp 768w, https:\/\/uploads.acordacidade.com.br\/2025\/04\/gpuUz6OC-Instalacao-de-semafaro-em-frente-ao-mercado-de-artes-Fotos-Izinaldo-Barreto-1-150x100.webp 150w, https:\/\/uploads.acordacidade.com.br\/2025\/04\/gpuUz6OC-Instalacao-de-semafaro-em-frente-ao-mercado-de-artes-Fotos-Izinaldo-Barreto-1.webp 1200w\" sizes=\"(max-width: 1024px) 100vw, 1024px\"><figcaption class=\"wp-element-caption\">Foto: Izinaldo Barreto<\/figcaption><\/figure>\n<p>Os sem\u00e1foros modernos, instalados em totens, ter\u00e3o fun\u00e7\u00e3o dupla simult\u00e2nea, com tempo para ve\u00edculos e tamb\u00e9m tempo espec\u00edfico para travessia de pedestres. \u201cOs sem\u00e1foros modernos s\u00e3o do mesmo modelo j\u00e1 adotado na Avenida Paulista\u201d, observou o superintendente de Tr\u00e2nsito, Ricardo da Cunha Oliveira.<\/p>\n<figure class=\"wp-block-image size-large\"><img decoding=\"async\" width=\"1024\" height=\"683\" src=\"http:\/\/noticiasbahia360.com.br\/wp-content\/uploads\/2025\/04\/6k4M6rU2-Instalacao-de-semafaro-em-frente-ao-mercado-de-artes-Fotos-Izinaldo-Barreto-2-1024x683-1.webp\" alt=\"Sem\u00e1foros\" class=\"wp-image-517892\" srcset=\"https:\/\/uploads.acordacidade.com.br\/2025\/04\/6k4M6rU2-Instalacao-de-semafaro-em-frente-ao-mercado-de-artes-Fotos-Izinaldo-Barreto-2-300x200.webp 300w, http:\/\/noticiasbahia360.com.br\/wp-content\/uploads\/2025\/04\/6k4M6rU2-Instalacao-de-semafaro-em-frente-ao-mercado-de-artes-Fotos-Izinaldo-Barreto-2-1024x683-1.webp 1024w, https:\/\/uploads.acordacidade.com.br\/2025\/04\/6k4M6rU2-Instalacao-de-semafaro-em-frente-ao-mercado-de-artes-Fotos-Izinaldo-Barreto-2-768x512.webp 768w, https:\/\/uploads.acordacidade.com.br\/2025\/04\/6k4M6rU2-Instalacao-de-semafaro-em-frente-ao-mercado-de-artes-Fotos-Izinaldo-Barreto-2-150x100.webp 150w, https:\/\/uploads.acordacidade.com.br\/2025\/04\/6k4M6rU2-Instalacao-de-semafaro-em-frente-ao-mercado-de-artes-Fotos-Izinaldo-Barreto-2.webp 1200w\" sizes=\"(max-width: 1024px) 100vw, 1024px\"><figcaption class=\"wp-element-caption\">Foto: Izinaldo Barreto<\/figcaption><\/figure>\n<p>Os equipamentos ser\u00e3o instalados esta semana, substituindo assim os monitores de tr\u00e2nsito que atuavam no local. Eles v\u00e3o funcionar em sincronismo com os sem\u00e1foros instalados nos entroncamentos entre as avenidas Get\u00falio Vargas\/Senhor dos Passos e as ruas Ol\u00edmpio Vital\/Conselheiro Franco.<\/p>\n<p><em>As informa\u00e7\u00f5es s\u00e3o da Secretaria de Comunica\u00e7\u00e3o Social<\/em><\/p>\n<p><em>Siga o Acorda Cidade no<\/em><a href=\"https:\/\/news.google.com\/search?q=acorda%20cidade&amp;hl=pt-BR&amp;gl=BR&amp;ceid=BR%3Apt-419\"><strong><em> Google Not\u00edcias<\/em><\/strong><\/a><em> e receba os principais destaques do dia. Participe tamb\u00e9m dos nossos canais no <\/em><a href=\"https:\/\/whatsapp.com\/channel\/0029Va6Rb4v3WHTNnsh8WI3N\"><strong><em>WhatsApp<\/em><\/strong><\/a><em> e <\/em><a href=\"https:\/\/www.youtube.com\/@acordacidadenoticias\/videos\"><strong>Youtube<\/strong><\/a><em> e grupo de <\/em><a href=\"https:\/\/t.me\/+sSz0khrgARA0ZmRh\"><strong><em>Telegram<\/em><\/strong><\/a><em>.<\/em><\/p>\n<\/div>\n","protected":false},"excerpt":{"rendered":"<div>\n<div>\n<figure><img decoding=\"async\" src=\"https:\/\/uploads.acordacidade.com.br\/2025\/04\/Instalacao-de-semafaro-em-frente-ao-mercado-de-artes-Fotos-Izinaldo-Barreto-4.jpg\" alt=\"Sem\u00e1foros\"><figcaption>Foto: Izinaldo Barreto<\/figcaption><\/figure>\n<\/div>\n<p>A medida da implanta\u00e7\u00e3o dos sem\u00e1foros visa garantir mais seguran\u00e7a aos pedestres na travessia das ruas.<\/p><\/div>\n","protected":false},"author":1,"featured_media":80780,"comment_status":"closed","ping_status":"closed","sticky":false,"template":"","format":"gallery","meta":{"footnotes":""},"categories":[8,9,6,57,56,10],"tags":[],"class_list":["post-80779","post","type-post","status-publish","format-gallery","has-post-thumbnail","hentry","category-bahia","category-brasil","category-feira-de-santana","category-mundo","category-policia","category-politica","post_format-post-format-gallery"],"featured_image_urls":{"full":["https:\/\/noticiasbahia360.com.br\/wp-content\/uploads\/2025\/04\/Instalacao-de-semafaro-em-frente-ao-mercado-de-artes-Fotos-Izinaldo-Barreto-4.jpg",1200,800,false],"thumbnail":["https:\/\/noticiasbahia360.com.br\/wp-content\/uploads\/2025\/04\/Instalacao-de-semafaro-em-frente-ao-mercado-de-artes-Fotos-Izinaldo-Barreto-4-150x150.jpg",150,150,true],"medium":["https:\/\/noticiasbahia360.com.br\/wp-content\/uploads\/2025\/04\/Instalacao-de-semafaro-em-frente-ao-mercado-de-artes-Fotos-Izinaldo-Barreto-4-300x200.jpg",300,200,true],"medium_large":["https:\/\/noticiasbahia360.com.br\/wp-content\/uploads\/2025\/04\/Instalacao-de-semafaro-em-frente-ao-mercado-de-artes-Fotos-Izinaldo-Barreto-4-768x512.jpg",640,427,true],"large":["https:\/\/noticiasbahia360.com.br\/wp-content\/uploads\/2025\/04\/Instalacao-de-semafaro-em-frente-ao-mercado-de-artes-Fotos-Izinaldo-Barreto-4-1024x683.jpg",640,427,true],"1536x1536":["https:\/\/noticiasbahia360.com.br\/wp-content\/uploads\/2025\/04\/Instalacao-de-semafaro-em-frente-ao-mercado-de-artes-Fotos-Izinaldo-Barreto-4.jpg",1200,800,false],"2048x2048":["https:\/\/noticiasbahia360.com.br\/wp-content\/uploads\/2025\/04\/Instalacao-de-semafaro-em-frente-ao-mercado-de-artes-Fotos-Izinaldo-Barreto-4.jpg",1200,800,false],"chromenews-featured":["https:\/\/noticiasbahia360.com.br\/wp-content\/uploads\/2025\/04\/Instalacao-de-semafaro-em-frente-ao-mercado-de-artes-Fotos-Izinaldo-Barreto-4-1024x683.jpg",1024,683,true],"chromenews-large":["https:\/\/noticiasbahia360.com.br\/wp-content\/uploads\/2025\/04\/Instalacao-de-semafaro-em-frente-ao-mercado-de-artes-Fotos-Izinaldo-Barreto-4-825x575.jpg",825,575,true],"chromenews-medium":["https:\/\/noticiasbahia360.com.br\/wp-content\/uploads\/2025\/04\/Instalacao-de-semafaro-em-frente-ao-mercado-de-artes-Fotos-Izinaldo-Barreto-4-590x410.jpg",590,410,true]},"author_info":{"display_name":"noticiasbahia360.com.br","author_link":"https:\/\/noticiasbahia360.com.br\/?author=1"},"category_info":"<a href=\"https:\/\/noticiasbahia360.com.br\/?cat=8\" rel=\"category\">Bahia<\/a> <a href=\"https:\/\/noticiasbahia360.com.br\/?cat=9\" rel=\"category\">Brasil<\/a> <a href=\"https:\/\/noticiasbahia360.com.br\/?cat=6\" rel=\"category\">Feira de Santana<\/a> <a href=\"https:\/\/noticiasbahia360.com.br\/?cat=57\" rel=\"category\">Mundo<\/a> <a href=\"https:\/\/noticiasbahia360.com.br\/?cat=56\" rel=\"category\">Pol\u00edcia<\/a> <a href=\"https:\/\/noticiasbahia360.com.br\/?cat=10\" rel=\"category\">Pol\u00edtica<\/a>","tag_info":"Pol\u00edtica","comment_count":"0","_links":{"self":[{"href":"https:\/\/noticiasbahia360.com.br\/index.php?rest_route=\/wp\/v2\/posts\/80779","targetHints":{"allow":["GET"]}}],"collection":[{"href":"https:\/\/noticiasbahia360.com.br\/index.php?rest_route=\/wp\/v2\/posts"}],"about":[{"href":"https:\/\/noticiasbahia360.com.br\/index.php?rest_route=\/wp\/v2\/types\/post"}],"author":[{"embeddable":true,"href":"https:\/\/noticiasbahia360.com.br\/index.php?rest_route=\/wp\/v2\/users\/1"}],"replies":[{"embeddable":true,"href":"https:\/\/noticiasbahia360.com.br\/index.php?rest_route=%2Fwp%2Fv2%2Fcomments&post=80779"}],"version-history":[{"count":0,"href":"https:\/\/noticiasbahia360.com.br\/index.php?rest_route=\/wp\/v2\/posts\/80779\/revisions"}],"wp:featuredmedia":[{"embeddable":true,"href":"https:\/\/noticiasbahia360.com.br\/index.php?rest_route=\/wp\/v2\/media\/80780"}],"wp:attachment":[{"href":"https:\/\/noticiasbahia360.com.br\/index.php?rest_route=%2Fwp%2Fv2%2Fmedia&parent=80779"}],"wp:term":[{"taxonomy":"category","embeddable":true,"href":"https:\/\/noticiasbahia360.com.br\/index.php?rest_route=%2Fwp%2Fv2%2Fcategories&post=80779"},{"taxonomy":"post_tag","embeddable":true,"href":"https:\/\/noticiasbahia360.com.br\/index.php?rest_route=%2Fwp%2Fv2%2Ftags&post=80779"}],"curies":[{"name":"wp","href":"https:\/\/api.w.org\/{rel}","templated":true}]}}