{"id":80783,"date":"2025-04-02T08:34:58","date_gmt":"2025-04-02T11:34:58","guid":{"rendered":"https:\/\/noticiasbahia360.com.br\/?p=80783"},"modified":"2025-04-02T08:34:58","modified_gmt":"2025-04-02T11:34:58","slug":"vacinacao-mais-de-1-600-pessoas-sao-vacinadas-contra-a-gripe-no-primeiro-dia-da-campanha","status":"publish","type":"post","link":"https:\/\/noticiasbahia360.com.br\/?p=80783","title":{"rendered":"Vacina\u00e7\u00e3o: mais de 1.600 pessoas s\u00e3o vacinadas contra a gripe no primeiro dia da campanha"},"content":{"rendered":"<div>\n<div>\n<figure><img decoding=\"async\" src=\"http:\/\/noticiasbahia360.com.br\/wp-content\/uploads\/2025\/04\/2aRiFJqI-vacinacao-contra-a-gripe-em-idosos-Foto-Thiago-Paixao-22.webp\" alt=\"vacina\u00e7\u00e3o\"><figcaption>Foto: Thiago Paix\u00e3o<\/figcaption><\/figure>\n<\/div>\n<p>Em Feira de Santana, o primeiro dia da campanha de vacina\u00e7\u00e3o contra a gripe Influenza resultou em 1.651 pessoas imunizadas contra o v\u00edrus. O balan\u00e7o \u00e9 da Secretaria Municipal de Sa\u00fade que antecipou o in\u00edcio da aplica\u00e7\u00e3o por conta do recebimento das doses.<\/p>\n<p>Neste momento, a vacina \u00e9 destinada apenas a gestantes, idosos com mais de 60 anos, crian\u00e7as a partir dos seis meses e menores de seis anos, e as pessoas que fazem parte dos grupos priorit\u00e1rios.<\/p>\n<p>O secret\u00e1rio municipal de Sa\u00fade, Rodrigo Matos, destaca que alcan\u00e7ar as metas de vacina\u00e7\u00e3o tem sido uma das prioridades da administra\u00e7\u00e3o p\u00fablica, que tem n\u00e3o s\u00f3 discutido, como tamb\u00e9m vem desenvolvendo estrat\u00e9gias para atrair o p\u00fablico-alvo.<\/p>\n<p>\u201cA vacina \u00e9 certificada, tem comprova\u00e7\u00e3o cient\u00edfica, n\u00e3o h\u00e1 porque ter medo. Vacinar \u00e9 uma demonstra\u00e7\u00e3o de que voc\u00ea se importa consigo e com o outro. Diante da aproxima\u00e7\u00e3o do Micareta, a nossa recomenda\u00e7\u00e3o \u00e9 que as pessoas procurem as unidades logo para criar uma rede de prote\u00e7\u00e3o, de forma que a gente n\u00e3o sinta tanto o impacto de viroses que acabam circulando no p\u00f3s-festa\u201d, ressaltou.<\/p>\n<p>Al\u00e9m dos grupos j\u00e1 mencionados, a vacina tamb\u00e9m est\u00e1 dispon\u00edvel para trabalhadores da sa\u00fade, pu\u00e9rperas, quilombolas, pessoas em situa\u00e7\u00e3o de rua, professores, for\u00e7as de seguran\u00e7a, de salvamento e armadas, trabalhadores do transporte coletivo, portu\u00e1rios, caminhoneiros, popula\u00e7\u00e3o privada de liberdade, adolescentes e jovens em medidas socioeducativas, pessoas com doen\u00e7as cr\u00f4nicas ou defici\u00eancias, ind\u00edgenas e trabalhadores dos Correios.<\/p>\n<p>A aplica\u00e7\u00e3o das doses \u00e9 feita de segunda a sexta-feira, em todas as Unidades B\u00e1sicas de Sa\u00fade (UBSs) e Unidades de Sa\u00fade da Fam\u00edlia (USFs) de Feira de Santana.<\/p>\n<p>Para ter acesso \u00e9 necess\u00e1rio levar documento de identidade, cart\u00e3o do SUS, caderneta de vacina\u00e7\u00e3o. Crian\u00e7as e adolescentes devem estar acompanhados dos pais ou respons\u00e1veis.<\/p>\n<p><em>Com informa\u00e7\u00f5es da Secretaria Municipal de Comunica\u00e7\u00e3o Social (Secom)<\/em><\/p>\n<p><em>Siga o Acorda Cidade no<\/em><a href=\"https:\/\/news.google.com\/search?q=acorda%20cidade&amp;hl=pt-BR&amp;gl=BR&amp;ceid=BR%3Apt-419\"><strong><em>\u00a0Google Not\u00edcias<\/em><\/strong><\/a><em>\u00a0e receba os principais destaques do dia. Participe tamb\u00e9m dos nossos canais no\u00a0<\/em><a href=\"https:\/\/whatsapp.com\/channel\/0029Va6Rb4v3WHTNnsh8WI3N\"><strong><em>WhatsApp<\/em><\/strong><\/a><em>\u00a0e\u00a0<\/em><a href=\"https:\/\/www.youtube.com\/@acordacidadenoticias\/videos\"><strong>Youtube<\/strong><\/a><em>\u00a0e grupo de\u00a0<\/em><a href=\"https:\/\/t.me\/+sSz0khrgARA0ZmRh\"><strong><em>Telegram<\/em><\/strong><\/a><em>.<\/em><\/p>\n<\/div>\n","protected":false},"excerpt":{"rendered":"<div>\n<div>\n<figure><img decoding=\"async\" src=\"https:\/\/uploads.acordacidade.com.br\/2025\/04\/2aRiFJqI-vacinacao-contra-a-gripe-em-idosos-Foto-Thiago-Paixao-22.webp\" alt=\"vacina\u00e7\u00e3o\"><figcaption>Foto: Thiago Paix\u00e3o<\/figcaption><\/figure>\n<\/div>\n<p>Alcan\u00e7ar as metas de vacina\u00e7\u00e3o tem sido uma das prioridades da administra\u00e7\u00e3o p\u00fablica.<\/p><\/div>\n","protected":false},"author":1,"featured_media":80784,"comment_status":"closed","ping_status":"closed","sticky":false,"template":"","format":"gallery","meta":{"footnotes":""},"categories":[8,9,6,57,56,10],"tags":[],"class_list":["post-80783","post","type-post","status-publish","format-gallery","has-post-thumbnail","hentry","category-bahia","category-brasil","category-feira-de-santana","category-mundo","category-policia","category-politica","post_format-post-format-gallery"],"featured_image_urls":{"full":["https:\/\/noticiasbahia360.com.br\/wp-content\/uploads\/2025\/04\/2aRiFJqI-vacinacao-contra-a-gripe-em-idosos-Foto-Thiago-Paixao-22.webp",1200,719,false],"thumbnail":["https:\/\/noticiasbahia360.com.br\/wp-content\/uploads\/2025\/04\/2aRiFJqI-vacinacao-contra-a-gripe-em-idosos-Foto-Thiago-Paixao-22-150x150.webp",150,150,true],"medium":["https:\/\/noticiasbahia360.com.br\/wp-content\/uploads\/2025\/04\/2aRiFJqI-vacinacao-contra-a-gripe-em-idosos-Foto-Thiago-Paixao-22-300x180.webp",300,180,true],"medium_large":["https:\/\/noticiasbahia360.com.br\/wp-content\/uploads\/2025\/04\/2aRiFJqI-vacinacao-contra-a-gripe-em-idosos-Foto-Thiago-Paixao-22-768x460.webp",640,383,true],"large":["https:\/\/noticiasbahia360.com.br\/wp-content\/uploads\/2025\/04\/2aRiFJqI-vacinacao-contra-a-gripe-em-idosos-Foto-Thiago-Paixao-22-1024x614.webp",640,384,true],"1536x1536":["https:\/\/noticiasbahia360.com.br\/wp-content\/uploads\/2025\/04\/2aRiFJqI-vacinacao-contra-a-gripe-em-idosos-Foto-Thiago-Paixao-22.webp",1200,719,false],"2048x2048":["https:\/\/noticiasbahia360.com.br\/wp-content\/uploads\/2025\/04\/2aRiFJqI-vacinacao-contra-a-gripe-em-idosos-Foto-Thiago-Paixao-22.webp",1200,719,false],"chromenews-featured":["https:\/\/noticiasbahia360.com.br\/wp-content\/uploads\/2025\/04\/2aRiFJqI-vacinacao-contra-a-gripe-em-idosos-Foto-Thiago-Paixao-22-1024x614.webp",1024,614,true],"chromenews-large":["https:\/\/noticiasbahia360.com.br\/wp-content\/uploads\/2025\/04\/2aRiFJqI-vacinacao-contra-a-gripe-em-idosos-Foto-Thiago-Paixao-22-825x575.webp",825,575,true],"chromenews-medium":["https:\/\/noticiasbahia360.com.br\/wp-content\/uploads\/2025\/04\/2aRiFJqI-vacinacao-contra-a-gripe-em-idosos-Foto-Thiago-Paixao-22-590x410.webp",590,410,true]},"author_info":{"display_name":"noticiasbahia360.com.br","author_link":"https:\/\/noticiasbahia360.com.br\/?author=1"},"category_info":"<a href=\"https:\/\/noticiasbahia360.com.br\/?cat=8\" rel=\"category\">Bahia<\/a> <a href=\"https:\/\/noticiasbahia360.com.br\/?cat=9\" rel=\"category\">Brasil<\/a> <a href=\"https:\/\/noticiasbahia360.com.br\/?cat=6\" rel=\"category\">Feira de Santana<\/a> <a href=\"https:\/\/noticiasbahia360.com.br\/?cat=57\" rel=\"category\">Mundo<\/a> <a href=\"https:\/\/noticiasbahia360.com.br\/?cat=56\" rel=\"category\">Pol\u00edcia<\/a> <a href=\"https:\/\/noticiasbahia360.com.br\/?cat=10\" rel=\"category\">Pol\u00edtica<\/a>","tag_info":"Pol\u00edtica","comment_count":"0","_links":{"self":[{"href":"https:\/\/noticiasbahia360.com.br\/index.php?rest_route=\/wp\/v2\/posts\/80783","targetHints":{"allow":["GET"]}}],"collection":[{"href":"https:\/\/noticiasbahia360.com.br\/index.php?rest_route=\/wp\/v2\/posts"}],"about":[{"href":"https:\/\/noticiasbahia360.com.br\/index.php?rest_route=\/wp\/v2\/types\/post"}],"author":[{"embeddable":true,"href":"https:\/\/noticiasbahia360.com.br\/index.php?rest_route=\/wp\/v2\/users\/1"}],"replies":[{"embeddable":true,"href":"https:\/\/noticiasbahia360.com.br\/index.php?rest_route=%2Fwp%2Fv2%2Fcomments&post=80783"}],"version-history":[{"count":0,"href":"https:\/\/noticiasbahia360.com.br\/index.php?rest_route=\/wp\/v2\/posts\/80783\/revisions"}],"wp:featuredmedia":[{"embeddable":true,"href":"https:\/\/noticiasbahia360.com.br\/index.php?rest_route=\/wp\/v2\/media\/80784"}],"wp:attachment":[{"href":"https:\/\/noticiasbahia360.com.br\/index.php?rest_route=%2Fwp%2Fv2%2Fmedia&parent=80783"}],"wp:term":[{"taxonomy":"category","embeddable":true,"href":"https:\/\/noticiasbahia360.com.br\/index.php?rest_route=%2Fwp%2Fv2%2Fcategories&post=80783"},{"taxonomy":"post_tag","embeddable":true,"href":"https:\/\/noticiasbahia360.com.br\/index.php?rest_route=%2Fwp%2Fv2%2Ftags&post=80783"}],"curies":[{"name":"wp","href":"https:\/\/api.w.org\/{rel}","templated":true}]}}