{"id":80785,"date":"2025-04-02T08:35:02","date_gmt":"2025-04-02T11:35:02","guid":{"rendered":"https:\/\/noticiasbahia360.com.br\/?p=80785"},"modified":"2025-04-02T08:35:02","modified_gmt":"2025-04-02T11:35:02","slug":"procon-suspende-atendimento-de-7-a-14-de-abril-para-concluir-reforma","status":"publish","type":"post","link":"https:\/\/noticiasbahia360.com.br\/?p=80785","title":{"rendered":"Procon suspende atendimento de 7 a 14 de abril para concluir reforma"},"content":{"rendered":"<div>\n<div>\n<figure><img decoding=\"async\" src=\"http:\/\/noticiasbahia360.com.br\/wp-content\/uploads\/2025\/04\/IdxChr8g-Procon.webp\" alt=\"Procon\"><figcaption>Foto: Divulga\u00e7\u00e3o<\/figcaption><\/figure>\n<\/div>\n<p>A Superintend\u00eancia Municipal de Prote\u00e7\u00e3o e Defesa do Consumidor (<a href=\"https:\/\/www.acordacidade.com.br\/tag\/procon\/\">Procon FSA<\/a>) suspender\u00e1 o atendimento ao p\u00fablico entre os dias 7 e 14 de abril devido \u00e0 fase final das obras de reforma na sede do \u00f3rg\u00e3o. A medida inclui a paralisa\u00e7\u00e3o dos servi\u00e7os presenciais, o agendamento e a contagem de prazos processuais administrativos.<\/p>\n<p>As audi\u00eancias de concilia\u00e7\u00e3o do Procon marcadas para esse per\u00edodo ser\u00e3o mantidas, mas ocorrer\u00e3o no Centro Integrado de Educa\u00e7\u00e3o Inclusiva Colbert Martins da Silva, na Rua Visconde do Rio Branco, n\u00ba 716, antigo Feira T\u00eanis Clube. O atendimento ao p\u00fablico ser\u00e1 retomado no dia 15 de abril.<\/p>\n<p>O superintendente do Procon, Maur\u00edcio Carvalho, explica que a reforma, iniciada em fevereiro, foi dividida em tr\u00eas etapas. J\u00e1 foram conclu\u00eddas a recupera\u00e7\u00e3o do telhado e a reforma do primeiro pavimento. Agora, os trabalhos chegam \u00e0 parte t\u00e9rrea, onde funcionam os guich\u00eas de atendimento, o setor de fiscaliza\u00e7\u00e3o e as audi\u00eancias de concilia\u00e7\u00e3o.<\/p>\n<p>\u201cEssa obra era necess\u00e1ria para corrigir infiltra\u00e7\u00f5es, problemas hidr\u00e1ulicos e modernizar a parte el\u00e9trica. Como ser\u00e1 preciso montar andaimes para a recupera\u00e7\u00e3o do espa\u00e7o, decidimos suspender os atendimentos temporariamente\u201d, afirma Carvalho.<\/p>\n<p>Durante a paralisa\u00e7\u00e3o, o Procon realizar\u00e1 capacita\u00e7\u00e3o da equipe nos dias 7 e 8 de abril, na OAB de Feira de Santana. J\u00e1 entre os dias 9 e 14, um mutir\u00e3o jur\u00eddico ser\u00e1 promovido para acelerar decis\u00f5es de processos administrativos.<\/p>\n<p>\u201cMesmo com a suspens\u00e3o do atendimento ao p\u00fablico, seguimos trabalhando internamente para melhorar os servi\u00e7os prestados aos consumidores\u201d, refor\u00e7a o superintendente.<\/p>\n<p><em>Com informa\u00e7\u00f5es da Secretaria Municipal de Comunica\u00e7\u00e3o Social (Secom)<\/em><\/p>\n<p><em>Siga o Acorda Cidade no<\/em><a href=\"https:\/\/news.google.com\/search?q=acorda%20cidade&amp;hl=pt-BR&amp;gl=BR&amp;ceid=BR%3Apt-419\"><strong><em>\u00a0Google Not\u00edcias<\/em><\/strong><\/a><em>\u00a0e receba os principais destaques do dia. Participe tamb\u00e9m dos nossos canais no\u00a0<\/em><a href=\"https:\/\/whatsapp.com\/channel\/0029Va6Rb4v3WHTNnsh8WI3N\"><strong><em>WhatsApp<\/em><\/strong><\/a><em>\u00a0e\u00a0<\/em><a href=\"https:\/\/www.youtube.com\/@acordacidadenoticias\/videos\"><strong>Youtube<\/strong><\/a><em>\u00a0e grupo de\u00a0<\/em><a href=\"https:\/\/t.me\/+sSz0khrgARA0ZmRh\"><strong><em>Telegram<\/em><\/strong><\/a><em>.<\/em><\/p>\n<\/div>\n","protected":false},"excerpt":{"rendered":"<div>\n<div>\n<figure><img decoding=\"async\" src=\"https:\/\/uploads.acordacidade.com.br\/2025\/04\/IdxChr8g-Procon.webp\" alt=\"Procon\"><figcaption>Foto: Divulga\u00e7\u00e3o<\/figcaption><\/figure>\n<\/div>\n<p>As audi\u00eancias de concilia\u00e7\u00e3o marcadas para esse per\u00edodo ser\u00e3o mantidas no Centro de Educa\u00e7\u00e3o Inclusiva Colbert Martins da Silva<\/p><\/div>\n","protected":false},"author":1,"featured_media":80786,"comment_status":"closed","ping_status":"closed","sticky":false,"template":"","format":"gallery","meta":{"footnotes":""},"categories":[8,9,6,57,56,10],"tags":[],"class_list":["post-80785","post","type-post","status-publish","format-gallery","has-post-thumbnail","hentry","category-bahia","category-brasil","category-feira-de-santana","category-mundo","category-policia","category-politica","post_format-post-format-gallery"],"featured_image_urls":{"full":["https:\/\/noticiasbahia360.com.br\/wp-content\/uploads\/2025\/04\/IdxChr8g-Procon.webp",1200,638,false],"thumbnail":["https:\/\/noticiasbahia360.com.br\/wp-content\/uploads\/2025\/04\/IdxChr8g-Procon-150x150.webp",150,150,true],"medium":["https:\/\/noticiasbahia360.com.br\/wp-content\/uploads\/2025\/04\/IdxChr8g-Procon-300x160.webp",300,160,true],"medium_large":["https:\/\/noticiasbahia360.com.br\/wp-content\/uploads\/2025\/04\/IdxChr8g-Procon-768x408.webp",640,340,true],"large":["https:\/\/noticiasbahia360.com.br\/wp-content\/uploads\/2025\/04\/IdxChr8g-Procon-1024x544.webp",640,340,true],"1536x1536":["https:\/\/noticiasbahia360.com.br\/wp-content\/uploads\/2025\/04\/IdxChr8g-Procon.webp",1200,638,false],"2048x2048":["https:\/\/noticiasbahia360.com.br\/wp-content\/uploads\/2025\/04\/IdxChr8g-Procon.webp",1200,638,false],"chromenews-featured":["https:\/\/noticiasbahia360.com.br\/wp-content\/uploads\/2025\/04\/IdxChr8g-Procon-1024x544.webp",1024,544,true],"chromenews-large":["https:\/\/noticiasbahia360.com.br\/wp-content\/uploads\/2025\/04\/IdxChr8g-Procon-825x575.webp",825,575,true],"chromenews-medium":["https:\/\/noticiasbahia360.com.br\/wp-content\/uploads\/2025\/04\/IdxChr8g-Procon-590x410.webp",590,410,true]},"author_info":{"display_name":"noticiasbahia360.com.br","author_link":"https:\/\/noticiasbahia360.com.br\/?author=1"},"category_info":"<a href=\"https:\/\/noticiasbahia360.com.br\/?cat=8\" rel=\"category\">Bahia<\/a> <a href=\"https:\/\/noticiasbahia360.com.br\/?cat=9\" rel=\"category\">Brasil<\/a> <a href=\"https:\/\/noticiasbahia360.com.br\/?cat=6\" rel=\"category\">Feira de Santana<\/a> <a href=\"https:\/\/noticiasbahia360.com.br\/?cat=57\" rel=\"category\">Mundo<\/a> <a href=\"https:\/\/noticiasbahia360.com.br\/?cat=56\" rel=\"category\">Pol\u00edcia<\/a> <a href=\"https:\/\/noticiasbahia360.com.br\/?cat=10\" rel=\"category\">Pol\u00edtica<\/a>","tag_info":"Pol\u00edtica","comment_count":"0","_links":{"self":[{"href":"https:\/\/noticiasbahia360.com.br\/index.php?rest_route=\/wp\/v2\/posts\/80785","targetHints":{"allow":["GET"]}}],"collection":[{"href":"https:\/\/noticiasbahia360.com.br\/index.php?rest_route=\/wp\/v2\/posts"}],"about":[{"href":"https:\/\/noticiasbahia360.com.br\/index.php?rest_route=\/wp\/v2\/types\/post"}],"author":[{"embeddable":true,"href":"https:\/\/noticiasbahia360.com.br\/index.php?rest_route=\/wp\/v2\/users\/1"}],"replies":[{"embeddable":true,"href":"https:\/\/noticiasbahia360.com.br\/index.php?rest_route=%2Fwp%2Fv2%2Fcomments&post=80785"}],"version-history":[{"count":0,"href":"https:\/\/noticiasbahia360.com.br\/index.php?rest_route=\/wp\/v2\/posts\/80785\/revisions"}],"wp:featuredmedia":[{"embeddable":true,"href":"https:\/\/noticiasbahia360.com.br\/index.php?rest_route=\/wp\/v2\/media\/80786"}],"wp:attachment":[{"href":"https:\/\/noticiasbahia360.com.br\/index.php?rest_route=%2Fwp%2Fv2%2Fmedia&parent=80785"}],"wp:term":[{"taxonomy":"category","embeddable":true,"href":"https:\/\/noticiasbahia360.com.br\/index.php?rest_route=%2Fwp%2Fv2%2Fcategories&post=80785"},{"taxonomy":"post_tag","embeddable":true,"href":"https:\/\/noticiasbahia360.com.br\/index.php?rest_route=%2Fwp%2Fv2%2Ftags&post=80785"}],"curies":[{"name":"wp","href":"https:\/\/api.w.org\/{rel}","templated":true}]}} 