{"id":80787,"date":"2025-04-02T08:44:13","date_gmt":"2025-04-02T11:44:13","guid":{"rendered":"https:\/\/noticiasbahia360.com.br\/?p=80787"},"modified":"2025-04-02T08:44:13","modified_gmt":"2025-04-02T11:44:13","slug":"saiba-como-emitir-o-certificado-internacional-de-vacinacao-sem-sair-de-casa","status":"publish","type":"post","link":"https:\/\/noticiasbahia360.com.br\/?p=80787","title":{"rendered":"Saiba como emitir o Certificado Internacional de Vacina\u00e7\u00e3o sem sair de casa"},"content":{"rendered":"<div>\n<div>\n<figure><img decoding=\"async\" src=\"http:\/\/noticiasbahia360.com.br\/wp-content\/uploads\/2025\/04\/K6SpC3po-Vacina-contra-gripe-Foto-Thiago-Paixao-22.webp\" alt=\"vacina\u00e7\u00e3o\"><figcaption>Foto: Thiago Paix\u00e3o<\/figcaption><\/figure>\n<\/div>\n<p>Os moradores de Feira de Santana que pretendem viajar para o exterior, devem ficar atentos aos requisitos cobrados em cada destino. Segundo a Ag\u00eancia Nacional de Vigil\u00e2ncia Sanit\u00e1ria (<a href=\"https:\/\/www.acordacidade.com.br\/tag\/anvisa\/\">Anvisa<\/a>), mais de 100 pa\u00edses exigem o Certificado Internacional de Vacina\u00e7\u00e3o ou Profilaxia (CIVP), principalmente para comprovar a imuniza\u00e7\u00e3o contra a febre amarela.\u00a0<\/p>\n<p>A emiss\u00e3o do certificado pode ser feita de forma online, sem necessidade de comparecimento \u00e0 Secretaria Municipal de Sa\u00fade. O procedimento segue os seguintes passos:<\/p>\n<ul class=\"wp-block-list\">\n<li><strong>Aplica\u00e7\u00e3o da vacina<\/strong>\u00a0\u2013 Dispon\u00edvel em postos de sa\u00fade e cl\u00ednicas da rede particular credenciadas.<\/li>\n<li><strong>Acesso ao portal Gov.br\u00a0<\/strong>\u2013 \u00c9 necess\u00e1rio criar uma conta ou utilizar um login j\u00e1 existente.<\/li>\n<li><strong>Solicita\u00e7\u00e3o pelo site da Anvisa<\/strong>\u00a0\u2013 Fazer o envio do comprovante de vacina\u00e7\u00e3o e dos dados pessoais exigidos.<\/li>\n<\/ul>\n<p>Acompanhamento do protocolo \u2013 Ap\u00f3s valida\u00e7\u00e3o pela Anvisa, o certificado pode ser baixado e apresentado na imigra\u00e7\u00e3o, tanto no formato digital quanto impresso.<\/p>\n<p>Aqueles que receberam a dose fracionada da vacina em 2018 e possuem viagem confirmadas para destinos com circula\u00e7\u00e3o do v\u00edrus devem procurar uma unidade de sa\u00fade para receber uma dose adicional.<\/p>\n<p>Nos postos de sa\u00fade, a vacina\u00e7\u00e3o \u00e9 priorit\u00e1ria para crian\u00e7as de nove meses a menores de cinco anos. As pessoas entre cinco e 59 anos que ainda n\u00e3o foram vacinadas, podem garantir a imuniza\u00e7\u00e3o com apenas uma \u00fanica dose.<\/p>\n<p>A Secretaria de Sa\u00fade ainda orienta que a solicita\u00e7\u00e3o do certificado seja feita com anteced\u00eancia para evitar imprevistos que podem atrapalhar ou at\u00e9 impedir o pr\u00f3prio embarque ou dos acompanhantes.<\/p>\n<p><em>Com informa\u00e7\u00f5es da Secretaria Municipal de Comunica\u00e7\u00e3o Social (Secom)<\/em><\/p>\n<p><em>Siga o Acorda Cidade no<\/em><a href=\"https:\/\/news.google.com\/search?q=acorda%20cidade&amp;hl=pt-BR&amp;gl=BR&amp;ceid=BR%3Apt-419\"><strong><em>\u00a0Google Not\u00edcias<\/em><\/strong><\/a><em>\u00a0e receba os principais destaques do dia. Participe tamb\u00e9m dos nossos canais no\u00a0<\/em><a href=\"https:\/\/whatsapp.com\/channel\/0029Va6Rb4v3WHTNnsh8WI3N\"><strong><em>WhatsApp<\/em><\/strong><\/a><em>\u00a0e\u00a0<\/em><a href=\"https:\/\/www.youtube.com\/@acordacidadenoticias\/videos\"><strong>Youtube<\/strong><\/a><em>\u00a0e grupo de\u00a0<\/em><a href=\"https:\/\/t.me\/+sSz0khrgARA0ZmRh\"><strong><em>Telegram<\/em><\/strong><\/a><em>.<\/em><\/p>\n<\/div>\n","protected":false},"excerpt":{"rendered":"<div>\n<div>\n<figure><img decoding=\"async\" src=\"https:\/\/uploads.acordacidade.com.br\/2025\/04\/K6SpC3po-Vacina-contra-gripe-Foto-Thiago-Paixao-22.webp\" alt=\"vacina\u00e7\u00e3o\"><figcaption>Foto: Thiago Paix\u00e3o<\/figcaption><\/figure>\n<\/div>\n<p>Segundo a Ag\u00eancia Nacional de Vigil\u00e2ncia Sanit\u00e1ria (Anvisa), mais de 100 pa\u00edses exigem o Certificado Internacional de Vacina\u00e7\u00e3o ou Profilaxia.<\/p><\/div>\n","protected":false},"author":1,"featured_media":80788,"comment_status":"closed","ping_status":"closed","sticky":false,"template":"","format":"gallery","meta":{"footnotes":""},"categories":[8,9,6,57,56,10],"tags":[],"class_list":["post-80787","post","type-post","status-publish","format-gallery","has-post-thumbnail","hentry","category-bahia","category-brasil","category-feira-de-santana","category-mundo","category-policia","category-politica","post_format-post-format-gallery"],"featured_image_urls":{"full":["https:\/\/noticiasbahia360.com.br\/wp-content\/uploads\/2025\/04\/K6SpC3po-Vacina-contra-gripe-Foto-Thiago-Paixao-22.webp",1200,719,false],"thumbnail":["https:\/\/noticiasbahia360.com.br\/wp-content\/uploads\/2025\/04\/K6SpC3po-Vacina-contra-gripe-Foto-Thiago-Paixao-22-150x150.webp",150,150,true],"medium":["https:\/\/noticiasbahia360.com.br\/wp-content\/uploads\/2025\/04\/K6SpC3po-Vacina-contra-gripe-Foto-Thiago-Paixao-22-300x180.webp",300,180,true],"medium_large":["https:\/\/noticiasbahia360.com.br\/wp-content\/uploads\/2025\/04\/K6SpC3po-Vacina-contra-gripe-Foto-Thiago-Paixao-22-768x460.webp",640,383,true],"large":["https:\/\/noticiasbahia360.com.br\/wp-content\/uploads\/2025\/04\/K6SpC3po-Vacina-contra-gripe-Foto-Thiago-Paixao-22-1024x614.webp",640,384,true],"1536x1536":["https:\/\/noticiasbahia360.com.br\/wp-content\/uploads\/2025\/04\/K6SpC3po-Vacina-contra-gripe-Foto-Thiago-Paixao-22.webp",1200,719,false],"2048x2048":["https:\/\/noticiasbahia360.com.br\/wp-content\/uploads\/2025\/04\/K6SpC3po-Vacina-contra-gripe-Foto-Thiago-Paixao-22.webp",1200,719,false],"chromenews-featured":["https:\/\/noticiasbahia360.com.br\/wp-content\/uploads\/2025\/04\/K6SpC3po-Vacina-contra-gripe-Foto-Thiago-Paixao-22-1024x614.webp",1024,614,true],"chromenews-large":["https:\/\/noticiasbahia360.com.br\/wp-content\/uploads\/2025\/04\/K6SpC3po-Vacina-contra-gripe-Foto-Thiago-Paixao-22-825x575.webp",825,575,true],"chromenews-medium":["https:\/\/noticiasbahia360.com.br\/wp-content\/uploads\/2025\/04\/K6SpC3po-Vacina-contra-gripe-Foto-Thiago-Paixao-22-590x410.webp",590,410,true]},"author_info":{"display_name":"noticiasbahia360.com.br","author_link":"https:\/\/noticiasbahia360.com.br\/?author=1"},"category_info":"<a href=\"https:\/\/noticiasbahia360.com.br\/?cat=8\" rel=\"category\">Bahia<\/a> <a href=\"https:\/\/noticiasbahia360.com.br\/?cat=9\" rel=\"category\">Brasil<\/a> <a href=\"https:\/\/noticiasbahia360.com.br\/?cat=6\" rel=\"category\">Feira de Santana<\/a> <a href=\"https:\/\/noticiasbahia360.com.br\/?cat=57\" rel=\"category\">Mundo<\/a> <a href=\"https:\/\/noticiasbahia360.com.br\/?cat=56\" rel=\"category\">Pol\u00edcia<\/a> <a href=\"https:\/\/noticiasbahia360.com.br\/?cat=10\" rel=\"category\">Pol\u00edtica<\/a>","tag_info":"Pol\u00edtica","comment_count":"0","_links":{"self":[{"href":"https:\/\/noticiasbahia360.com.br\/index.php?rest_route=\/wp\/v2\/posts\/80787","targetHints":{"allow":["GET"]}}],"collection":[{"href":"https:\/\/noticiasbahia360.com.br\/index.php?rest_route=\/wp\/v2\/posts"}],"about":[{"href":"https:\/\/noticiasbahia360.com.br\/index.php?rest_route=\/wp\/v2\/types\/post"}],"author":[{"embeddable":true,"href":"https:\/\/noticiasbahia360.com.br\/index.php?rest_route=\/wp\/v2\/users\/1"}],"replies":[{"embeddable":true,"href":"https:\/\/noticiasbahia360.com.br\/index.php?rest_route=%2Fwp%2Fv2%2Fcomments&post=80787"}],"version-history":[{"count":0,"href":"https:\/\/noticiasbahia360.com.br\/index.php?rest_route=\/wp\/v2\/posts\/80787\/revisions"}],"wp:featuredmedia":[{"embeddable":true,"href":"https:\/\/noticiasbahia360.com.br\/index.php?rest_route=\/wp\/v2\/media\/80788"}],"wp:attachment":[{"href":"https:\/\/noticiasbahia360.com.br\/index.php?rest_route=%2Fwp%2Fv2%2Fmedia&parent=80787"}],"wp:term":[{"taxonomy":"category","embeddable":true,"href":"https:\/\/noticiasbahia360.com.br\/index.php?rest_route=%2Fwp%2Fv2%2Fcategories&post=80787"},{"taxonomy":"post_tag","embeddable":true,"href":"https:\/\/noticiasbahia360.com.br\/index.php?rest_route=%2Fwp%2Fv2%2Ftags&post=80787"}],"curies":[{"name":"wp","href":"https:\/\/api.w.org\/{rel}","templated":true}]}}