{"id":80789,"date":"2025-04-02T08:59:49","date_gmt":"2025-04-02T11:59:49","guid":{"rendered":"https:\/\/noticiasbahia360.com.br\/?p=80789"},"modified":"2025-04-02T08:59:49","modified_gmt":"2025-04-02T11:59:49","slug":"uefs-e-prefeitura-firmam-parceria-para-levantamento-sobre-nascentes-lagoas-e-bacias-do-municipio","status":"publish","type":"post","link":"https:\/\/noticiasbahia360.com.br\/?p=80789","title":{"rendered":"Uefs e Prefeitura firmam parceria para levantamento sobre nascentes, lagoas e bacias do munic\u00edpio"},"content":{"rendered":"<div>\n<div>\n<figure><img decoding=\"async\" src=\"http:\/\/noticiasbahia360.com.br\/wp-content\/uploads\/2025\/04\/QXeG7A6N-Uefs-e-Semmam.webp\" alt=\"Uefs e Semmam\"><figcaption>Foto: Ascom\/Uefs <\/figcaption><\/figure>\n<\/div>\n<p>Na tarde de segunda-feira (31), a secret\u00e1ria de Meio Ambiente e Recursos Naturais de Feira de Santana, Jaciara Moreira da Costa, participou de uma reuni\u00e3o com a reitora da Universidade Estadual de Feira de Santana (<a href=\"https:\/\/www.acordacidade.com.br\/tag\/uefs\/\">Uefs<\/a>), Professora Dra. Amali de Angelis Mussi. O encontro, que ocorreu na reitoria da universidade, foi marcado pela discuss\u00e3o sobre uma nova parceria entre a Prefeitura Municipal de Feira de Santana, atrav\u00e9s da Secretaria Municipal de Meio Ambiente e Recursos Naturais (Semmam), e a Uefs.<\/p>\n<p>O principal objetivo da parceria \u00e9 a realiza\u00e7\u00e3o de um levantamento acad\u00eamico detalhado sobre as nascentes, lagoas e bacias do munic\u00edpio, utilizando o protocolo acad\u00eamico da universidade. Este trabalho visa a cria\u00e7\u00e3o de um estudo vanguardista, que trar\u00e1 informa\u00e7\u00f5es detalhadas sobre o processo hist\u00f3rico, a geografia local e os impactos causados pela interfer\u00eancia humana nesses corpos h\u00eddricos.<\/p>\n<figure class=\"wp-block-image size-large\"><img fetchpriority=\"high\" fetchpriority=\"high\" decoding=\"async\" width=\"1024\" height=\"572\" src=\"http:\/\/noticiasbahia360.com.br\/wp-content\/uploads\/2025\/04\/oujt7tDv-Foto-Ascom-UEFS-2-1024x572-1.webp\" alt=\"Uefs e Semmam\" class=\"wp-image-517915\" srcset=\"https:\/\/uploads.acordacidade.com.br\/2025\/04\/oujt7tDv-Foto-Ascom-UEFS-2-300x168.webp 300w, http:\/\/noticiasbahia360.com.br\/wp-content\/uploads\/2025\/04\/oujt7tDv-Foto-Ascom-UEFS-2-1024x572-1.webp 1024w, https:\/\/uploads.acordacidade.com.br\/2025\/04\/oujt7tDv-Foto-Ascom-UEFS-2-768x429.webp 768w, https:\/\/uploads.acordacidade.com.br\/2025\/04\/oujt7tDv-Foto-Ascom-UEFS-2-150x84.webp 150w, https:\/\/uploads.acordacidade.com.br\/2025\/04\/oujt7tDv-Foto-Ascom-UEFS-2.webp 1200w\" sizes=\"(max-width: 1024px) 100vw, 1024px\"><figcaption class=\"wp-element-caption\">Foto: Ascom\/Uefs <\/figcaption><\/figure>\n<p>A secret\u00e1ria Jaciara Moreira destacou a import\u00e2ncia da colabora\u00e7\u00e3o entre a Prefeitura e a Uefs para a preserva\u00e7\u00e3o dos recursos h\u00eddricos do munic\u00edpio. \u201cA parceria com a universidade \u00e9 um passo fundamental para entendermos, com maior precis\u00e3o, os n\u00edveis de comprometimento de cada local, levando em considera\u00e7\u00e3o as interfer\u00eancias humanas e, principalmente, os investimentos necess\u00e1rios para a preserva\u00e7\u00e3o e recupera\u00e7\u00e3o dessas \u00e1reas essenciais\u201d, afirmou.<\/p>\n<figure class=\"wp-block-image size-large\"><img decoding=\"async\" width=\"1024\" height=\"594\" src=\"http:\/\/noticiasbahia360.com.br\/wp-content\/uploads\/2025\/04\/wmopjTEf-Foto-Ascom-UEFS-3-1024x594-1.webp\" alt=\"Uefs e Semmam\" class=\"wp-image-517914\" srcset=\"https:\/\/uploads.acordacidade.com.br\/2025\/04\/wmopjTEf-Foto-Ascom-UEFS-3-300x174.webp 300w, http:\/\/noticiasbahia360.com.br\/wp-content\/uploads\/2025\/04\/wmopjTEf-Foto-Ascom-UEFS-3-1024x594-1.webp 1024w, https:\/\/uploads.acordacidade.com.br\/2025\/04\/wmopjTEf-Foto-Ascom-UEFS-3-768x445.webp 768w, https:\/\/uploads.acordacidade.com.br\/2025\/04\/wmopjTEf-Foto-Ascom-UEFS-3-150x87.webp 150w, https:\/\/uploads.acordacidade.com.br\/2025\/04\/wmopjTEf-Foto-Ascom-UEFS-3.webp 1200w\" sizes=\"(max-width: 1024px) 100vw, 1024px\"><figcaption class=\"wp-element-caption\">Foto: Ascom\/Uefs <\/figcaption><\/figure>\n<p>Al\u00e9m disso, a Prefeitura, por meio da Semmam, disponibilizar\u00e1 dados e acesso ao arquivo p\u00fablico municipal, o que dar\u00e1 apoio jur\u00eddico e legal \u00e0 pesquisa. \u201cEssa parceria oferece seguran\u00e7a e respaldo para os estudos, garantindo que o levantamento dos dados seja o mais preciso e detalhado poss\u00edvel. Com isso, poderemos investir de forma eficaz na preserva\u00e7\u00e3o e recupera\u00e7\u00e3o dos nossos recursos h\u00eddricos\u201d, completou a secret\u00e1ria.<\/p>\n<p>A reuni\u00e3o contou tamb\u00e9m com a presen\u00e7a dos t\u00e9cnicos da Semmam e da Uefs, que come\u00e7aram a alinhar os detalhes do projeto.<\/p>\n<p><em>Com informa\u00e7\u00f5es da Secretaria Municipal de Comunica\u00e7\u00e3o Social (Secom)<\/em><\/p>\n<p><em>Siga o Acorda Cidade no<\/em><a href=\"https:\/\/news.google.com\/search?q=acorda%20cidade&amp;hl=pt-BR&amp;gl=BR&amp;ceid=BR%3Apt-419\"><strong><em>\u00a0Google Not\u00edcias<\/em><\/strong><\/a><em>\u00a0e receba os principais destaques do dia. Participe tamb\u00e9m dos nossos canais no\u00a0<\/em><a href=\"https:\/\/whatsapp.com\/channel\/0029Va6Rb4v3WHTNnsh8WI3N\"><strong><em>WhatsApp<\/em><\/strong><\/a><em>\u00a0e\u00a0<\/em><a href=\"https:\/\/www.youtube.com\/@acordacidadenoticias\/videos\"><strong>Youtube<\/strong><\/a><em>\u00a0e grupo de\u00a0<\/em><a href=\"https:\/\/t.me\/+sSz0khrgARA0ZmRh\"><strong><em>Telegram<\/em><\/strong><\/a><em>.<\/em><\/p>\n<\/div>\n","protected":false},"excerpt":{"rendered":"<div>\n<div>\n<figure><img decoding=\"async\" src=\"https:\/\/uploads.acordacidade.com.br\/2025\/04\/QXeG7A6N-Uefs-e-Semmam.webp\" alt=\"Uefs e Semmam\"><figcaption>Foto: Ascom\/Uefs <\/figcaption><\/figure>\n<\/div>\n<p>O principal objetivo da parceria \u00e9 a realiza\u00e7\u00e3o de um levantamento acad\u00eamico detalhado.<\/p><\/div>\n","protected":false},"author":1,"featured_media":80790,"comment_status":"closed","ping_status":"closed","sticky":false,"template":"","format":"gallery","meta":{"footnotes":""},"categories":[8,9,6,57,56,10],"tags":[],"class_list":["post-80789","post","type-post","status-publish","format-gallery","has-post-thumbnail","hentry","category-bahia","category-brasil","category-feira-de-santana","category-mundo","category-policia","category-politica","post_format-post-format-gallery"],"featured_image_urls":{"full":["https:\/\/noticiasbahia360.com.br\/wp-content\/uploads\/2025\/04\/QXeG7A6N-Uefs-e-Semmam.webp",1200,710,false],"thumbnail":["https:\/\/noticiasbahia360.com.br\/wp-content\/uploads\/2025\/04\/QXeG7A6N-Uefs-e-Semmam-150x150.webp",150,150,true],"medium":["https:\/\/noticiasbahia360.com.br\/wp-content\/uploads\/2025\/04\/QXeG7A6N-Uefs-e-Semmam-300x178.webp",300,178,true],"medium_large":["https:\/\/noticiasbahia360.com.br\/wp-content\/uploads\/2025\/04\/QXeG7A6N-Uefs-e-Semmam-768x454.webp",640,378,true],"large":["https:\/\/noticiasbahia360.com.br\/wp-content\/uploads\/2025\/04\/QXeG7A6N-Uefs-e-Semmam-1024x606.webp",640,379,true],"1536x1536":["https:\/\/noticiasbahia360.com.br\/wp-content\/uploads\/2025\/04\/QXeG7A6N-Uefs-e-Semmam.webp",1200,710,false],"2048x2048":["https:\/\/noticiasbahia360.com.br\/wp-content\/uploads\/2025\/04\/QXeG7A6N-Uefs-e-Semmam.webp",1200,710,false],"chromenews-featured":["https:\/\/noticiasbahia360.com.br\/wp-content\/uploads\/2025\/04\/QXeG7A6N-Uefs-e-Semmam-1024x606.webp",1024,606,true],"chromenews-large":["https:\/\/noticiasbahia360.com.br\/wp-content\/uploads\/2025\/04\/QXeG7A6N-Uefs-e-Semmam-825x575.webp",825,575,true],"chromenews-medium":["https:\/\/noticiasbahia360.com.br\/wp-content\/uploads\/2025\/04\/QXeG7A6N-Uefs-e-Semmam-590x410.webp",590,410,true]},"author_info":{"display_name":"noticiasbahia360.com.br","author_link":"https:\/\/noticiasbahia360.com.br\/?author=1"},"category_info":"<a href=\"https:\/\/noticiasbahia360.com.br\/?cat=8\" rel=\"category\">Bahia<\/a> <a href=\"https:\/\/noticiasbahia360.com.br\/?cat=9\" rel=\"category\">Brasil<\/a> <a href=\"https:\/\/noticiasbahia360.com.br\/?cat=6\" rel=\"category\">Feira de Santana<\/a> <a href=\"https:\/\/noticiasbahia360.com.br\/?cat=57\" rel=\"category\">Mundo<\/a> <a href=\"https:\/\/noticiasbahia360.com.br\/?cat=56\" rel=\"category\">Pol\u00edcia<\/a> <a href=\"https:\/\/noticiasbahia360.com.br\/?cat=10\" rel=\"category\">Pol\u00edtica<\/a>","tag_info":"Pol\u00edtica","comment_count":"0","_links":{"self":[{"href":"https:\/\/noticiasbahia360.com.br\/index.php?rest_route=\/wp\/v2\/posts\/80789","targetHints":{"allow":["GET"]}}],"collection":[{"href":"https:\/\/noticiasbahia360.com.br\/index.php?rest_route=\/wp\/v2\/posts"}],"about":[{"href":"https:\/\/noticiasbahia360.com.br\/index.php?rest_route=\/wp\/v2\/types\/post"}],"author":[{"embeddable":true,"href":"https:\/\/noticiasbahia360.com.br\/index.php?rest_route=\/wp\/v2\/users\/1"}],"replies":[{"embeddable":true,"href":"https:\/\/noticiasbahia360.com.br\/index.php?rest_route=%2Fwp%2Fv2%2Fcomments&post=80789"}],"version-history":[{"count":0,"href":"https:\/\/noticiasbahia360.com.br\/index.php?rest_route=\/wp\/v2\/posts\/80789\/revisions"}],"wp:featuredmedia":[{"embeddable":true,"href":"https:\/\/noticiasbahia360.com.br\/index.php?rest_route=\/wp\/v2\/media\/80790"}],"wp:attachment":[{"href":"https:\/\/noticiasbahia360.com.br\/index.php?rest_route=%2Fwp%2Fv2%2Fmedia&parent=80789"}],"wp:term":[{"taxonomy":"category","embeddable":true,"href":"https:\/\/noticiasbahia360.com.br\/index.php?rest_route=%2Fwp%2Fv2%2Fcategories&post=80789"},{"taxonomy":"post_tag","embeddable":true,"href":"https:\/\/noticiasbahia360.com.br\/index.php?rest_route=%2Fwp%2Fv2%2Ftags&post=80789"}],"curies":[{"name":"wp","href":"https:\/\/api.w.org\/{rel}","templated":true}]}} 