{"id":80795,"date":"2025-04-02T09:11:06","date_gmt":"2025-04-02T12:11:06","guid":{"rendered":"https:\/\/noticiasbahia360.com.br\/?p=80795"},"modified":"2025-04-02T09:11:06","modified_gmt":"2025-04-02T12:11:06","slug":"atleta-de-feira-de-santana-conquista-medalha-de-ouro-em-competicao-internacional-de-jiu-jitsu","status":"publish","type":"post","link":"https:\/\/noticiasbahia360.com.br\/?p=80795","title":{"rendered":"Atleta de Feira de Santana conquista medalha de ouro em competi\u00e7\u00e3o internacional de Jiu-Jitsu"},"content":{"rendered":"<div>\n<div>\n<figure><img decoding=\"async\" src=\"http:\/\/noticiasbahia360.com.br\/wp-content\/uploads\/2025\/04\/atleta-de-deira-de-santana-foto-arquivo-pessoal-1-1.jpeg\" alt=\"atleta\"><figcaption>Foto: Arquivo Pessoal <\/figcaption><\/figure>\n<\/div>\n<div class=\"wp-block-group\">\n<div class=\"wp-block-group__inner-container is-layout-constrained wp-block-group-is-layout-constrained\">\n<p>O atleta Igor Andrade Vieira, de 18 anos, conquistou uma medalha de ouro no Salvador Fall, competi\u00e7\u00e3o internacional de Jiu-Jitsu que ocorreu no \u00faltimo final de semana. O feirense chegou a <a href=\"https:\/\/www.acordacidade.com.br\/esportes\/jovem-promessa-do-jiu-jitsu-atleta-de-feira-de-santana-busca-apoio-para-competicao-em-salvador\/\" target=\"_blank\" rel=\"noreferrer noopener\">realizar uma campanha em busca de apoio<\/a> para arcar com os custos para disputar na capital.<\/p>\n<figure class=\"wp-block-image size-large\"><img fetchpriority=\"high\" decoding=\"async\" width=\"1024\" height=\"1024\" src=\"http:\/\/noticiasbahia360.com.br\/wp-content\/uploads\/2025\/04\/v1Zkwdd4-atleta-de-deira-de-santana-foto-arquivo-pessoal-1-1024x1024-1.webp\" alt=\"\" class=\"wp-image-517635\" srcset=\"https:\/\/uploads.acordacidade.com.br\/2025\/04\/v1Zkwdd4-atleta-de-deira-de-santana-foto-arquivo-pessoal-1-300x300.webp 300w, http:\/\/noticiasbahia360.com.br\/wp-content\/uploads\/2025\/04\/v1Zkwdd4-atleta-de-deira-de-santana-foto-arquivo-pessoal-1-1024x1024-1.webp 1024w, https:\/\/uploads.acordacidade.com.br\/2025\/04\/v1Zkwdd4-atleta-de-deira-de-santana-foto-arquivo-pessoal-1-150x150.webp 150w, https:\/\/uploads.acordacidade.com.br\/2025\/04\/v1Zkwdd4-atleta-de-deira-de-santana-foto-arquivo-pessoal-1-768x768.webp 768w, https:\/\/uploads.acordacidade.com.br\/2025\/04\/v1Zkwdd4-atleta-de-deira-de-santana-foto-arquivo-pessoal-1-96x96.webp 96w, https:\/\/uploads.acordacidade.com.br\/2025\/04\/v1Zkwdd4-atleta-de-deira-de-santana-foto-arquivo-pessoal-1.webp 1200w\" sizes=\"(max-width: 1024px) 100vw, 1024px\"><figcaption class=\"wp-element-caption\">Foto: Arquivo Pessoal <\/figcaption><\/figure>\n<p>Em entrevista ao Acorda Cidade, Igor contou que o nervosismo, natural de todos os competidores, tomou conta dele nos momentos que antecederam a luta, mas que depois de respirar fundo algumas vezes, se concentrou para conseguir o que vem buscando h\u00e1 muito tempo: vencer.<\/p>\n<p>\u201cChegando no tatame, comecei a suar frio e s\u00f3 via na minha mente meu sensei me gritando, falando: \u2018Voc\u00ea tem que ganhar\u2019, \u2018Voc\u00ea vai ganhar\u2019. E a\u00ed eu ganhei. Fiz o que tinha que fazer e ganhei, fiquei muito feliz\u201d, disse.<\/p>\n<figure class=\"wp-block-image size-full is-resized\"><img decoding=\"async\" width=\"720\" height=\"480\" src=\"http:\/\/noticiasbahia360.com.br\/wp-content\/uploads\/2025\/04\/hVOc5wyC-atleta-de-deira-de-santana-foto-arquivo-pessoal-2.webp\" alt=\"\" class=\"wp-image-517637\" style=\"width:840px;height:auto\" srcset=\"https:\/\/uploads.acordacidade.com.br\/2025\/04\/hVOc5wyC-atleta-de-deira-de-santana-foto-arquivo-pessoal-2-300x200.webp 300w, https:\/\/uploads.acordacidade.com.br\/2025\/04\/hVOc5wyC-atleta-de-deira-de-santana-foto-arquivo-pessoal-2-150x100.webp 150w, http:\/\/noticiasbahia360.com.br\/wp-content\/uploads\/2025\/04\/hVOc5wyC-atleta-de-deira-de-santana-foto-arquivo-pessoal-2.webp 720w\" sizes=\"(max-width: 720px) 100vw, 720px\"><figcaption class=\"wp-element-caption\">Foto: Arquivo Pessoal <\/figcaption><\/figure>\n<\/div>\n<\/div>\n<div class=\"wp-block-group\">\n<div class=\"wp-block-group__inner-container is-layout-constrained wp-block-group-is-layout-constrained\">\n<h2 class=\"wp-block-heading\" id=\"h-gratidao\">Gratid\u00e3o <\/h2>\n<p>O atleta tamb\u00e9m aproveitou o momento para agradecer a institui\u00e7\u00e3o que, atrav\u00e9s de um apoio financeiro, forneceu as condi\u00e7\u00f5es necess\u00e1rias para que ele pudesse ir at\u00e9 Salvador participar da competi\u00e7\u00e3o.<\/p>\n<p>\u201cO Hospital Ortop\u00e9dico foi um patrocinador de extrema import\u00e2ncia para mim, porque me ajudou muito nos meus gastos e, gra\u00e7as a eles, eu pude participar do campeonato. Sou muito grato pelo que fizeram por mim e sou muito grato tamb\u00e9m a todos que me apoiaram. Estou muito feliz, \u00e9 algo imenso, \u00e9 uma sensa\u00e7\u00e3o imensa\u201d, disse Igor.<\/p>\n<figure class=\"wp-block-image size-large\"><img decoding=\"async\" width=\"1024\" height=\"768\" src=\"http:\/\/noticiasbahia360.com.br\/wp-content\/uploads\/2025\/04\/6H2LyQFk-atleta-de-deira-de-santana-foto-arquivo-pessoal-3-1024x768-1.webp\" alt=\"\" class=\"wp-image-517636\" srcset=\"https:\/\/uploads.acordacidade.com.br\/2025\/04\/6H2LyQFk-atleta-de-deira-de-santana-foto-arquivo-pessoal-3-300x225.webp 300w, http:\/\/noticiasbahia360.com.br\/wp-content\/uploads\/2025\/04\/6H2LyQFk-atleta-de-deira-de-santana-foto-arquivo-pessoal-3-1024x768-1.webp 1024w, https:\/\/uploads.acordacidade.com.br\/2025\/04\/6H2LyQFk-atleta-de-deira-de-santana-foto-arquivo-pessoal-3-768x576.webp 768w, https:\/\/uploads.acordacidade.com.br\/2025\/04\/6H2LyQFk-atleta-de-deira-de-santana-foto-arquivo-pessoal-3-1536x1152.webp 1536w, https:\/\/uploads.acordacidade.com.br\/2025\/04\/6H2LyQFk-atleta-de-deira-de-santana-foto-arquivo-pessoal-3-2048x1536.webp 2048w, https:\/\/uploads.acordacidade.com.br\/2025\/04\/6H2LyQFk-atleta-de-deira-de-santana-foto-arquivo-pessoal-3-150x113.webp 150w\" sizes=\"(max-width: 1024px) 100vw, 1024px\"><figcaption class=\"wp-element-caption\">Foto: Arquivo Pessoal <\/figcaption><\/figure>\n<\/div>\n<\/div>\n<p>O atleta agora esta focando pr\u00f3xima competi\u00e7\u00e3o, o Campeonato Brasileiro de Jiu-jitsu, que acontecer\u00e1 ainda neste m\u00eas de abril em Barueri (SP).<\/p>\n<div class=\"wp-block-group\">\n<div class=\"wp-block-group__inner-container is-layout-constrained wp-block-group-is-layout-constrained\">\n<p><em>Como informa\u00e7\u00f5es da jornalista Iasmim Santos do Acorda Cidade <\/em><\/p>\n<p><em>Reportagem escrita pelo estagi\u00e1rio de jornalismo Jefferson Ara\u00fajo sob supervis\u00e3o do jornalista Gabriel Gon\u00e7alves<\/em><\/p>\n<p><em>Siga o Acorda Cidade no<\/em><a href=\"https:\/\/news.google.com\/search?q=acorda%20cidade&amp;hl=pt-BR&amp;gl=BR&amp;ceid=BR%3Apt-419\"><strong><em>\u00a0Google Not\u00edcias<\/em><\/strong><\/a><em>\u00a0e receba os principais destaques do dia. Participe tamb\u00e9m dos nossos canais no\u00a0<\/em><a href=\"https:\/\/whatsapp.com\/channel\/0029Va6Rb4v3WHTNnsh8WI3N\"><strong><em>WhatsApp<\/em><\/strong><\/a><em>\u00a0e\u00a0<\/em><a href=\"https:\/\/www.youtube.com\/@acordacidadenoticias\/videos\"><strong>YouTube<\/strong><\/a><em>\u00a0e do grupo no\u00a0<\/em><a href=\"https:\/\/t.me\/+sSz0khrgARA0ZmRh\"><strong><em>Telegram<\/em><\/strong><\/a><em>.<\/em><\/p>\n<\/div>\n<\/div>\n<\/div>\n","protected":false},"excerpt":{"rendered":"<div>\n<div>\n<figure><img decoding=\"async\" src=\"https:\/\/uploads.acordacidade.com.br\/2025\/04\/atleta-de-deira-de-santana-foto-arquivo-pessoal-1-1.jpeg\" alt=\"atleta\"><figcaption>Foto: Arquivo Pessoal <\/figcaption><\/figure>\n<\/div>\n<p>O feirense chegou a realizar uma campanha em busca de apoio para arcar com os custos para disputar na capital.<\/p><\/div>\n","protected":false},"author":1,"featured_media":80796,"comment_status":"closed","ping_status":"closed","sticky":false,"template":"","format":"gallery","meta":{"footnotes":""},"categories":[8,9,6,57,56,10],"tags":[],"class_list":["post-80795","post","type-post","status-publish","format-gallery","has-post-thumbnail","hentry","category-bahia","category-brasil","category-feira-de-santana","category-mundo","category-policia","category-politica","post_format-post-format-gallery"],"featured_image_urls":{"full":["https:\/\/noticiasbahia360.com.br\/wp-content\/uploads\/2025\/04\/atleta-de-deira-de-santana-foto-arquivo-pessoal-1-1.jpeg",720,480,false],"thumbnail":["https:\/\/noticiasbahia360.com.br\/wp-content\/uploads\/2025\/04\/atleta-de-deira-de-santana-foto-arquivo-pessoal-1-1-150x150.jpeg",150,150,true],"medium":["https:\/\/noticiasbahia360.com.br\/wp-content\/uploads\/2025\/04\/atleta-de-deira-de-santana-foto-arquivo-pessoal-1-1-300x200.jpeg",300,200,true],"medium_large":["https:\/\/noticiasbahia360.com.br\/wp-content\/uploads\/2025\/04\/atleta-de-deira-de-santana-foto-arquivo-pessoal-1-1.jpeg",640,427,false],"large":["https:\/\/noticiasbahia360.com.br\/wp-content\/uploads\/2025\/04\/atleta-de-deira-de-santana-foto-arquivo-pessoal-1-1.jpeg",640,427,false],"1536x1536":["https:\/\/noticiasbahia360.com.br\/wp-content\/uploads\/2025\/04\/atleta-de-deira-de-santana-foto-arquivo-pessoal-1-1.jpeg",720,480,false],"2048x2048":["https:\/\/noticiasbahia360.com.br\/wp-content\/uploads\/2025\/04\/atleta-de-deira-de-santana-foto-arquivo-pessoal-1-1.jpeg",720,480,false],"chromenews-featured":["https:\/\/noticiasbahia360.com.br\/wp-content\/uploads\/2025\/04\/atleta-de-deira-de-santana-foto-arquivo-pessoal-1-1.jpeg",720,480,false],"chromenews-large":["https:\/\/noticiasbahia360.com.br\/wp-content\/uploads\/2025\/04\/atleta-de-deira-de-santana-foto-arquivo-pessoal-1-1.jpeg",720,480,false],"chromenews-medium":["https:\/\/noticiasbahia360.com.br\/wp-content\/uploads\/2025\/04\/atleta-de-deira-de-santana-foto-arquivo-pessoal-1-1-590x410.jpeg",590,410,true]},"author_info":{"display_name":"noticiasbahia360.com.br","author_link":"https:\/\/noticiasbahia360.com.br\/?author=1"},"category_info":"<a href=\"https:\/\/noticiasbahia360.com.br\/?cat=8\" rel=\"category\">Bahia<\/a> <a href=\"https:\/\/noticiasbahia360.com.br\/?cat=9\" rel=\"category\">Brasil<\/a> <a href=\"https:\/\/noticiasbahia360.com.br\/?cat=6\" rel=\"category\">Feira de Santana<\/a> <a href=\"https:\/\/noticiasbahia360.com.br\/?cat=57\" rel=\"category\">Mundo<\/a> <a href=\"https:\/\/noticiasbahia360.com.br\/?cat=56\" rel=\"category\">Pol\u00edcia<\/a> <a href=\"https:\/\/noticiasbahia360.com.br\/?cat=10\" rel=\"category\">Pol\u00edtica<\/a>","tag_info":"Pol\u00edtica","comment_count":"0","_links":{"self":[{"href":"https:\/\/noticiasbahia360.com.br\/index.php?rest_route=\/wp\/v2\/posts\/80795","targetHints":{"allow":["GET"]}}],"collection":[{"href":"https:\/\/noticiasbahia360.com.br\/index.php?rest_route=\/wp\/v2\/posts"}],"about":[{"href":"https:\/\/noticiasbahia360.com.br\/index.php?rest_route=\/wp\/v2\/types\/post"}],"author":[{"embeddable":true,"href":"https:\/\/noticiasbahia360.com.br\/index.php?rest_route=\/wp\/v2\/users\/1"}],"replies":[{"embeddable":true,"href":"https:\/\/noticiasbahia360.com.br\/index.php?rest_route=%2Fwp%2Fv2%2Fcomments&post=80795"}],"version-history":[{"count":0,"href":"https:\/\/noticiasbahia360.com.br\/index.php?rest_route=\/wp\/v2\/posts\/80795\/revisions"}],"wp:featuredmedia":[{"embeddable":true,"href":"https:\/\/noticiasbahia360.com.br\/index.php?rest_route=\/wp\/v2\/media\/80796"}],"wp:attachment":[{"href":"https:\/\/noticiasbahia360.com.br\/index.php?rest_route=%2Fwp%2Fv2%2Fmedia&parent=80795"}],"wp:term":[{"taxonomy":"category","embeddable":true,"href":"https:\/\/noticiasbahia360.com.br\/index.php?rest_route=%2Fwp%2Fv2%2Fcategories&post=80795"},{"taxonomy":"post_tag","embeddable":true,"href":"https:\/\/noticiasbahia360.com.br\/index.php?rest_route=%2Fwp%2Fv2%2Ftags&post=80795"}],"curies":[{"name":"wp","href":"https:\/\/api.w.org\/{rel}","templated":true}]}}