{"id":80800,"date":"2025-04-02T09:11:12","date_gmt":"2025-04-02T12:11:12","guid":{"rendered":"https:\/\/noticiasbahia360.com.br\/?p=80800"},"modified":"2025-04-02T09:11:12","modified_gmt":"2025-04-02T12:11:12","slug":"acidente-entre-carro-e-caminhao-deixa-uma-pessoa-morta-na-ba-084-em-irara","status":"publish","type":"post","link":"https:\/\/noticiasbahia360.com.br\/?p=80800","title":{"rendered":"Acidente entre carro e caminh\u00e3o deixa uma pessoa morta na BA-084, em Irar\u00e1"},"content":{"rendered":"<div>\n<div>\n<figure><img decoding=\"async\" src=\"http:\/\/noticiasbahia360.com.br\/wp-content\/uploads\/2025\/04\/acidente_ba084.jpg\" alt=\"Acidente na BA-084\"><figcaption>Foto: Reprodu\u00e7\u00e3o<\/figcaption><\/figure>\n<\/div>\n<p>Um acidente envolvendo um carro de passeio, modelo Nivus, e um caminh\u00e3o, deixou uma pessoa morta na noite de ter\u00e7a-feira (1\u00ba), na BA-084, trecho do munic\u00edpio de <a href=\"https:\/\/www.acordacidade.com.br\/tag\/irara\/\">Irar\u00e1<\/a>.<\/p>\n<p>Segundo informa\u00e7\u00f5es apuradas pela reportagem do Acorda Cidade, a v\u00edtima foi identificada como Marcio Jambeiro de Queiroz, de 53 anos de idade, que trabalhava como professor.<\/p>\n<figure class=\"wp-block-image size-full is-resized\"><img fetchpriority=\"high\" fetchpriority=\"high\" decoding=\"async\" width=\"286\" height=\"225\" src=\"http:\/\/noticiasbahia360.com.br\/wp-content\/uploads\/2025\/04\/rueuH4db-marciojambeirodequeiroz_cnh.webp\" alt=\"Marcio Jambeiro de Queiroz\" class=\"wp-image-517923\" style=\"width:840px;height:auto\" srcset=\"https:\/\/uploads.acordacidade.com.br\/2025\/04\/rueuH4db-marciojambeirodequeiroz_cnh-150x118.webp 150w, http:\/\/noticiasbahia360.com.br\/wp-content\/uploads\/2025\/04\/rueuH4db-marciojambeirodequeiroz_cnh.webp 286w\" sizes=\"(max-width: 286px) 100vw, 286px\"><figcaption class=\"wp-element-caption\">Foto: Reprodu\u00e7\u00e3o<\/figcaption><\/figure>\n<p>O Centro de Comunica\u00e7\u00e3o Integrada (Cicom) foi acionado por populares, que informaram sobre o acidente, e que no local, havia um caminh\u00e3o ca\u00eddo na ribanceira.<\/p>\n<p>Ainda de acordo com as informa\u00e7\u00f5es, o corpo de Marcio estava preso \u00e0s ferragens. Outras pessoas que estavam no ve\u00edculo e no caminh\u00e3o, foram socorridas para o Hospital Maternidade Dr. Deraldo Miranda, mas n\u00e3o h\u00e1 detalhes sobre o estado das v\u00edtimas.<\/p>\n<p><em>Com informa\u00e7\u00f5es do rep\u00f3rter Ed Santos do Acorda Cidade<\/em><\/p>\n<p><em>Siga o Acorda Cidade no<\/em><a href=\"https:\/\/news.google.com\/search?q=acorda%20cidade&amp;hl=pt-BR&amp;gl=BR&amp;ceid=BR%3Apt-419\"><strong><em> Google Not\u00edcias<\/em><\/strong><\/a><em> e receba os principais destaques do dia. Participe tamb\u00e9m dos nossos canais no <\/em><a href=\"https:\/\/whatsapp.com\/channel\/0029Va6Rb4v3WHTNnsh8WI3N\"><strong><em>WhatsApp<\/em><\/strong><\/a><em> e <\/em><a href=\"https:\/\/www.youtube.com\/@acordacidadenoticias\/videos\"><strong>Youtube<\/strong><\/a><em> e grupo de <\/em><a href=\"https:\/\/t.me\/+sSz0khrgARA0ZmRh\"><strong><em>Telegram<\/em><\/strong><\/a><em>.<\/em><\/p>\n<\/div>\n","protected":false},"excerpt":{"rendered":"<div>\n<div>\n<figure><img decoding=\"async\" src=\"https:\/\/uploads.acordacidade.com.br\/2025\/04\/acidente_ba084.jpg\" alt=\"Acidente na BA-084\"><figcaption>Foto: Reprodu\u00e7\u00e3o<\/figcaption><\/figure>\n<\/div>\n<p>A v\u00edtima de 53 anos de idade, atuava como professor.<\/p><\/div>\n","protected":false},"author":1,"featured_media":80801,"comment_status":"closed","ping_status":"closed","sticky":false,"template":"","format":"gallery","meta":{"footnotes":""},"categories":[8,9,6,57,56,10],"tags":[],"class_list":["post-80800","post","type-post","status-publish","format-gallery","has-post-thumbnail","hentry","category-bahia","category-brasil","category-feira-de-santana","category-mundo","category-policia","category-politica","post_format-post-format-gallery"],"featured_image_urls":{"full":["https:\/\/noticiasbahia360.com.br\/wp-content\/uploads\/2025\/04\/acidente_ba084.jpg",1200,540,false],"thumbnail":["https:\/\/noticiasbahia360.com.br\/wp-content\/uploads\/2025\/04\/acidente_ba084-150x150.jpg",150,150,true],"medium":["https:\/\/noticiasbahia360.com.br\/wp-content\/uploads\/2025\/04\/acidente_ba084-300x135.jpg",300,135,true],"medium_large":["https:\/\/noticiasbahia360.com.br\/wp-content\/uploads\/2025\/04\/acidente_ba084-768x346.jpg",640,288,true],"large":["https:\/\/noticiasbahia360.com.br\/wp-content\/uploads\/2025\/04\/acidente_ba084-1024x461.jpg",640,288,true],"1536x1536":["https:\/\/noticiasbahia360.com.br\/wp-content\/uploads\/2025\/04\/acidente_ba084.jpg",1200,540,false],"2048x2048":["https:\/\/noticiasbahia360.com.br\/wp-content\/uploads\/2025\/04\/acidente_ba084.jpg",1200,540,false],"chromenews-featured":["https:\/\/noticiasbahia360.com.br\/wp-content\/uploads\/2025\/04\/acidente_ba084-1024x461.jpg",1024,461,true],"chromenews-large":["https:\/\/noticiasbahia360.com.br\/wp-content\/uploads\/2025\/04\/acidente_ba084-825x540.jpg",825,540,true],"chromenews-medium":["https:\/\/noticiasbahia360.com.br\/wp-content\/uploads\/2025\/04\/acidente_ba084-590x410.jpg",590,410,true]},"author_info":{"display_name":"noticiasbahia360.com.br","author_link":"https:\/\/noticiasbahia360.com.br\/?author=1"},"category_info":"<a href=\"https:\/\/noticiasbahia360.com.br\/?cat=8\" rel=\"category\">Bahia<\/a> <a href=\"https:\/\/noticiasbahia360.com.br\/?cat=9\" rel=\"category\">Brasil<\/a> <a href=\"https:\/\/noticiasbahia360.com.br\/?cat=6\" rel=\"category\">Feira de Santana<\/a> <a href=\"https:\/\/noticiasbahia360.com.br\/?cat=57\" rel=\"category\">Mundo<\/a> <a href=\"https:\/\/noticiasbahia360.com.br\/?cat=56\" rel=\"category\">Pol\u00edcia<\/a> <a href=\"https:\/\/noticiasbahia360.com.br\/?cat=10\" rel=\"category\">Pol\u00edtica<\/a>","tag_info":"Pol\u00edtica","comment_count":"0","_links":{"self":[{"href":"https:\/\/noticiasbahia360.com.br\/index.php?rest_route=\/wp\/v2\/posts\/80800","targetHints":{"allow":["GET"]}}],"collection":[{"href":"https:\/\/noticiasbahia360.com.br\/index.php?rest_route=\/wp\/v2\/posts"}],"about":[{"href":"https:\/\/noticiasbahia360.com.br\/index.php?rest_route=\/wp\/v2\/types\/post"}],"author":[{"embeddable":true,"href":"https:\/\/noticiasbahia360.com.br\/index.php?rest_route=\/wp\/v2\/users\/1"}],"replies":[{"embeddable":true,"href":"https:\/\/noticiasbahia360.com.br\/index.php?rest_route=%2Fwp%2Fv2%2Fcomments&post=80800"}],"version-history":[{"count":0,"href":"https:\/\/noticiasbahia360.com.br\/index.php?rest_route=\/wp\/v2\/posts\/80800\/revisions"}],"wp:featuredmedia":[{"embeddable":true,"href":"https:\/\/noticiasbahia360.com.br\/index.php?rest_route=\/wp\/v2\/media\/80801"}],"wp:attachment":[{"href":"https:\/\/noticiasbahia360.com.br\/index.php?rest_route=%2Fwp%2Fv2%2Fmedia&parent=80800"}],"wp:term":[{"taxonomy":"category","embeddable":true,"href":"https:\/\/noticiasbahia360.com.br\/index.php?rest_route=%2Fwp%2Fv2%2Fcategories&post=80800"},{"taxonomy":"post_tag","embeddable":true,"href":"https:\/\/noticiasbahia360.com.br\/index.php?rest_route=%2Fwp%2Fv2%2Ftags&post=80800"}],"curies":[{"name":"wp","href":"https:\/\/api.w.org\/{rel}","templated":true}]}}