{"id":80805,"date":"2025-04-02T09:45:31","date_gmt":"2025-04-02T12:45:31","guid":{"rendered":"https:\/\/noticiasbahia360.com.br\/?p=80805"},"modified":"2025-04-02T09:45:31","modified_gmt":"2025-04-02T12:45:31","slug":"beijo-de-frade-8-macetes-para-impatiens-walleriana-em-ambientes-com-pouca-luz","status":"publish","type":"post","link":"https:\/\/noticiasbahia360.com.br\/?p=80805","title":{"rendered":"Beijo-de-Frade: 8 macetes para Impatiens walleriana em ambientes com pouca luz"},"content":{"rendered":"<div>\n<div>\n<figure><img decoding=\"async\" src=\"http:\/\/noticiasbahia360.com.br\/wp-content\/uploads\/2025\/04\/Beijo-de-Frade-8-macetes-para-Impatiens-walleriana-Foto-by-Freepik-2.webp\" alt=\"Beijo-de-Frade 8 macetes para Impatiens walleriana - Foto by Freepik\"><figcaption>Impatiens walleriana &#8211; Foto by Freepik<\/figcaption><\/figure>\n<\/div>\n<p>O Beijo-de-Frade, tamb\u00e9m conhecido como <em>Impatiens walleriana<\/em>, \u00e9 uma<a href=\"https:\/\/www.acordacidade.com.br\/variedades\/dicas-de-jardinagem\/\"> planta <\/a>encantadora que conquista pela beleza e simplicidade. Origin\u00e1ria da \u00c1frica Oriental, ela se adaptou perfeitamente aos lares brasileiros, principalmente por ser uma das poucas esp\u00e9cies floridas que adoram sombra. Se voc\u00ea quer ter flores mesmo em ambientes com pouca luz, veja esses 8 macetes infal\u00edveis para cultivar seu Beijo-de-Frade com sucesso.<\/p>\n<h2 class=\"wp-block-heading\" id=\"h-1-escolha-o-local-certo-para-o-beijo-de-frade\">1. Escolha o local certo para o Beijo-de-Frade<\/h2>\n<p>Apesar de tolerar pouca luz, o Beijo-de-Frade precisa de claridade indireta. Varandas sombreadas, janelas voltadas para o sul ou ambientes bem iluminados sem sol direto s\u00e3o ideais. Nada de cantos escuros demais.<\/p>\n<h2 class=\"wp-block-heading\" id=\"h-2-use-substrato-leve-e-drenavel\">2. Use substrato leve e dren\u00e1vel<\/h2>\n<p>Para evitar o apodrecimento das ra\u00edzes, prepare um solo rico em mat\u00e9ria org\u00e2nica, mas com boa drenagem. Misture terra vegetal, h\u00famus de minhoca e perlita ou areia grossa.<\/p>\n<h2 class=\"wp-block-heading\" id=\"h-3-regue-seu-beijo-de-frade-com-moderacao\">3. Regue seu Beijo-de-Frade com modera\u00e7\u00e3o<\/h2>\n<p>A Impatiens gosta de solo levemente \u00famido, mas n\u00e3o encharcado. Regue quando o topo do substrato estiver seco ao toque. Em ambientes mais \u00famidos, reduza a frequ\u00eancia.<\/p>\n<h2 class=\"wp-block-heading\" id=\"h-4-nunca-deixe-agua-acumulada\">4. Nunca deixe \u00e1gua acumulada<\/h2>\n<p>Evite pratinhos com \u00e1gua parada. O excesso de umidade favorece fungos e atrai pragas. Prefira vasos com boa drenagem e, se poss\u00edvel, use cachep\u00f4s secos como acabamento.<\/p>\n<h2 class=\"wp-block-heading\" id=\"h-5-adube-mensalmente\">5. Adube mensalmente<\/h2>\n<p>Use adubo l\u00edquido para plantas flor\u00edferas a cada 30 dias. Isso estimula a produ\u00e7\u00e3o de flores mesmo em locais com menos luz solar direta. Evite adubos muito ricos em nitrog\u00eanio.<\/p>\n<h2 class=\"wp-block-heading\" id=\"h-6-pode-para-estimular-floracao\">6. Pode para estimular flora\u00e7\u00e3o<\/h2>\n<p>Retire flores murchas e galhos fracos regularmente. Essa poda simples direciona a energia da planta para novas flores, mantendo-a sempre vi\u00e7osa e embelezando o ambiente.<\/p>\n<figure class=\"wp-block-image size-large\"><img fetchpriority=\"high\" fetchpriority=\"high\" decoding=\"async\" width=\"1024\" height=\"683\" src=\"http:\/\/noticiasbahia360.com.br\/wp-content\/uploads\/2025\/04\/WEOLIN0f-Beijo-de-Frade-8-macetes-para-Impatiens-walleriana-Foto-by-Freepik-1-1024x683-1.webp\" alt=\"Beijo-de-Frade 8 macetes para Impatiens walleriana - Foto by Freepik\" class=\"wp-image-517942\" srcset=\"https:\/\/uploads.acordacidade.com.br\/2025\/04\/WEOLIN0f-Beijo-de-Frade-8-macetes-para-Impatiens-walleriana-Foto-by-Freepik-1-300x200.webp 300w, http:\/\/noticiasbahia360.com.br\/wp-content\/uploads\/2025\/04\/WEOLIN0f-Beijo-de-Frade-8-macetes-para-Impatiens-walleriana-Foto-by-Freepik-1-1024x683-1.webp 1024w, https:\/\/uploads.acordacidade.com.br\/2025\/04\/WEOLIN0f-Beijo-de-Frade-8-macetes-para-Impatiens-walleriana-Foto-by-Freepik-1-768x512.webp 768w, https:\/\/uploads.acordacidade.com.br\/2025\/04\/WEOLIN0f-Beijo-de-Frade-8-macetes-para-Impatiens-walleriana-Foto-by-Freepik-1-1536x1024.webp 1536w, https:\/\/uploads.acordacidade.com.br\/2025\/04\/WEOLIN0f-Beijo-de-Frade-8-macetes-para-Impatiens-walleriana-Foto-by-Freepik-1-2048x1365.webp 2048w, https:\/\/uploads.acordacidade.com.br\/2025\/04\/WEOLIN0f-Beijo-de-Frade-8-macetes-para-Impatiens-walleriana-Foto-by-Freepik-1-150x100.webp 150w\" sizes=\"(max-width: 1024px) 100vw, 1024px\"><figcaption class=\"wp-element-caption\">Impatiens walleriana \u2013 Foto by Freepik<\/figcaption><\/figure>\n<h2 class=\"wp-block-heading\" id=\"h-7-proteja-o-beijo-de-frade-contra-ventos-e-frio\">7. Proteja o Beijo-de-Frade contra ventos e frio<\/h2>\n<p>Ambientes com pouca luz muitas vezes tamb\u00e9m s\u00e3o mais frios. Evite deixar a planta exposta a correntes de ar ou em locais com temperaturas abaixo de 15\u202f\u00b0C.<\/p>\n<h2 class=\"wp-block-heading\" id=\"h-8-faca-mudas-com-facilidade\">8. Fa\u00e7a mudas com facilidade<\/h2>\n<p>Quer mais Beijos-de-Frade em casa? Basta cortar um ramo saud\u00e1vel e deix\u00e1-lo na \u00e1gua por alguns dias at\u00e9 criar ra\u00edzes. Depois, plante em um novo vasinho e repita os cuidados.<\/p>\n<p>Cuidar de Beijo-de-Frade em locais com pouca luz \u00e9 totalmente poss\u00edvel, e recompensador. Com esses <a href=\"https:\/\/www.folhabv.com.br\/comportamento\/jardinagem\/\">macetes simples<\/a>, voc\u00ea garante um toque de cor e vida em qualquer cantinho da casa, mesmo longe do sol.<\/p>\n<\/p>\n<\/div>\n","protected":false},"excerpt":{"rendered":"<div>\n<div>\n<figure><img decoding=\"async\" src=\"https:\/\/uploads.acordacidade.com.br\/2025\/04\/Beijo-de-Frade-8-macetes-para-Impatiens-walleriana-Foto-by-Freepik-2.webp\" alt=\"Beijo-de-Frade 8 macetes para Impatiens walleriana - Foto by Freepik\"><figcaption>Impatiens walleriana &#8211; Foto by Freepik<\/figcaption><\/figure>\n<\/div>\n<p>Descubra 8 macetes para cultivar Beijo-de-Frade em locais com pouca luz. Dicas pr\u00e1ticas para ter flores saud\u00e1veis mesmo na sombra.<\/p><\/div>\n","protected":false},"author":1,"featured_media":80806,"comment_status":"closed","ping_status":"closed","sticky":false,"template":"","format":"gallery","meta":{"footnotes":""},"categories":[8,9,6,57,56,10],"tags":[],"class_list":["post-80805","post","type-post","status-publish","format-gallery","has-post-thumbnail","hentry","category-bahia","category-brasil","category-feira-de-santana","category-mundo","category-policia","category-politica","post_format-post-format-gallery"],"featured_image_urls":{"full":["https:\/\/noticiasbahia360.com.br\/wp-content\/uploads\/2025\/04\/Beijo-de-Frade-8-macetes-para-Impatiens-walleriana-Foto-by-Freepik-2-scaled.webp",2560,1706,false],"thumbnail":["https:\/\/noticiasbahia360.com.br\/wp-content\/uploads\/2025\/04\/Beijo-de-Frade-8-macetes-para-Impatiens-walleriana-Foto-by-Freepik-2-150x150.webp",150,150,true],"medium":["https:\/\/noticiasbahia360.com.br\/wp-content\/uploads\/2025\/04\/Beijo-de-Frade-8-macetes-para-Impatiens-walleriana-Foto-by-Freepik-2-300x200.webp",300,200,true],"medium_large":["https:\/\/noticiasbahia360.com.br\/wp-content\/uploads\/2025\/04\/Beijo-de-Frade-8-macetes-para-Impatiens-walleriana-Foto-by-Freepik-2-768x512.webp",640,427,true],"large":["https:\/\/noticiasbahia360.com.br\/wp-content\/uploads\/2025\/04\/Beijo-de-Frade-8-macetes-para-Impatiens-walleriana-Foto-by-Freepik-2-1024x682.webp",640,426,true],"1536x1536":["https:\/\/noticiasbahia360.com.br\/wp-content\/uploads\/2025\/04\/Beijo-de-Frade-8-macetes-para-Impatiens-walleriana-Foto-by-Freepik-2-1536x1024.webp",1536,1024,true],"2048x2048":["https:\/\/noticiasbahia360.com.br\/wp-content\/uploads\/2025\/04\/Beijo-de-Frade-8-macetes-para-Impatiens-walleriana-Foto-by-Freepik-2-2048x1365.webp",2048,1365,true],"chromenews-featured":["https:\/\/noticiasbahia360.com.br\/wp-content\/uploads\/2025\/04\/Beijo-de-Frade-8-macetes-para-Impatiens-walleriana-Foto-by-Freepik-2-1024x682.webp",1024,682,true],"chromenews-large":["https:\/\/noticiasbahia360.com.br\/wp-content\/uploads\/2025\/04\/Beijo-de-Frade-8-macetes-para-Impatiens-walleriana-Foto-by-Freepik-2-825x575.webp",825,575,true],"chromenews-medium":["https:\/\/noticiasbahia360.com.br\/wp-content\/uploads\/2025\/04\/Beijo-de-Frade-8-macetes-para-Impatiens-walleriana-Foto-by-Freepik-2-590x410.webp",590,410,true]},"author_info":{"display_name":"noticiasbahia360.com.br","author_link":"https:\/\/noticiasbahia360.com.br\/?author=1"},"category_info":"<a href=\"https:\/\/noticiasbahia360.com.br\/?cat=8\" rel=\"category\">Bahia<\/a> <a href=\"https:\/\/noticiasbahia360.com.br\/?cat=9\" rel=\"category\">Brasil<\/a> <a href=\"https:\/\/noticiasbahia360.com.br\/?cat=6\" rel=\"category\">Feira de Santana<\/a> <a href=\"https:\/\/noticiasbahia360.com.br\/?cat=57\" rel=\"category\">Mundo<\/a> <a href=\"https:\/\/noticiasbahia360.com.br\/?cat=56\" rel=\"category\">Pol\u00edcia<\/a> <a href=\"https:\/\/noticiasbahia360.com.br\/?cat=10\" rel=\"category\">Pol\u00edtica<\/a>","tag_info":"Pol\u00edtica","comment_count":"0","_links":{"self":[{"href":"https:\/\/noticiasbahia360.com.br\/index.php?rest_route=\/wp\/v2\/posts\/80805","targetHints":{"allow":["GET"]}}],"collection":[{"href":"https:\/\/noticiasbahia360.com.br\/index.php?rest_route=\/wp\/v2\/posts"}],"about":[{"href":"https:\/\/noticiasbahia360.com.br\/index.php?rest_route=\/wp\/v2\/types\/post"}],"author":[{"embeddable":true,"href":"https:\/\/noticiasbahia360.com.br\/index.php?rest_route=\/wp\/v2\/users\/1"}],"replies":[{"embeddable":true,"href":"https:\/\/noticiasbahia360.com.br\/index.php?rest_route=%2Fwp%2Fv2%2Fcomments&post=80805"}],"version-history":[{"count":0,"href":"https:\/\/noticiasbahia360.com.br\/index.php?rest_route=\/wp\/v2\/posts\/80805\/revisions"}],"wp:featuredmedia":[{"embeddable":true,"href":"https:\/\/noticiasbahia360.com.br\/index.php?rest_route=\/wp\/v2\/media\/80806"}],"wp:attachment":[{"href":"https:\/\/noticiasbahia360.com.br\/index.php?rest_route=%2Fwp%2Fv2%2Fmedia&parent=80805"}],"wp:term":[{"taxonomy":"category","embeddable":true,"href":"https:\/\/noticiasbahia360.com.br\/index.php?rest_route=%2Fwp%2Fv2%2Fcategories&post=80805"},{"taxonomy":"post_tag","embeddable":true,"href":"https:\/\/noticiasbahia360.com.br\/index.php?rest_route=%2Fwp%2Fv2%2Ftags&post=80805"}],"curies":[{"name":"wp","href":"https:\/\/api.w.org\/{rel}","templated":true}]}}