{"id":80814,"date":"2025-04-02T10:52:15","date_gmt":"2025-04-02T13:52:15","guid":{"rendered":"https:\/\/noticiasbahia360.com.br\/?p=80814"},"modified":"2025-04-02T10:52:15","modified_gmt":"2025-04-02T13:52:15","slug":"isaias-de-diogo-avalia-retorno-ao-mdb-como-candidato-a-deputado-nas-eleicoes-de-2026","status":"publish","type":"post","link":"https:\/\/noticiasbahia360.com.br\/?p=80814","title":{"rendered":"Isa\u00edas de Diogo avalia retorno ao MDB como candidato a deputado nas elei\u00e7\u00f5es de 2026"},"content":{"rendered":"<div>\n<div>\n<figure><img decoding=\"async\" src=\"http:\/\/noticiasbahia360.com.br\/wp-content\/uploads\/2025\/04\/isaiasdediogo.jpeg\" alt=\"Isaias de Diogo\"><figcaption>Arquivo | Foto: Reprodu\u00e7\u00e3o<\/figcaption><\/figure>\n<\/div>\n<p>Na ter\u00e7a-feira (1\u00ba), o suplente de vereador Isa\u00edas de Diogo, de Feira de Santana, esteve na sede do MDB em Salvador para uma reuni\u00e3o com o ex-presidente do partido, L\u00facio Vieira e o atual presidente, Jayme Vieira, tamb\u00e9m presidente da Companhia de Engenharia H\u00eddrica e de Saneamento da Bahia (Cerb).<\/p>\n<p>Durante o encontro, foi colocado \u00e0 disposi\u00e7\u00e3o de Isa\u00edas de Diogo o MDB para que ele possa seguir seu projeto pol\u00edtico em 2026. O suplente de vereador, que j\u00e1 fez parte do partido anteriormente, deixou a legenda devido ao n\u00e3o cumprimento de um acordo com o ex-prefeito de Feira de Santana, Colbert Martins Filho, nas elei\u00e7\u00f5es municipais de 2020. <\/p>\n<p>Na ocasi\u00e3o, Isa\u00edas foi o segundo suplente e saiu do MDB diante da falta de convoca\u00e7\u00e3o dos suplentes pelo ent\u00e3o gestor municipal.<\/p>\n<h2 class=\"wp-block-heading\" id=\"h-candidato-a-deputado-pelo-mdb\">Candidato a deputado pelo MDB<\/h2>\n<p>Agora, Isa\u00edas de Diogo afirma estar em fase de escuta junto \u00e0 popula\u00e7\u00e3o e aos apoiadores que incentivam sua candidatura em 2026. Segundo ele, o convite do MDB representa uma oportunidade para consolidar seu projeto pol\u00edtico.<\/p>\n<p>\u201cJ\u00e1 fui filiado e sa\u00ed por conta de Colbert Martins, ele n\u00e3o honrou com a palavra de chamar o primeiro e o segundo suplente do partido nas elei\u00e7\u00f5es de 2020. Eu era o segundo suplente. Vida que segue, mas a conversa foi muito agrad\u00e1vel e sa\u00ed de l\u00e1 balanceado com as ideias de crescimento para nossa Bahia\u201d, destacou Isa\u00edas de Diogo.<\/p>\n<p>Em 2024, Isa\u00edas de Diogo teve 2.089 votos. O suplente falou ao Acorda Cidade que est\u00e1 avaliando os pr\u00f3ximos passos antes de tomar uma decis\u00e3o definitiva sobre seu retorno ao MDB como candidato a deputado estadual.<\/p>\n<\/p>\n<p><em>Siga o Acorda Cidade no<\/em><a href=\"https:\/\/news.google.com\/search?q=acorda%20cidade&amp;hl=pt-BR&amp;gl=BR&amp;ceid=BR%3Apt-419\"><strong><em>\u00a0Google Not\u00edcias<\/em><\/strong><\/a><em>\u00a0e receba os principais destaques do dia. Participe tamb\u00e9m dos nossos canais no\u00a0<\/em><a href=\"https:\/\/whatsapp.com\/channel\/0029Va6Rb4v3WHTNnsh8WI3N\"><strong><em>WhatsApp<\/em><\/strong><\/a><em>\u00a0e\u00a0<\/em><a href=\"https:\/\/www.youtube.com\/@acordacidadenoticias\/videos\"><strong>Youtube<\/strong><\/a><em>\u00a0e grupo de\u00a0<\/em><a href=\"https:\/\/t.me\/+sSz0khrgARA0ZmRh\"><strong><em>Telegram<\/em><\/strong><\/a><em>.<\/em><\/p>\n<\/div>\n","protected":false},"excerpt":{"rendered":"<div>\n<div>\n<figure><img decoding=\"async\" src=\"https:\/\/uploads.acordacidade.com.br\/wp-content\/uploads\/2023\/02\/04163745\/isaiasdediogo.jpeg\" alt=\"Isaias de Diogo\"><figcaption>Arquivo | Foto: Reprodu\u00e7\u00e3o<\/figcaption><\/figure>\n<\/div>\n<p>O suplente de vereador teve 2.089 votos na elei\u00e7\u00e3o de 2024.<\/p><\/div>\n","protected":false},"author":1,"featured_media":80815,"comment_status":"closed","ping_status":"closed","sticky":false,"template":"","format":"gallery","meta":{"footnotes":""},"categories":[8,9,6,57,56,10],"tags":[],"class_list":["post-80814","post","type-post","status-publish","format-gallery","has-post-thumbnail","hentry","category-bahia","category-brasil","category-feira-de-santana","category-mundo","category-policia","category-politica","post_format-post-format-gallery"],"featured_image_urls":{"full":["https:\/\/noticiasbahia360.com.br\/wp-content\/uploads\/2025\/04\/isaiasdediogo.jpeg",465,377,false],"thumbnail":["https:\/\/noticiasbahia360.com.br\/wp-content\/uploads\/2025\/04\/isaiasdediogo-150x150.jpeg",150,150,true],"medium":["https:\/\/noticiasbahia360.com.br\/wp-content\/uploads\/2025\/04\/isaiasdediogo-300x243.jpeg",300,243,true],"medium_large":["https:\/\/noticiasbahia360.com.br\/wp-content\/uploads\/2025\/04\/isaiasdediogo.jpeg",465,377,false],"large":["https:\/\/noticiasbahia360.com.br\/wp-content\/uploads\/2025\/04\/isaiasdediogo.jpeg",465,377,false],"1536x1536":["https:\/\/noticiasbahia360.com.br\/wp-content\/uploads\/2025\/04\/isaiasdediogo.jpeg",465,377,false],"2048x2048":["https:\/\/noticiasbahia360.com.br\/wp-content\/uploads\/2025\/04\/isaiasdediogo.jpeg",465,377,false],"chromenews-featured":["https:\/\/noticiasbahia360.com.br\/wp-content\/uploads\/2025\/04\/isaiasdediogo.jpeg",465,377,false],"chromenews-large":["https:\/\/noticiasbahia360.com.br\/wp-content\/uploads\/2025\/04\/isaiasdediogo.jpeg",465,377,false],"chromenews-medium":["https:\/\/noticiasbahia360.com.br\/wp-content\/uploads\/2025\/04\/isaiasdediogo.jpeg",465,377,false]},"author_info":{"display_name":"noticiasbahia360.com.br","author_link":"https:\/\/noticiasbahia360.com.br\/?author=1"},"category_info":"<a href=\"https:\/\/noticiasbahia360.com.br\/?cat=8\" rel=\"category\">Bahia<\/a> <a href=\"https:\/\/noticiasbahia360.com.br\/?cat=9\" rel=\"category\">Brasil<\/a> <a href=\"https:\/\/noticiasbahia360.com.br\/?cat=6\" rel=\"category\">Feira de Santana<\/a> <a href=\"https:\/\/noticiasbahia360.com.br\/?cat=57\" rel=\"category\">Mundo<\/a> <a href=\"https:\/\/noticiasbahia360.com.br\/?cat=56\" rel=\"category\">Pol\u00edcia<\/a> <a href=\"https:\/\/noticiasbahia360.com.br\/?cat=10\" rel=\"category\">Pol\u00edtica<\/a>","tag_info":"Pol\u00edtica","comment_count":"0","_links":{"self":[{"href":"https:\/\/noticiasbahia360.com.br\/index.php?rest_route=\/wp\/v2\/posts\/80814","targetHints":{"allow":["GET"]}}],"collection":[{"href":"https:\/\/noticiasbahia360.com.br\/index.php?rest_route=\/wp\/v2\/posts"}],"about":[{"href":"https:\/\/noticiasbahia360.com.br\/index.php?rest_route=\/wp\/v2\/types\/post"}],"author":[{"embeddable":true,"href":"https:\/\/noticiasbahia360.com.br\/index.php?rest_route=\/wp\/v2\/users\/1"}],"replies":[{"embeddable":true,"href":"https:\/\/noticiasbahia360.com.br\/index.php?rest_route=%2Fwp%2Fv2%2Fcomments&post=80814"}],"version-history":[{"count":0,"href":"https:\/\/noticiasbahia360.com.br\/index.php?rest_route=\/wp\/v2\/posts\/80814\/revisions"}],"wp:featuredmedia":[{"embeddable":true,"href":"https:\/\/noticiasbahia360.com.br\/index.php?rest_route=\/wp\/v2\/media\/80815"}],"wp:attachment":[{"href":"https:\/\/noticiasbahia360.com.br\/index.php?rest_route=%2Fwp%2Fv2%2Fmedia&parent=80814"}],"wp:term":[{"taxonomy":"category","embeddable":true,"href":"https:\/\/noticiasbahia360.com.br\/index.php?rest_route=%2Fwp%2Fv2%2Fcategories&post=80814"},{"taxonomy":"post_tag","embeddable":true,"href":"https:\/\/noticiasbahia360.com.br\/index.php?rest_route=%2Fwp%2Fv2%2Ftags&post=80814"}],"curies":[{"name":"wp","href":"https:\/\/api.w.org\/{rel}","templated":true}]}}