{"id":80816,"date":"2025-04-02T11:10:36","date_gmt":"2025-04-02T14:10:36","guid":{"rendered":"https:\/\/noticiasbahia360.com.br\/?p=80816"},"modified":"2025-04-02T11:10:36","modified_gmt":"2025-04-02T14:10:36","slug":"prefeitura-amplia-servicos-para-criancas-e-adolescentes-com-autismo-em-feira-de-santana","status":"publish","type":"post","link":"https:\/\/noticiasbahia360.com.br\/?p=80816","title":{"rendered":"Prefeitura amplia servi\u00e7os para crian\u00e7as e adolescentes com autismo em Feira de Santana"},"content":{"rendered":"<div>\n<div>\n<figure><img decoding=\"async\" src=\"http:\/\/noticiasbahia360.com.br\/wp-content\/uploads\/2025\/04\/Prefeitura-amplia-assistencia-para-criancas-e-adolescentes-com-espectro-autista-1.jpeg\" alt=\"Prefeitura amplia servi\u00e7os para crian\u00e7as autistas em Feira de Santana\"><figcaption>Foto: Paulo Jos\u00e9\/Acorda Cidade<\/figcaption><\/figure>\n<\/div>\n<p>Nesta quarta-feira (2), Dia Mundial de Conscientiza\u00e7\u00e3o do Autismo, o prefeito Jos\u00e9 Ronaldo de Carvalho implantou a amplia\u00e7\u00e3o de servi\u00e7os de sa\u00fade especializados para atender crian\u00e7as e adolescentes com autismo, que s\u00e3o acompanhados pelo CER-TEA (Centro de Refer\u00eancia Municipal para Tratamento do Espectro Autista). Os novos servi\u00e7os foram entregues pelo prefeito Jos\u00e9 Ronaldo de Carvalho, o secret\u00e1rio municipal de Sa\u00fade, Rodrigo Matos, e pela secret\u00e1ria de Desenvolvimento Social, Gerusa Sampaio.<\/p>\n<p>A partir de agora, as 70 crian\u00e7as e adolescentes com autismo, na faixa et\u00e1ria de 3 a 12 anos, assistidos pelo CER-TEA tamb\u00e9m receber\u00e3o assist\u00eancia odontol\u00f3gica, com psiquiatra, fonoaudi\u00f3logo, fisioterapeuta e enfermeiro. Estes profissionais v\u00e3o se somar \u00e0 equipe que j\u00e1 prestava atendimentos em psicomotricidade, psicologia, nutri\u00e7\u00e3o, psicopedagogia e servi\u00e7o social.<\/p>\n<figure class=\"wp-block-image size-large\"><img fetchpriority=\"high\" fetchpriority=\"high\" decoding=\"async\" width=\"1024\" height=\"473\" src=\"http:\/\/noticiasbahia360.com.br\/wp-content\/uploads\/2025\/04\/hjLoh3Az-Prefeitura-amplia-assistencia-para-criancas-e-adolescentes-com-espectro-autista-5-1024x473-1.webp\" alt=\"Prefeito Jos\u00e9 Ronaldo\" class=\"wp-image-517972\" srcset=\"https:\/\/uploads.acordacidade.com.br\/2025\/04\/hjLoh3Az-Prefeitura-amplia-assistencia-para-criancas-e-adolescentes-com-espectro-autista-5-300x139.webp 300w, http:\/\/noticiasbahia360.com.br\/wp-content\/uploads\/2025\/04\/hjLoh3Az-Prefeitura-amplia-assistencia-para-criancas-e-adolescentes-com-espectro-autista-5-1024x473-1.webp 1024w, https:\/\/uploads.acordacidade.com.br\/2025\/04\/hjLoh3Az-Prefeitura-amplia-assistencia-para-criancas-e-adolescentes-com-espectro-autista-5-768x355.webp 768w, https:\/\/uploads.acordacidade.com.br\/2025\/04\/hjLoh3Az-Prefeitura-amplia-assistencia-para-criancas-e-adolescentes-com-espectro-autista-5-150x69.webp 150w, https:\/\/uploads.acordacidade.com.br\/2025\/04\/hjLoh3Az-Prefeitura-amplia-assistencia-para-criancas-e-adolescentes-com-espectro-autista-5.webp 1200w\" sizes=\"(max-width: 1024px) 100vw, 1024px\"><figcaption class=\"wp-element-caption\">Foto: Paulo Jos\u00e9\/Acorda Cidade<\/figcaption><\/figure>\n<p>O prefeito Jos\u00e9 Ronaldo de Carvalho destacou que seu governo est\u00e1 buscando melhorias no atendimento para pessoas autistas. Ele lembrou a import\u00e2ncia do dia 2 de abril para a conscientiza\u00e7\u00e3o e afirmou que pretende ampliar as a\u00e7\u00f5es em prol desse p\u00fablico.<\/p>\n<p>\u201cHoje \u00e9 2 de abril, dia dedicado a conscientiza\u00e7\u00e3o e viemos aqui anunciar esses atendimentos. Tamb\u00e9m solicitei que nossa equipe converse com um grupo de m\u00e3es que realizam um trabalho no George Am\u00e9rico com pessoas autistas e tamb\u00e9m com a institui\u00e7\u00e3o Fam\u00edlia Azul. Nosso governo deseja d\u00e1 o suporte nessa quest\u00e3o de atendimento para crian\u00e7as e adultos com autismo. H\u00e1 um n\u00famero grande matriculado na rede municipal de ensino, estamos tomando provid\u00eancias para dotarmos nossas unidades de ensino com capacidade t\u00e9cnica\u201d, afirmou.<\/p>\n<figure class=\"wp-block-image size-large\"><img decoding=\"async\" width=\"1024\" height=\"473\" src=\"http:\/\/noticiasbahia360.com.br\/wp-content\/uploads\/2025\/04\/kk3ms1Ns-Prefeitura-amplia-assistencia-para-criancas-e-adolescentes-com-espectro-autista-6-1024x473-1.webp\" alt=\"Prefeitura amplia servi\u00e7os para crian\u00e7as autistas em Feira de Santana\" class=\"wp-image-517973\" srcset=\"https:\/\/uploads.acordacidade.com.br\/2025\/04\/kk3ms1Ns-Prefeitura-amplia-assistencia-para-criancas-e-adolescentes-com-espectro-autista-6-300x139.webp 300w, http:\/\/noticiasbahia360.com.br\/wp-content\/uploads\/2025\/04\/kk3ms1Ns-Prefeitura-amplia-assistencia-para-criancas-e-adolescentes-com-espectro-autista-6-1024x473-1.webp 1024w, https:\/\/uploads.acordacidade.com.br\/2025\/04\/kk3ms1Ns-Prefeitura-amplia-assistencia-para-criancas-e-adolescentes-com-espectro-autista-6-768x355.webp 768w, https:\/\/uploads.acordacidade.com.br\/2025\/04\/kk3ms1Ns-Prefeitura-amplia-assistencia-para-criancas-e-adolescentes-com-espectro-autista-6-150x69.webp 150w, https:\/\/uploads.acordacidade.com.br\/2025\/04\/kk3ms1Ns-Prefeitura-amplia-assistencia-para-criancas-e-adolescentes-com-espectro-autista-6.webp 1200w\" sizes=\"(max-width: 1024px) 100vw, 1024px\"><figcaption class=\"wp-element-caption\">Foto: Paulo Jos\u00e9\/Acorda Cidade<\/figcaption><\/figure>\n<p>Caique Barreto, chefe de gabinete da unidade, afirmou que a amplia\u00e7\u00e3o dos servi\u00e7os \u00e9 para abranger uma maior quantidade de fam\u00edlias e as crian\u00e7as que fazem o acompanhamento. Segundo ele, o local oferece atendimento com psic\u00f3logos, fisioterapeutas, educador f\u00edsico, pedagogos e outros profissionais que ajudam no desenvolvimento da crian\u00e7a e da fam\u00edlia.<\/p>\n<p>\u201cHoje, no centro do aspecto para autista Ildes Ferreira, o prefeito anunciou a amplia\u00e7\u00e3o na \u00e1rea de sa\u00fade com profissionais na \u00e1rea de sa\u00fade e assist\u00eancia. Aqui temos m\u00e3es de 150 crian\u00e7as procurando atendimento e hoje foi anunciando a amplia\u00e7\u00e3o desses atendimentos\u201d, afirmou.<\/p>\n<p>Lucineia Arag\u00e3o, que \u00e9 coordenadora do CER-TEA e m\u00e3e de autista, falou ao Acorda Cidade como \u00e9 conviver com uma crian\u00e7a autista. Segundo ela, os desafios s\u00e3o di\u00e1rios, mas as recompensas s\u00e3o imensas ao ver a evolu\u00e7\u00e3o do filho.<\/p>\n<figure class=\"wp-block-image size-large\"><img decoding=\"async\" width=\"1024\" height=\"672\" src=\"http:\/\/noticiasbahia360.com.br\/wp-content\/uploads\/2025\/04\/7BoJE2DR-Prefeitura-amplia-assistencia-para-criancas-e-adolescentes-com-espectro-autista-1-1-1024x672-1.webp\" alt=\"Lucineia Arag\u00e3o, que \u00e9 coordenadora do CER-TEA \" class=\"wp-image-517968\" srcset=\"https:\/\/uploads.acordacidade.com.br\/2025\/04\/7BoJE2DR-Prefeitura-amplia-assistencia-para-criancas-e-adolescentes-com-espectro-autista-1-1-300x197.webp 300w, http:\/\/noticiasbahia360.com.br\/wp-content\/uploads\/2025\/04\/7BoJE2DR-Prefeitura-amplia-assistencia-para-criancas-e-adolescentes-com-espectro-autista-1-1-1024x672-1.webp 1024w, https:\/\/uploads.acordacidade.com.br\/2025\/04\/7BoJE2DR-Prefeitura-amplia-assistencia-para-criancas-e-adolescentes-com-espectro-autista-1-1-768x504.webp 768w, https:\/\/uploads.acordacidade.com.br\/2025\/04\/7BoJE2DR-Prefeitura-amplia-assistencia-para-criancas-e-adolescentes-com-espectro-autista-1-1-150x98.webp 150w, https:\/\/uploads.acordacidade.com.br\/2025\/04\/7BoJE2DR-Prefeitura-amplia-assistencia-para-criancas-e-adolescentes-com-espectro-autista-1-1.webp 1200w\" sizes=\"(max-width: 1024px) 100vw, 1024px\"><figcaption class=\"wp-element-caption\">Foto: Paulo Jos\u00e9\/Acorda Cidade<\/figcaption><\/figure>\n<p>\u201cAutismo \u00e9 realidade e a gente precisa estar preparado para incluir essas pessoas. N\u00e3o \u00e9 f\u00e1cil, \u00e9 um desafio muito grande. Eles trazem novidade o tempo inteiro. No caso do meu filho, que \u00e9 literal, at\u00e9 a forma como fala tem que ser bem trabalhado, porque ele vai levar ao p\u00e9 da letra. Mas tamb\u00e9m a evolu\u00e7\u00e3o \u00e9 muito gratificante. Quando voc\u00ea v\u00ea que todo o esfor\u00e7o est\u00e1 valendo a pena. Ent\u00e3o hoje vivo em fun\u00e7\u00e3o de buscar tudo que posso para ele. \u00c9 desafiador, trabalhar a quest\u00e3o da crise sensorial, da birra, identificar esses processos \u00e9 desgastante, mas tamb\u00e9m gratificante, porque voc\u00ea almeja que seu filho evolua satisfatoriamente e que ele consiga conviver naturalmente\u201d, afirmou.<\/p>\n<p><em>Com informa\u00e7\u00f5es do rep\u00f3rter Paulo Jos\u00e9 do Acorda Cidade<\/em><\/p>\n<p><em>Siga o Acorda Cidade no<\/em><a href=\"https:\/\/news.google.com\/search?q=acorda%20cidade&amp;hl=pt-BR&amp;gl=BR&amp;ceid=BR%3Apt-419\"><strong><em>\u00a0Google Not\u00edcias<\/em><\/strong><\/a><em>\u00a0e receba os principais destaques do dia. Participe tamb\u00e9m dos nossos canais no\u00a0<\/em><a href=\"https:\/\/whatsapp.com\/channel\/0029Va6Rb4v3WHTNnsh8WI3N\"><strong><em>WhatsApp<\/em><\/strong><\/a><em>\u00a0e\u00a0<\/em><a href=\"https:\/\/www.youtube.com\/@acordacidadenoticias\/videos\"><strong>Youtube<\/strong><\/a><em>\u00a0e grupo de\u00a0<\/em><a href=\"https:\/\/t.me\/+sSz0khrgARA0ZmRh\"><strong><em>Telegram<\/em><\/strong><\/a><em>.<\/em><\/p>\n<\/div>\n","protected":false},"excerpt":{"rendered":"<div>\n<div>\n<figure><img decoding=\"async\" src=\"https:\/\/uploads.acordacidade.com.br\/2025\/04\/Prefeitura-amplia-assistencia-para-criancas-e-adolescentes-com-espectro-autista-1.jpeg\" alt=\"Prefeitura amplia servi\u00e7os para crian\u00e7as autistas em Feira de Santana\"><figcaption>Foto: Paulo Jos\u00e9\/Acorda Cidade<\/figcaption><\/figure>\n<\/div>\n<p>O prefeito Jos\u00e9 Ronaldo de Carvalho destacou que seu governo est\u00e1 buscando melhorias no atendimento para pessoas autistas.<\/p><\/div>\n","protected":false},"author":1,"featured_media":80817,"comment_status":"closed","ping_status":"closed","sticky":false,"template":"","format":"gallery","meta":{"footnotes":""},"categories":[8,9,6,57,56,10],"tags":[],"class_list":["post-80816","post","type-post","status-publish","format-gallery","has-post-thumbnail","hentry","category-bahia","category-brasil","category-feira-de-santana","category-mundo","category-policia","category-politica","post_format-post-format-gallery"],"featured_image_urls":{"full":["https:\/\/noticiasbahia360.com.br\/wp-content\/uploads\/2025\/04\/Prefeitura-amplia-assistencia-para-criancas-e-adolescentes-com-espectro-autista-1.jpeg",1200,554,false],"thumbnail":["https:\/\/noticiasbahia360.com.br\/wp-content\/uploads\/2025\/04\/Prefeitura-amplia-assistencia-para-criancas-e-adolescentes-com-espectro-autista-1-150x150.jpeg",150,150,true],"medium":["https:\/\/noticiasbahia360.com.br\/wp-content\/uploads\/2025\/04\/Prefeitura-amplia-assistencia-para-criancas-e-adolescentes-com-espectro-autista-1-300x139.jpeg",300,139,true],"medium_large":["https:\/\/noticiasbahia360.com.br\/wp-content\/uploads\/2025\/04\/Prefeitura-amplia-assistencia-para-criancas-e-adolescentes-com-espectro-autista-1-768x355.jpeg",640,296,true],"large":["https:\/\/noticiasbahia360.com.br\/wp-content\/uploads\/2025\/04\/Prefeitura-amplia-assistencia-para-criancas-e-adolescentes-com-espectro-autista-1-1024x473.jpeg",640,296,true],"1536x1536":["https:\/\/noticiasbahia360.com.br\/wp-content\/uploads\/2025\/04\/Prefeitura-amplia-assistencia-para-criancas-e-adolescentes-com-espectro-autista-1.jpeg",1200,554,false],"2048x2048":["https:\/\/noticiasbahia360.com.br\/wp-content\/uploads\/2025\/04\/Prefeitura-amplia-assistencia-para-criancas-e-adolescentes-com-espectro-autista-1.jpeg",1200,554,false],"chromenews-featured":["https:\/\/noticiasbahia360.com.br\/wp-content\/uploads\/2025\/04\/Prefeitura-amplia-assistencia-para-criancas-e-adolescentes-com-espectro-autista-1-1024x473.jpeg",1024,473,true],"chromenews-large":["https:\/\/noticiasbahia360.com.br\/wp-content\/uploads\/2025\/04\/Prefeitura-amplia-assistencia-para-criancas-e-adolescentes-com-espectro-autista-1-825x554.jpeg",825,554,true],"chromenews-medium":["https:\/\/noticiasbahia360.com.br\/wp-content\/uploads\/2025\/04\/Prefeitura-amplia-assistencia-para-criancas-e-adolescentes-com-espectro-autista-1-590x410.jpeg",590,410,true]},"author_info":{"display_name":"noticiasbahia360.com.br","author_link":"https:\/\/noticiasbahia360.com.br\/?author=1"},"category_info":"<a href=\"https:\/\/noticiasbahia360.com.br\/?cat=8\" rel=\"category\">Bahia<\/a> <a href=\"https:\/\/noticiasbahia360.com.br\/?cat=9\" rel=\"category\">Brasil<\/a> <a href=\"https:\/\/noticiasbahia360.com.br\/?cat=6\" rel=\"category\">Feira de Santana<\/a> <a href=\"https:\/\/noticiasbahia360.com.br\/?cat=57\" rel=\"category\">Mundo<\/a> <a href=\"https:\/\/noticiasbahia360.com.br\/?cat=56\" rel=\"category\">Pol\u00edcia<\/a> <a href=\"https:\/\/noticiasbahia360.com.br\/?cat=10\" rel=\"category\">Pol\u00edtica<\/a>","tag_info":"Pol\u00edtica","comment_count":"0","_links":{"self":[{"href":"https:\/\/noticiasbahia360.com.br\/index.php?rest_route=\/wp\/v2\/posts\/80816","targetHints":{"allow":["GET"]}}],"collection":[{"href":"https:\/\/noticiasbahia360.com.br\/index.php?rest_route=\/wp\/v2\/posts"}],"about":[{"href":"https:\/\/noticiasbahia360.com.br\/index.php?rest_route=\/wp\/v2\/types\/post"}],"author":[{"embeddable":true,"href":"https:\/\/noticiasbahia360.com.br\/index.php?rest_route=\/wp\/v2\/users\/1"}],"replies":[{"embeddable":true,"href":"https:\/\/noticiasbahia360.com.br\/index.php?rest_route=%2Fwp%2Fv2%2Fcomments&post=80816"}],"version-history":[{"count":0,"href":"https:\/\/noticiasbahia360.com.br\/index.php?rest_route=\/wp\/v2\/posts\/80816\/revisions"}],"wp:featuredmedia":[{"embeddable":true,"href":"https:\/\/noticiasbahia360.com.br\/index.php?rest_route=\/wp\/v2\/media\/80817"}],"wp:attachment":[{"href":"https:\/\/noticiasbahia360.com.br\/index.php?rest_route=%2Fwp%2Fv2%2Fmedia&parent=80816"}],"wp:term":[{"taxonomy":"category","embeddable":true,"href":"https:\/\/noticiasbahia360.com.br\/index.php?rest_route=%2Fwp%2Fv2%2Fcategories&post=80816"},{"taxonomy":"post_tag","embeddable":true,"href":"https:\/\/noticiasbahia360.com.br\/index.php?rest_route=%2Fwp%2Fv2%2Ftags&post=80816"}],"curies":[{"name":"wp","href":"https:\/\/api.w.org\/{rel}","templated":true}]}}