{"id":80821,"date":"2025-04-02T11:40:01","date_gmt":"2025-04-02T14:40:01","guid":{"rendered":"https:\/\/noticiasbahia360.com.br\/?p=80821"},"modified":"2025-04-02T11:40:01","modified_gmt":"2025-04-02T14:40:01","slug":"espetaculo-circense-promovido-pela-apae-celebra-o-dia-mundial-da-conscientizacao-do-autismo-em-feira-de-santana","status":"publish","type":"post","link":"https:\/\/noticiasbahia360.com.br\/?p=80821","title":{"rendered":"Espet\u00e1culo Circense promovido pela Apae celebra o Dia Mundial da Conscientiza\u00e7\u00e3o do Autismo em Feira de Santana"},"content":{"rendered":"<div>\n<div>\n<figure><img decoding=\"async\" src=\"http:\/\/noticiasbahia360.com.br\/wp-content\/uploads\/2025\/04\/espetaculocircesense_apae_pj_acordacidade-4.jpg\" alt=\"Espet\u00e1culo Circense da Apae\"><figcaption>Foto: Paulo Jos\u00e9\/Acorda Cidade<\/figcaption><\/figure>\n<\/div>\n<p>No Dia Mundial da Conscientiza\u00e7\u00e3o do Autismo, celebrado nesta quarta-feira, dia 2 de abril, a Associa\u00e7\u00e3o de Pais e Amigos dos Excepcionais (Apae) de Feira de Santana, promoveu um espet\u00e1culo circense especial, voltado para crian\u00e7as e jovens autistas. O evento, que aconteceu em um ambiente adaptado \u00e0s necessidades sensoriais do p\u00fablico, teve como objetivo proporcionar uma experi\u00eancia inclusiva e l\u00fadica, al\u00e9m de chamar aten\u00e7\u00e3o para a import\u00e2ncia da conscientiza\u00e7\u00e3o sobre o autismo.<\/p>\n<figure class=\"wp-block-image size-large\"><img fetchpriority=\"high\" fetchpriority=\"high\" decoding=\"async\" width=\"1024\" height=\"473\" src=\"http:\/\/noticiasbahia360.com.br\/wp-content\/uploads\/2025\/04\/4Mh6csoR-espetaculocircesense_apae_pj_acordacidade-1-1024x473-1.webp\" alt=\"Espet\u00e1culo Circense da Apae\" class=\"wp-image-517988\" srcset=\"https:\/\/uploads.acordacidade.com.br\/2025\/04\/4Mh6csoR-espetaculocircesense_apae_pj_acordacidade-1-300x139.webp 300w, http:\/\/noticiasbahia360.com.br\/wp-content\/uploads\/2025\/04\/4Mh6csoR-espetaculocircesense_apae_pj_acordacidade-1-1024x473-1.webp 1024w, https:\/\/uploads.acordacidade.com.br\/2025\/04\/4Mh6csoR-espetaculocircesense_apae_pj_acordacidade-1-768x355.webp 768w, https:\/\/uploads.acordacidade.com.br\/2025\/04\/4Mh6csoR-espetaculocircesense_apae_pj_acordacidade-1-150x69.webp 150w, https:\/\/uploads.acordacidade.com.br\/2025\/04\/4Mh6csoR-espetaculocircesense_apae_pj_acordacidade-1.webp 1200w\" sizes=\"(max-width: 1024px) 100vw, 1024px\"><figcaption class=\"wp-element-caption\">Foto: Paulo Jos\u00e9\/Acorda Cidade<\/figcaption><\/figure>\n<p>A diretora-geral da Apae, Meire Portugal, destacou a relev\u00e2ncia da data e a necessidade de um esfor\u00e7o cont\u00ednuo para garantir a inclus\u00e3o das pessoas dentro do Transtorno do Espectro Autista (TEA) na sociedade. \u201cN\u00e3o \u00e9 apenas hoje, \u00e9 toda a semana e todos os dias que precisamos conscientizar as pessoas sobre o autismo. A ci\u00eancia j\u00e1 avan\u00e7ou muito, sabemos mais sobre as causas do TEA, mas ainda h\u00e1 muito a ser feito em termos de inclus\u00e3o\u201d, afirmou.<\/p>\n<figure class=\"wp-block-image size-large\"><img decoding=\"async\" width=\"1024\" height=\"473\" src=\"http:\/\/noticiasbahia360.com.br\/wp-content\/uploads\/2025\/04\/pFKJTenz-espetaculocircesense_apae_pj_acordacidade-2-1024x473-1.webp\" alt=\"Espet\u00e1culo Circense da Apae\" class=\"wp-image-517987\" srcset=\"https:\/\/uploads.acordacidade.com.br\/2025\/04\/pFKJTenz-espetaculocircesense_apae_pj_acordacidade-2-300x139.webp 300w, http:\/\/noticiasbahia360.com.br\/wp-content\/uploads\/2025\/04\/pFKJTenz-espetaculocircesense_apae_pj_acordacidade-2-1024x473-1.webp 1024w, https:\/\/uploads.acordacidade.com.br\/2025\/04\/pFKJTenz-espetaculocircesense_apae_pj_acordacidade-2-768x355.webp 768w, https:\/\/uploads.acordacidade.com.br\/2025\/04\/pFKJTenz-espetaculocircesense_apae_pj_acordacidade-2-150x69.webp 150w, https:\/\/uploads.acordacidade.com.br\/2025\/04\/pFKJTenz-espetaculocircesense_apae_pj_acordacidade-2.webp 1200w\" sizes=\"(max-width: 1024px) 100vw, 1024px\"><figcaption class=\"wp-element-caption\">Foto: Paulo Jos\u00e9\/Acorda Cidade<\/figcaption><\/figure>\n<p>Em entrevista ao Acorda Cidade, a diretora informou que a ideia do espet\u00e1culo circense surgiu como uma forma de levar alegria e divers\u00e3o a crian\u00e7as e jovens que, muitas vezes, n\u00e3o t\u00eam oportunidade de vivenciar experi\u00eancias como essa.<\/p>\n<p>\u201cO circo fascina a todos, mas essas crian\u00e7as raramente t\u00eam a chance de participar. Aqui, ajustamos tudo para eles: som reduzido, ambiente adaptado, tudo pensado para que possam se sentir confort\u00e1veis e aproveitar o momento\u201d, explicou.<\/p>\n<figure class=\"wp-block-image size-large\"><img decoding=\"async\" width=\"1024\" height=\"473\" src=\"http:\/\/noticiasbahia360.com.br\/wp-content\/uploads\/2025\/04\/QN5VV6iz-espetaculocircesense_apae_pj_acordacidade-3-1024x473-1.webp\" alt=\"Espet\u00e1culo Circense da Apae\" class=\"wp-image-517986\" srcset=\"https:\/\/uploads.acordacidade.com.br\/2025\/04\/QN5VV6iz-espetaculocircesense_apae_pj_acordacidade-3-300x139.webp 300w, http:\/\/noticiasbahia360.com.br\/wp-content\/uploads\/2025\/04\/QN5VV6iz-espetaculocircesense_apae_pj_acordacidade-3-1024x473-1.webp 1024w, https:\/\/uploads.acordacidade.com.br\/2025\/04\/QN5VV6iz-espetaculocircesense_apae_pj_acordacidade-3-768x355.webp 768w, https:\/\/uploads.acordacidade.com.br\/2025\/04\/QN5VV6iz-espetaculocircesense_apae_pj_acordacidade-3-150x69.webp 150w, https:\/\/uploads.acordacidade.com.br\/2025\/04\/QN5VV6iz-espetaculocircesense_apae_pj_acordacidade-3.webp 1200w\" sizes=\"(max-width: 1024px) 100vw, 1024px\"><figcaption class=\"wp-element-caption\">Foto: Paulo Jos\u00e9\/Acorda Cidade<\/figcaption><\/figure>\n<p>Atualmente, a Apae de Feira de Santana atende cerca de 400 pessoas com autismo, mas h\u00e1 o dobro desse n\u00famero em lista de espera. A entidade possui diferentes n\u00facleos para acolher os atendidos, como o Nepea e o CAE, mas enfrenta dificuldades para expandir o atendimento e garantir acesso a todos que necessitam.<\/p>\n<p>\u201cNosso maior desafio \u00e9 poder acolher todas as pessoas que buscam a Apae\u201d, ressaltou a diretora Meire Portugal.<\/p>\n<figure class=\"wp-block-image size-large\"><img decoding=\"async\" width=\"1024\" height=\"473\" src=\"http:\/\/noticiasbahia360.com.br\/wp-content\/uploads\/2025\/04\/oNsWhxES-espetaculocircesense_apae_pj_acordacidade-5-1024x473-1.webp\" alt=\"Espet\u00e1culo Circense da Apae\" class=\"wp-image-517989\" srcset=\"https:\/\/uploads.acordacidade.com.br\/2025\/04\/oNsWhxES-espetaculocircesense_apae_pj_acordacidade-5-300x139.webp 300w, http:\/\/noticiasbahia360.com.br\/wp-content\/uploads\/2025\/04\/oNsWhxES-espetaculocircesense_apae_pj_acordacidade-5-1024x473-1.webp 1024w, https:\/\/uploads.acordacidade.com.br\/2025\/04\/oNsWhxES-espetaculocircesense_apae_pj_acordacidade-5-768x355.webp 768w, https:\/\/uploads.acordacidade.com.br\/2025\/04\/oNsWhxES-espetaculocircesense_apae_pj_acordacidade-5-150x69.webp 150w, https:\/\/uploads.acordacidade.com.br\/2025\/04\/oNsWhxES-espetaculocircesense_apae_pj_acordacidade-5.webp 1200w\" sizes=\"(max-width: 1024px) 100vw, 1024px\"><figcaption class=\"wp-element-caption\">Foto: Paulo Jos\u00e9\/Acorda Cidade<\/figcaption><\/figure>\n<p>Entre os presentes no evento, a m\u00e3e Elane Paix\u00e3o de Souza elogiou a iniciativa e destacou a import\u00e2ncia desses momentos para o desenvolvimento das crian\u00e7as.<\/p>\n<p>\u201cA Apae sempre convida a gente para eventos e faz de tudo para melhorar a vida das crian\u00e7as. Eles s\u00e3o muito atenciosos, e meu filho adora participar\u201d, contou.<\/p>\n<p>Outra m\u00e3e, Jos\u00eania Nascimento Gon\u00e7alves, tamb\u00e9m expressou sua satisfa\u00e7\u00e3o com a programa\u00e7\u00e3o.<\/p>\n<p>\u201cEstou me divertindo muito, e meu filho tamb\u00e9m. O que mais me chamou aten\u00e7\u00e3o foi a m\u00fasica. A Apae est\u00e1 de parab\u00e9ns pela iniciativa\u201d, disse.<\/p>\n<p>Al\u00e9m da divers\u00e3o proporcionada pelo evento, a Apae refor\u00e7a a import\u00e2ncia da conscientiza\u00e7\u00e3o sobre o autismo e a necessidade de maior preparo da sociedade para a inclus\u00e3o.<\/p>\n<p>\u201cAs pessoas precisam conhecer o que \u00e9 o autismo e entender que os autistas devem estar em todos os lugares. Eles n\u00e3o podem ser discriminados em espa\u00e7os p\u00fablicos, e as escolas precisam estar preparadas para receb\u00ea-los\u201d, alertou a diretora.<\/p>\n<p><em>Com informa\u00e7\u00f5es do rep\u00f3rter Paulo Jos\u00e9 do Acorda Cidade<\/em><\/p>\n<p><em>Siga o Acorda Cidade no<\/em><a href=\"https:\/\/news.google.com\/search?q=acorda%20cidade&amp;hl=pt-BR&amp;gl=BR&amp;ceid=BR%3Apt-419\"><strong><em> Google Not\u00edcias<\/em><\/strong><\/a><em> e receba os principais destaques do dia. Participe tamb\u00e9m dos nossos canais no <\/em><a href=\"https:\/\/whatsapp.com\/channel\/0029Va6Rb4v3WHTNnsh8WI3N\"><strong><em>WhatsApp<\/em><\/strong><\/a><em> e <\/em><a href=\"https:\/\/www.youtube.com\/@acordacidadenoticias\/videos\"><strong>Youtube<\/strong><\/a><em> e grupo de <\/em><a href=\"https:\/\/t.me\/+sSz0khrgARA0ZmRh\"><strong><em>Telegram<\/em><\/strong><\/a><em>.<\/em><\/p>\n<\/div>\n","protected":false},"excerpt":{"rendered":"<div>\n<div>\n<figure><img decoding=\"async\" src=\"https:\/\/uploads.acordacidade.com.br\/2025\/04\/espetaculocircesense_apae_pj_acordacidade-4.jpg\" alt=\"Espet\u00e1culo Circense da Apae\"><figcaption>Foto: Paulo Jos\u00e9\/Acorda Cidade<\/figcaption><\/figure>\n<\/div>\n<p>Atualmente, a Apae de Feira de Santana atende cerca de 400 pessoas com autismo.<\/p><\/div>\n","protected":false},"author":1,"featured_media":80822,"comment_status":"closed","ping_status":"closed","sticky":false,"template":"","format":"gallery","meta":{"footnotes":""},"categories":[8,9,6,57,56,10],"tags":[],"class_list":["post-80821","post","type-post","status-publish","format-gallery","has-post-thumbnail","hentry","category-bahia","category-brasil","category-feira-de-santana","category-mundo","category-policia","category-politica","post_format-post-format-gallery"],"featured_image_urls":{"full":["https:\/\/noticiasbahia360.com.br\/wp-content\/uploads\/2025\/04\/espetaculocircesense_apae_pj_acordacidade-4.jpg",1200,554,false],"thumbnail":["https:\/\/noticiasbahia360.com.br\/wp-content\/uploads\/2025\/04\/espetaculocircesense_apae_pj_acordacidade-4-150x150.jpg",150,150,true],"medium":["https:\/\/noticiasbahia360.com.br\/wp-content\/uploads\/2025\/04\/espetaculocircesense_apae_pj_acordacidade-4-300x139.jpg",300,139,true],"medium_large":["https:\/\/noticiasbahia360.com.br\/wp-content\/uploads\/2025\/04\/espetaculocircesense_apae_pj_acordacidade-4-768x355.jpg",640,296,true],"large":["https:\/\/noticiasbahia360.com.br\/wp-content\/uploads\/2025\/04\/espetaculocircesense_apae_pj_acordacidade-4-1024x473.jpg",640,296,true],"1536x1536":["https:\/\/noticiasbahia360.com.br\/wp-content\/uploads\/2025\/04\/espetaculocircesense_apae_pj_acordacidade-4.jpg",1200,554,false],"2048x2048":["https:\/\/noticiasbahia360.com.br\/wp-content\/uploads\/2025\/04\/espetaculocircesense_apae_pj_acordacidade-4.jpg",1200,554,false],"chromenews-featured":["https:\/\/noticiasbahia360.com.br\/wp-content\/uploads\/2025\/04\/espetaculocircesense_apae_pj_acordacidade-4-1024x473.jpg",1024,473,true],"chromenews-large":["https:\/\/noticiasbahia360.com.br\/wp-content\/uploads\/2025\/04\/espetaculocircesense_apae_pj_acordacidade-4-825x554.jpg",825,554,true],"chromenews-medium":["https:\/\/noticiasbahia360.com.br\/wp-content\/uploads\/2025\/04\/espetaculocircesense_apae_pj_acordacidade-4-590x410.jpg",590,410,true]},"author_info":{"display_name":"noticiasbahia360.com.br","author_link":"https:\/\/noticiasbahia360.com.br\/?author=1"},"category_info":"<a href=\"https:\/\/noticiasbahia360.com.br\/?cat=8\" rel=\"category\">Bahia<\/a> <a href=\"https:\/\/noticiasbahia360.com.br\/?cat=9\" rel=\"category\">Brasil<\/a> <a href=\"https:\/\/noticiasbahia360.com.br\/?cat=6\" rel=\"category\">Feira de Santana<\/a> <a href=\"https:\/\/noticiasbahia360.com.br\/?cat=57\" rel=\"category\">Mundo<\/a> <a href=\"https:\/\/noticiasbahia360.com.br\/?cat=56\" rel=\"category\">Pol\u00edcia<\/a> <a href=\"https:\/\/noticiasbahia360.com.br\/?cat=10\" rel=\"category\">Pol\u00edtica<\/a>","tag_info":"Pol\u00edtica","comment_count":"0","_links":{"self":[{"href":"https:\/\/noticiasbahia360.com.br\/index.php?rest_route=\/wp\/v2\/posts\/80821","targetHints":{"allow":["GET"]}}],"collection":[{"href":"https:\/\/noticiasbahia360.com.br\/index.php?rest_route=\/wp\/v2\/posts"}],"about":[{"href":"https:\/\/noticiasbahia360.com.br\/index.php?rest_route=\/wp\/v2\/types\/post"}],"author":[{"embeddable":true,"href":"https:\/\/noticiasbahia360.com.br\/index.php?rest_route=\/wp\/v2\/users\/1"}],"replies":[{"embeddable":true,"href":"https:\/\/noticiasbahia360.com.br\/index.php?rest_route=%2Fwp%2Fv2%2Fcomments&post=80821"}],"version-history":[{"count":0,"href":"https:\/\/noticiasbahia360.com.br\/index.php?rest_route=\/wp\/v2\/posts\/80821\/revisions"}],"wp:featuredmedia":[{"embeddable":true,"href":"https:\/\/noticiasbahia360.com.br\/index.php?rest_route=\/wp\/v2\/media\/80822"}],"wp:attachment":[{"href":"https:\/\/noticiasbahia360.com.br\/index.php?rest_route=%2Fwp%2Fv2%2Fmedia&parent=80821"}],"wp:term":[{"taxonomy":"category","embeddable":true,"href":"https:\/\/noticiasbahia360.com.br\/index.php?rest_route=%2Fwp%2Fv2%2Fcategories&post=80821"},{"taxonomy":"post_tag","embeddable":true,"href":"https:\/\/noticiasbahia360.com.br\/index.php?rest_route=%2Fwp%2Fv2%2Ftags&post=80821"}],"curies":[{"name":"wp","href":"https:\/\/api.w.org\/{rel}","templated":true}]}}