{"id":80827,"date":"2025-04-02T12:17:44","date_gmt":"2025-04-02T15:17:44","guid":{"rendered":"https:\/\/noticiasbahia360.com.br\/?p=80827"},"modified":"2025-04-02T12:17:44","modified_gmt":"2025-04-02T15:17:44","slug":"justica-concede-liminar-para-que-advogado-de-correia-zezito-tenha-informacoes-sobre-o-estado-de-saude-do-ex-vereador","status":"publish","type":"post","link":"https:\/\/noticiasbahia360.com.br\/?p=80827","title":{"rendered":"Justi\u00e7a concede liminar para que advogado de Correia Zezito tenha informa\u00e7\u00f5es sobre o estado de sa\u00fade do ex-vereador"},"content":{"rendered":"<div>\n<div>\n<figure><img decoding=\"async\" src=\"http:\/\/noticiasbahia360.com.br\/wp-content\/uploads\/2025\/04\/Correia-Zezito-Foto-Paulo-Jose-Acorda-Cidade.jpg\" alt=\"Correia Zezito\"><figcaption>Foto: Paulo Jos\u00e9\/Acorda Cidade<\/figcaption><\/figure>\n<\/div>\n<p>A Justi\u00e7a da Bahia, atrav\u00e9s do juiz Nunisvaldo dos Santos, concedeu uma decis\u00e3o liminar em favor dos advogados do policial militar da reserva Jos\u00e9 da Costa Correia Filho, mais conhecido como Correia Zezito, <a href=\"https:\/\/www.acordacidade.com.br\/policia\/ex-vereador-de-feira-de-santana-e-policial-da-reserva-e-preso-para-cumprir-sancao-disciplinar\/\">atualmente custodiado na Companhia Independente de Pol\u00edcia de Guarda (CIPGd), em Feira de Santana<\/a>.<\/p>\n<p>Os advogados do ex-vereador, H\u00e9rcules Oliveira e Edipiana Oliveira, impetraram um mandado de seguran\u00e7a contra tr\u00eas oficiais da Pol\u00edcia Militar, alegando falta de acesso a informa\u00e7\u00f5es administrativas essenciais sobre as condi\u00e7\u00f5es de cumprimento da deten\u00e7\u00e3o disciplinar.<\/p>\n<p>Correia Zezito foi sancionado com 15 dias de deten\u00e7\u00e3o e, segundo laudos m\u00e9dicos, sofre de doen\u00e7as graves, incluindo hipertens\u00e3o arterial e diabetes tipo 2 de dif\u00edcil controle. Diante dessa condi\u00e7\u00e3o, os advogados solicitaram informa\u00e7\u00f5es \u00e0s unidades militares onde a penalidade seria cumprida para verificar as condi\u00e7\u00f5es estruturais e a disponibilidade de atendimento m\u00e9dico adequado.<\/p>\n<p>No entanto, os pedidos feitos em 14 e 23 de mar\u00e7o n\u00e3o foram respondidos formalmente, e um novo requerimento foi recusado.<\/p>\n<p>No documento, no qual o Acorda Cidade teve acesso, o magistrado destacou que a omiss\u00e3o das autoridades militares constitui viola\u00e7\u00e3o ao direito de acesso \u00e0 informa\u00e7\u00e3o, garantido pela Constitui\u00e7\u00e3o Federal, e ao livre exerc\u00edcio da advocacia, conforme previsto no Estatuto da Ordem dos Advogados do Brasil (OAB). O juiz ressaltou ainda que a situa\u00e7\u00e3o exp\u00f5e o impetrante a riscos de agravamento de sua sa\u00fade e que as tentativas de obten\u00e7\u00e3o de informa\u00e7\u00f5es foram indevidamente rejeitadas.<\/p>\n<p>Diante disso, foi determinada a concess\u00e3o da liminar, ordenando que as autoridades militares forne\u00e7am, em at\u00e9 24 horas, respostas sobre a estrutura das unidades designadas para o cumprimento da pena, incluindo a exist\u00eancia de assist\u00eancia m\u00e9dica, fornecimento de alimenta\u00e7\u00e3o adequada e a possibilidade de cumprimento da deten\u00e7\u00e3o em outra unidade mais apropriada. O descumprimento da ordem acarretar\u00e1 multa di\u00e1ria de R$ 5.000,00, aplicada pessoalmente aos agentes respons\u00e1veis.<\/p>\n<p>Al\u00e9m disso, a decis\u00e3o determina o envio do caso para a subse\u00e7\u00e3o da OAB de Feira de Santana e ao Comando Geral da Pol\u00edcia Militar da Bahia.<\/p>\n<p><strong>Leia tamb\u00e9m:<\/strong> <a href=\"https:\/\/www.acordacidade.com.br\/policia\/ex-vereador-de-feira-de-santana-e-policial-da-reserva-e-preso-para-cumprir-sancao-disciplinar\/\">Ex-vereador de Feira de Santana e policial da reserva \u00e9 preso para cumprir san\u00e7\u00e3o disciplinar<\/a><\/p>\n<p><em>Siga o Acorda Cidade no<\/em><a href=\"https:\/\/news.google.com\/search?q=acorda%20cidade&amp;hl=pt-BR&amp;gl=BR&amp;ceid=BR%3Apt-419\"><strong><em> Google Not\u00edcias<\/em><\/strong><\/a><em> e receba os principais destaques do dia. Participe tamb\u00e9m dos nossos canais no <\/em><a href=\"https:\/\/whatsapp.com\/channel\/0029Va6Rb4v3WHTNnsh8WI3N\"><strong><em>WhatsApp<\/em><\/strong><\/a><em> e <\/em><a href=\"https:\/\/www.youtube.com\/@acordacidadenoticias\/videos\"><strong>Youtube<\/strong><\/a><em> e grupo de <\/em><a href=\"https:\/\/t.me\/+sSz0khrgARA0ZmRh\"><strong><em>Telegram<\/em><\/strong><\/a><em>.<\/em><\/p>\n<\/div>\n","protected":false},"excerpt":{"rendered":"<div>\n<div>\n<figure><img decoding=\"async\" src=\"https:\/\/uploads.acordacidade.com.br\/wp-content\/uploads\/2023\/11\/16121627\/Correia-Zezito-Foto-Paulo-Jose-Acorda-Cidade.jpg\" alt=\"Correia Zezito\"><figcaption>Foto: Paulo Jos\u00e9\/Acorda Cidade<\/figcaption><\/figure>\n<\/div>\n<p>A decis\u00e3o determina o envio do caso para a subse\u00e7\u00e3o da OAB de Feira de Santana e ao Comando Geral da Pol\u00edcia Militar da Bahia.<\/p><\/div>\n","protected":false},"author":1,"featured_media":80828,"comment_status":"closed","ping_status":"closed","sticky":false,"template":"","format":"gallery","meta":{"footnotes":""},"categories":[8,9,6,57,56,10],"tags":[],"class_list":["post-80827","post","type-post","status-publish","format-gallery","has-post-thumbnail","hentry","category-bahia","category-brasil","category-feira-de-santana","category-mundo","category-policia","category-politica","post_format-post-format-gallery"],"featured_image_urls":{"full":["https:\/\/noticiasbahia360.com.br\/wp-content\/uploads\/2025\/04\/Correia-Zezito-Foto-Paulo-Jose-Acorda-Cidade.jpg",637,515,false],"thumbnail":["https:\/\/noticiasbahia360.com.br\/wp-content\/uploads\/2025\/04\/Correia-Zezito-Foto-Paulo-Jose-Acorda-Cidade-150x150.jpg",150,150,true],"medium":["https:\/\/noticiasbahia360.com.br\/wp-content\/uploads\/2025\/04\/Correia-Zezito-Foto-Paulo-Jose-Acorda-Cidade-300x243.jpg",300,243,true],"medium_large":["https:\/\/noticiasbahia360.com.br\/wp-content\/uploads\/2025\/04\/Correia-Zezito-Foto-Paulo-Jose-Acorda-Cidade.jpg",637,515,false],"large":["https:\/\/noticiasbahia360.com.br\/wp-content\/uploads\/2025\/04\/Correia-Zezito-Foto-Paulo-Jose-Acorda-Cidade.jpg",637,515,false],"1536x1536":["https:\/\/noticiasbahia360.com.br\/wp-content\/uploads\/2025\/04\/Correia-Zezito-Foto-Paulo-Jose-Acorda-Cidade.jpg",637,515,false],"2048x2048":["https:\/\/noticiasbahia360.com.br\/wp-content\/uploads\/2025\/04\/Correia-Zezito-Foto-Paulo-Jose-Acorda-Cidade.jpg",637,515,false],"chromenews-featured":["https:\/\/noticiasbahia360.com.br\/wp-content\/uploads\/2025\/04\/Correia-Zezito-Foto-Paulo-Jose-Acorda-Cidade.jpg",637,515,false],"chromenews-large":["https:\/\/noticiasbahia360.com.br\/wp-content\/uploads\/2025\/04\/Correia-Zezito-Foto-Paulo-Jose-Acorda-Cidade.jpg",637,515,false],"chromenews-medium":["https:\/\/noticiasbahia360.com.br\/wp-content\/uploads\/2025\/04\/Correia-Zezito-Foto-Paulo-Jose-Acorda-Cidade-590x410.jpg",590,410,true]},"author_info":{"display_name":"noticiasbahia360.com.br","author_link":"https:\/\/noticiasbahia360.com.br\/?author=1"},"category_info":"<a href=\"https:\/\/noticiasbahia360.com.br\/?cat=8\" rel=\"category\">Bahia<\/a> <a href=\"https:\/\/noticiasbahia360.com.br\/?cat=9\" rel=\"category\">Brasil<\/a> <a href=\"https:\/\/noticiasbahia360.com.br\/?cat=6\" rel=\"category\">Feira de Santana<\/a> <a href=\"https:\/\/noticiasbahia360.com.br\/?cat=57\" rel=\"category\">Mundo<\/a> <a href=\"https:\/\/noticiasbahia360.com.br\/?cat=56\" rel=\"category\">Pol\u00edcia<\/a> <a href=\"https:\/\/noticiasbahia360.com.br\/?cat=10\" rel=\"category\">Pol\u00edtica<\/a>","tag_info":"Pol\u00edtica","comment_count":"0","_links":{"self":[{"href":"https:\/\/noticiasbahia360.com.br\/index.php?rest_route=\/wp\/v2\/posts\/80827","targetHints":{"allow":["GET"]}}],"collection":[{"href":"https:\/\/noticiasbahia360.com.br\/index.php?rest_route=\/wp\/v2\/posts"}],"about":[{"href":"https:\/\/noticiasbahia360.com.br\/index.php?rest_route=\/wp\/v2\/types\/post"}],"author":[{"embeddable":true,"href":"https:\/\/noticiasbahia360.com.br\/index.php?rest_route=\/wp\/v2\/users\/1"}],"replies":[{"embeddable":true,"href":"https:\/\/noticiasbahia360.com.br\/index.php?rest_route=%2Fwp%2Fv2%2Fcomments&post=80827"}],"version-history":[{"count":0,"href":"https:\/\/noticiasbahia360.com.br\/index.php?rest_route=\/wp\/v2\/posts\/80827\/revisions"}],"wp:featuredmedia":[{"embeddable":true,"href":"https:\/\/noticiasbahia360.com.br\/index.php?rest_route=\/wp\/v2\/media\/80828"}],"wp:attachment":[{"href":"https:\/\/noticiasbahia360.com.br\/index.php?rest_route=%2Fwp%2Fv2%2Fmedia&parent=80827"}],"wp:term":[{"taxonomy":"category","embeddable":true,"href":"https:\/\/noticiasbahia360.com.br\/index.php?rest_route=%2Fwp%2Fv2%2Fcategories&post=80827"},{"taxonomy":"post_tag","embeddable":true,"href":"https:\/\/noticiasbahia360.com.br\/index.php?rest_route=%2Fwp%2Fv2%2Ftags&post=80827"}],"curies":[{"name":"wp","href":"https:\/\/api.w.org\/{rel}","templated":true}]}}