{"id":80829,"date":"2025-04-02T12:44:52","date_gmt":"2025-04-02T15:44:52","guid":{"rendered":"https:\/\/noticiasbahia360.com.br\/?p=80829"},"modified":"2025-04-02T12:44:52","modified_gmt":"2025-04-02T15:44:52","slug":"confira-os-bairros-onde-unidades-do-minha-casa-minha-vida-estarao-disponiveis-inscricoes-estao-abertas","status":"publish","type":"post","link":"https:\/\/noticiasbahia360.com.br\/?p=80829","title":{"rendered":"Confira os bairros onde unidades do Minha Casa, Minha Vida estar\u00e3o dispon\u00edveis; inscri\u00e7\u00f5es est\u00e3o abertas"},"content":{"rendered":"<div>\n<div>\n<figure><img decoding=\"async\" src=\"http:\/\/noticiasbahia360.com.br\/wp-content\/uploads\/2025\/04\/minhacasaminhavida_edsantos_acordacidade-1.jpeg\" alt=\"Minha Casa Minha Vida\"><figcaption>Foto: Ed Santos\/Acorda Cidade<\/figcaption><\/figure>\n<\/div>\n<p>Foram abertas nesta quarta-feira (2) seguem at\u00e9 16 de maio as inscri\u00e7\u00f5es para o Programa Minha Casa, Minha Vida, em Feira de Santana. O prefeito Jos\u00e9 Ronaldo de Carvalho, acompanhado do secret\u00e1rio municipal de Habita\u00e7\u00e3o Valdivan Nascimento, realizaram uma cerim\u00f4nia para explicar as etapas do processo, em que foi informado os bairros onde as1.964 unidades estar\u00e3o dispon\u00edveis.<\/p>\n<p><strong>Os bairros contemplados s\u00e3o: Liberdade, Gabriela, Campo Limpo, Asa Branca e Lagoa do Suba\u00e9.<\/strong> Segundo o secret\u00e1rio, as unidades ser\u00e3o casas e apartamentos e a entrega \u00e9 para o ano de 2026.<\/p>\n<p>\u201cEstamos iniciando as inscri\u00e7\u00f5es para cumprir algumas etapas que a legisla\u00e7\u00e3o determina. As inscri\u00e7\u00f5es come\u00e7am hoje e seguem at\u00e9 16 de maio. S\u00e3o 45 dias e a popula\u00e7\u00e3o n\u00e3o precisa de correria. A sele\u00e7\u00e3o n\u00e3o tem a ver com quem se inscreve primeiro. Estamos atendendo crit\u00e9rios da legisla\u00e7\u00e3o para que a pessoa possa participar e para que ela seja selecionada\u201d, frisou Valdivan Nascimento.<\/p>\n<figure class=\"wp-block-image size-large\"><img fetchpriority=\"high\" fetchpriority=\"high\" decoding=\"async\" width=\"1024\" height=\"768\" src=\"http:\/\/noticiasbahia360.com.br\/wp-content\/uploads\/2025\/04\/QRdph7pM-Confira-os-bairros-onde-unidades-do-Minha-Casa-Minha-Vida-estarao-disponiveis-1024x768-1.webp\" alt=\"Confira os bairros onde unidades do Minha Casa, Minha Vida estar\u00e3o dispon\u00edveis\" class=\"wp-image-518012\" srcset=\"https:\/\/uploads.acordacidade.com.br\/2025\/04\/QRdph7pM-Confira-os-bairros-onde-unidades-do-Minha-Casa-Minha-Vida-estarao-disponiveis-300x225.webp 300w, http:\/\/noticiasbahia360.com.br\/wp-content\/uploads\/2025\/04\/QRdph7pM-Confira-os-bairros-onde-unidades-do-Minha-Casa-Minha-Vida-estarao-disponiveis-1024x768-1.webp 1024w, https:\/\/uploads.acordacidade.com.br\/2025\/04\/QRdph7pM-Confira-os-bairros-onde-unidades-do-Minha-Casa-Minha-Vida-estarao-disponiveis-768x576.webp 768w, https:\/\/uploads.acordacidade.com.br\/2025\/04\/QRdph7pM-Confira-os-bairros-onde-unidades-do-Minha-Casa-Minha-Vida-estarao-disponiveis-150x113.webp 150w, https:\/\/uploads.acordacidade.com.br\/2025\/04\/QRdph7pM-Confira-os-bairros-onde-unidades-do-Minha-Casa-Minha-Vida-estarao-disponiveis.webp 1200w\" sizes=\"(max-width: 1024px) 100vw, 1024px\"><figcaption class=\"wp-element-caption\">Foto: Ed Santos\/Acorda Cidade<\/figcaption><\/figure>\n<h2 class=\"wp-block-heading\" id=\"h-inscricoes-online\">Inscri\u00e7\u00f5es online<\/h2>\n<p>O secret\u00e1rio Valdivan Nascimento informou que a estimativa \u00e9 que cerca de 50 mil pessoas v\u00e3o se inscrever no Programa Minha Casa, Minha Vida. Por esse motivo, ele destaca que a prefeitura est\u00e1 disponibilizando canais online para facilitar o atendimento.<\/p>\n<p><strong>As inscri\u00e7\u00f5es ser\u00e3o atrav\u00e9s do<a href=\"https:\/\/www.feiradesantana.ba.gov.br\/\" target=\"_blank\" rel=\"noreferrer noopener\"> site da prefeitura<\/a>, do aplicativo <a href=\"https:\/\/www.seadmdmi.feiradesantana.ba.gov.br\/falafeiraweb\/\" target=\"_blank\" rel=\"noreferrer noopener\">Fala Feira 156<\/a> e do aplicativo <a href=\"https:\/\/feiraconectada.ba.gov.br\/portal\" target=\"_blank\" rel=\"noreferrer noopener\">Feira Conectado<\/a>.<\/strong><\/p>\n<figure class=\"wp-block-image size-large\"><img decoding=\"async\" width=\"1024\" height=\"768\" src=\"http:\/\/noticiasbahia360.com.br\/wp-content\/uploads\/2025\/04\/OhPzAwnf-secretario-municipal-de-Habitacao-Valdivan-Nascimento-1024x768-1.webp\" alt=\"secret\u00e1rio municipal de Habita\u00e7\u00e3o Valdivan Nascimento\" class=\"wp-image-518011\" srcset=\"https:\/\/uploads.acordacidade.com.br\/2025\/04\/OhPzAwnf-secretario-municipal-de-Habitacao-Valdivan-Nascimento-300x225.webp 300w, http:\/\/noticiasbahia360.com.br\/wp-content\/uploads\/2025\/04\/OhPzAwnf-secretario-municipal-de-Habitacao-Valdivan-Nascimento-1024x768-1.webp 1024w, https:\/\/uploads.acordacidade.com.br\/2025\/04\/OhPzAwnf-secretario-municipal-de-Habitacao-Valdivan-Nascimento-768x576.webp 768w, https:\/\/uploads.acordacidade.com.br\/2025\/04\/OhPzAwnf-secretario-municipal-de-Habitacao-Valdivan-Nascimento-150x113.webp 150w, https:\/\/uploads.acordacidade.com.br\/2025\/04\/OhPzAwnf-secretario-municipal-de-Habitacao-Valdivan-Nascimento.webp 1200w\" sizes=\"(max-width: 1024px) 100vw, 1024px\"><figcaption class=\"wp-element-caption\">Secret\u00e1rio Municipal de Habita\u00e7\u00e3o Valdivan Nascimento | Foto: Ed Santos\/Acorda Cidade<\/figcaption><\/figure>\n<p>\u201cA inscri\u00e7\u00e3o ser\u00e1 preferencialmente online. Foi feito um sistema simples, acess\u00edvel e intuitivo que qualquer cidad\u00e3o pode acessar. Para facilitar, n\u00e3o estamos exigindo que a pessoa mande nenhum tipo de documento. Essa parte da verifica\u00e7\u00e3o de documentos ser\u00e1 feita depois, quando n\u00f3s vamos convocar os cidad\u00e3os pr\u00e9-selecionados\u201d, explicou.<\/p>\n<p>Al\u00e9m disso, o secret\u00e1rio destacou que a prefeitura est\u00e1 disponibilizando um suporte presencial para quem tem dificuldades com acesso online, atrav\u00e9s dos Cras e na sede da Secretaria de Habita\u00e7\u00e3o, com funcionamento das 8h \u00e0s 12h e das 14h \u00e0s 17h.<\/p>\n<h2 class=\"wp-block-heading\" id=\"h-novas-inscricoes\">Novas inscri\u00e7\u00f5es<\/h2>\n<p>O prefeito Jos\u00e9 Ronaldo de Carvalho falou sobre o in\u00edcio do processo de inscri\u00e7\u00f5es e pediu para que as pessoas que j\u00e1 se inscrevam em anos anteriores, voltem a realizar esse processo. Ele tamb\u00e9m orientou que as pessoas tenham calma nesse momento de inscri\u00e7\u00f5es.<\/p>\n<figure class=\"wp-block-image size-large\"><img decoding=\"async\" width=\"1024\" height=\"768\" src=\"http:\/\/noticiasbahia360.com.br\/wp-content\/uploads\/2025\/04\/hvoR1h9o-prefeito-Jose-Ronaldo-1024x768-1.webp\" alt=\"prefeito Jos\u00e9 Ronaldo\" class=\"wp-image-518010\" srcset=\"https:\/\/uploads.acordacidade.com.br\/2025\/04\/hvoR1h9o-prefeito-Jose-Ronaldo--300x225.webp 300w, http:\/\/noticiasbahia360.com.br\/wp-content\/uploads\/2025\/04\/hvoR1h9o-prefeito-Jose-Ronaldo-1024x768-1.webp 1024w, https:\/\/uploads.acordacidade.com.br\/2025\/04\/hvoR1h9o-prefeito-Jose-Ronaldo--768x576.webp 768w, https:\/\/uploads.acordacidade.com.br\/2025\/04\/hvoR1h9o-prefeito-Jose-Ronaldo--150x113.webp 150w, https:\/\/uploads.acordacidade.com.br\/2025\/04\/hvoR1h9o-prefeito-Jose-Ronaldo-.webp 1200w\" sizes=\"(max-width: 1024px) 100vw, 1024px\"><figcaption class=\"wp-element-caption\">Prefeito Jos\u00e9 Ronaldo : Foto: Ed Santos\/Acorda Cidade<\/figcaption><\/figure>\n<p>\u201cAs inscri\u00e7\u00f5es que existiam eram de 2009 e 2010, ent\u00e3o vamos atualizar com novas inscri\u00e7\u00f5es. Recomendamos que todas as pessoas que tiveram uma inscri\u00e7\u00e3o antiga, voltem a se inscrever. As pessoas podem ficar tranquilas, estamos facilitando ao m\u00e1ximo o acesso. N\u00e3o \u00e9 quem se inscreve primeiro que recebe, existem crit\u00e9rios, que ser\u00e3o seguidos rigorosamente\u201d, disse.<\/p>\n<h2 class=\"wp-block-heading\" id=\"h-etapas-da-selecao\">Etapas da sele\u00e7\u00e3o<\/h2>\n<ul class=\"wp-block-list\">\n<li>As inscri\u00e7\u00f5es para o Programa Minha Casa, Minha Vida, ser\u00e3o compostas de seis etapas:<\/li>\n<li>Primeira etapa \u00e9 da inscri\u00e7\u00e3o;<\/li>\n<li>Segunda etapa da verifica\u00e7\u00e3o de informa\u00e7\u00e3o;<\/li>\n<li>Terceira etapa da classifica\u00e7\u00e3o das fam\u00edlias, de acordo com os crit\u00e9rios;<\/li>\n<li>Quarta etapa da verifica\u00e7\u00e3o social com enquadramento nas regras do programa, com uma averigua\u00e7\u00e3o de quem realmente precisa;<\/li>\n<li>Quinta etapa da verifica\u00e7\u00e3o documental;<\/li>\n<li>\u00daltima etapa da assinatura de contrato com as fam\u00edlias.<\/li>\n<\/ul>\n<h2 class=\"wp-block-heading\" id=\"h-criterios-para-se-inscrever-no-minha-casa-minha-vida\">Crit\u00e9rios para se inscrever no Minha Casa, Minha Vida<\/h2>\n<ul class=\"wp-block-list\">\n<li>Ser morador do munic\u00edpio de Feira de Santana<\/li>\n<li>Possuir cadastro atualizado no Cad\u00fanico<\/li>\n<li>N\u00e3o ter renda mensal superior a R$ 2.850,00 (dois mil oitocentos e cinquenta reais)<\/li>\n<li>N\u00e3o possuir im\u00f3veis em seu nome<\/li>\n<li>Idade m\u00ednima de 18 anos ou casos especiais de emancipa\u00e7\u00e3o.<\/li>\n<li>OBSERVA\u00c7\u00c3O: Para a realiza\u00e7\u00e3o deste cadastro inicial n\u00e3o ser\u00e1 necess\u00e1rio enviar documenta\u00e7\u00e3o. Ser\u00e1 solicitado apenas o n\u00famero do CPF e demais informa\u00e7\u00f5es.<\/li>\n<li><strong>CRIT\u00c9RIOS DE PRIORIDADE \u2013 Portaria n\u00b0 738 de julho de 2024<\/strong><\/li>\n<li>Mulher na condi\u00e7\u00e3o de respons\u00e1vel pela unidade familiar<\/li>\n<li>Benefici\u00e1rios do Bolsa Fam\u00edlia e BPC (Benef\u00edcio de Presta\u00e7\u00e3o Continuada)<\/li>\n<li>Candidato titular ou c\u00f4njuge negro<\/li>\n<li>Pessoa com defici\u00eancia na composi\u00e7\u00e3o familiar<\/li>\n<li>Idoso na composi\u00e7\u00e3o familiar<\/li>\n<li>Crian\u00e7a ou adolescente na composi\u00e7\u00e3o familiar<\/li>\n<li>Pessoa com c\u00e2ncer ou doen\u00e7a rara cr\u00f4nica e degenerativa<\/li>\n<li>Mulheres v\u00edtimas de viol\u00eancia dom\u00e9stica e familiar na composi\u00e7\u00e3o familiar<\/li>\n<li>Situa\u00e7\u00e3o de risco e vulnerabilidade<\/li>\n<li>Integrantes de povos tradicionais e quilombolas<\/li>\n<li>Residentes em \u00e1reas de risco<\/li>\n<li>Encontrar-se em situa\u00e7\u00e3o de rua ou trajet\u00f3ria de rua<\/li>\n<\/ul>\n<blockquote class=\"wp-block-quote is-layout-flow wp-block-quote-is-layout-flow\">\n<p><strong>O secret\u00e1rio frisou que a prefeitura vai analisar esses crit\u00e9rios e as pessoas v\u00e3o somar pontos. Atrav\u00e9s desses pontos, vamos estabelecer um ranking. \u201cAssim ser\u00e1 estabelecida a ordem de prioridade e vamos dar continuidade ao processo nas demais etapas\u201d.<\/strong><\/p>\n<\/blockquote>\n<p><strong>Leia tamb\u00e9m<\/strong><\/p>\n<p><strong><a href=\"https:\/\/www.acordacidade.com.br\/brasil\/passo-a-passo-para-se-increver-no-programa-minha-casa-minha-vida\/\">Confira o passo a passo para se inscrever no programa Minha Casa, Minha Vida<\/a><\/strong><\/p>\n<p><a href=\"https:\/\/www.acordacidade.com.br\/feira-de-santana\/inscricoes-para-o-minha-casa-minha-vida-em-feira-de-santana-comecam-no-dia-2-abril\/\"><strong>Inscri\u00e7\u00f5es para o Minha Casa, Minha Vida em Feira de Santana come\u00e7am no dia 2 de abril<\/strong><\/a><\/p>\n<p><em>Com informa\u00e7\u00f5es do rep\u00f3rter Ed Santos do Acorda Cidade<\/em><\/p>\n<p><em>Siga o Acorda Cidade no<a href=\"https:\/\/news.google.com\/search?q=acorda%20cidade&amp;hl=pt-BR&amp;gl=BR&amp;ceid=BR%3Apt-419\" target=\"_blank\" rel=\"noreferrer noopener\">\u00a0Google Not\u00edcias<\/a>\u00a0e receba os principais destaques do dia.\u00a0Participe tamb\u00e9m dos nossos grupos no\u00a0<a href=\"https:\/\/chat.whatsapp.com\/Fj2agnR6CdwLEb9Uqew8QI\" target=\"_blank\" rel=\"noreferrer noopener\">WhatsApp<\/a>\u00a0e\u00a0<a href=\"https:\/\/t.me\/+sSz0khrgARA0ZmRh\" target=\"_blank\" rel=\"noreferrer noopener\">Telegram<\/a><\/em><\/p>\n<\/div>\n","protected":false},"excerpt":{"rendered":"<div>\n<div>\n<figure><img decoding=\"async\" src=\"https:\/\/uploads.acordacidade.com.br\/wp-content\/uploads\/2023\/04\/28105248\/minhacasaminhavida_edsantos_acordacidade-1.jpeg\" alt=\"Minha Casa Minha Vida\"><figcaption>Foto: Ed Santos\/Acorda Cidade<\/figcaption><\/figure>\n<\/div>\n<p>O secret\u00e1rio Valdivan Nascimento informou que a estimativa \u00e9 que cerca de 50 mil pessoas v\u00e3o se inscrever.<\/p><\/div>\n","protected":false},"author":1,"featured_media":80830,"comment_status":"closed","ping_status":"closed","sticky":false,"template":"","format":"gallery","meta":{"footnotes":""},"categories":[8,9,6,57,56,10],"tags":[],"class_list":["post-80829","post","type-post","status-publish","format-gallery","has-post-thumbnail","hentry","category-bahia","category-brasil","category-feira-de-santana","category-mundo","category-policia","category-politica","post_format-post-format-gallery"],"featured_image_urls":{"full":["https:\/\/noticiasbahia360.com.br\/wp-content\/uploads\/2025\/04\/minhacasaminhavida_edsantos_acordacidade-1.jpeg",640,360,false],"thumbnail":["https:\/\/noticiasbahia360.com.br\/wp-content\/uploads\/2025\/04\/minhacasaminhavida_edsantos_acordacidade-1-150x150.jpeg",150,150,true],"medium":["https:\/\/noticiasbahia360.com.br\/wp-content\/uploads\/2025\/04\/minhacasaminhavida_edsantos_acordacidade-1-300x169.jpeg",300,169,true],"medium_large":["https:\/\/noticiasbahia360.com.br\/wp-content\/uploads\/2025\/04\/minhacasaminhavida_edsantos_acordacidade-1.jpeg",640,360,false],"large":["https:\/\/noticiasbahia360.com.br\/wp-content\/uploads\/2025\/04\/minhacasaminhavida_edsantos_acordacidade-1.jpeg",640,360,false],"1536x1536":["https:\/\/noticiasbahia360.com.br\/wp-content\/uploads\/2025\/04\/minhacasaminhavida_edsantos_acordacidade-1.jpeg",640,360,false],"2048x2048":["https:\/\/noticiasbahia360.com.br\/wp-content\/uploads\/2025\/04\/minhacasaminhavida_edsantos_acordacidade-1.jpeg",640,360,false],"chromenews-featured":["https:\/\/noticiasbahia360.com.br\/wp-content\/uploads\/2025\/04\/minhacasaminhavida_edsantos_acordacidade-1.jpeg",640,360,false],"chromenews-large":["https:\/\/noticiasbahia360.com.br\/wp-content\/uploads\/2025\/04\/minhacasaminhavida_edsantos_acordacidade-1.jpeg",640,360,false],"chromenews-medium":["https:\/\/noticiasbahia360.com.br\/wp-content\/uploads\/2025\/04\/minhacasaminhavida_edsantos_acordacidade-1-590x360.jpeg",590,360,true]},"author_info":{"display_name":"noticiasbahia360.com.br","author_link":"https:\/\/noticiasbahia360.com.br\/?author=1"},"category_info":"<a href=\"https:\/\/noticiasbahia360.com.br\/?cat=8\" rel=\"category\">Bahia<\/a> <a href=\"https:\/\/noticiasbahia360.com.br\/?cat=9\" rel=\"category\">Brasil<\/a> <a href=\"https:\/\/noticiasbahia360.com.br\/?cat=6\" rel=\"category\">Feira de Santana<\/a> <a href=\"https:\/\/noticiasbahia360.com.br\/?cat=57\" rel=\"category\">Mundo<\/a> <a href=\"https:\/\/noticiasbahia360.com.br\/?cat=56\" rel=\"category\">Pol\u00edcia<\/a> <a href=\"https:\/\/noticiasbahia360.com.br\/?cat=10\" rel=\"category\">Pol\u00edtica<\/a>","tag_info":"Pol\u00edtica","comment_count":"0","_links":{"self":[{"href":"https:\/\/noticiasbahia360.com.br\/index.php?rest_route=\/wp\/v2\/posts\/80829","targetHints":{"allow":["GET"]}}],"collection":[{"href":"https:\/\/noticiasbahia360.com.br\/index.php?rest_route=\/wp\/v2\/posts"}],"about":[{"href":"https:\/\/noticiasbahia360.com.br\/index.php?rest_route=\/wp\/v2\/types\/post"}],"author":[{"embeddable":true,"href":"https:\/\/noticiasbahia360.com.br\/index.php?rest_route=\/wp\/v2\/users\/1"}],"replies":[{"embeddable":true,"href":"https:\/\/noticiasbahia360.com.br\/index.php?rest_route=%2Fwp%2Fv2%2Fcomments&post=80829"}],"version-history":[{"count":0,"href":"https:\/\/noticiasbahia360.com.br\/index.php?rest_route=\/wp\/v2\/posts\/80829\/revisions"}],"wp:featuredmedia":[{"embeddable":true,"href":"https:\/\/noticiasbahia360.com.br\/index.php?rest_route=\/wp\/v2\/media\/80830"}],"wp:attachment":[{"href":"https:\/\/noticiasbahia360.com.br\/index.php?rest_route=%2Fwp%2Fv2%2Fmedia&parent=80829"}],"wp:term":[{"taxonomy":"category","embeddable":true,"href":"https:\/\/noticiasbahia360.com.br\/index.php?rest_route=%2Fwp%2Fv2%2Fcategories&post=80829"},{"taxonomy":"post_tag","embeddable":true,"href":"https:\/\/noticiasbahia360.com.br\/index.php?rest_route=%2Fwp%2Fv2%2Ftags&post=80829"}],"curies":[{"name":"wp","href":"https:\/\/api.w.org\/{rel}","templated":true}]}}